{"id":11520,"date":"2026-03-03T08:43:55","date_gmt":"2026-03-03T11:43:55","guid":{"rendered":"https:\/\/grandepremio.com\/br\/noticias\/honda-prepara-correcoes-motor-salvar-aston-martin-fiasco-australia\/"},"modified":"2026-03-03T08:58:54","modified_gmt":"2026-03-03T11:58:54","slug":"honda-prepara-correcoes-motor-salvar-aston-martin-fiasco-australia","status":"publish","type":"post","link":"https:\/\/grandepremio.com\/br\/f1\/honda-prepara-correcoes-motor-salvar-aston-martin-fiasco-australia\/","title":{"rendered":"Honda prepara corre\u00e7\u00f5es em motor para salvar Aston Martin de fiasco na Austr\u00e1lia"},"content":{"rendered":"\n<p class=\"wp-block-paragraph\">A <strong>Honda <\/strong>corre contra o tempo para impedir que a participa\u00e7\u00e3o da <strong>Aston Martin <\/strong>no <strong>GP da Austr\u00e1lia<\/strong>, abertura da <strong>temporada 2026 <\/strong>da <strong>F\u00f3rmula 1<\/strong> neste fim de semana, seja um fiasco. A fabricante japonesa planeja a implementa\u00e7\u00e3o de solu\u00e7\u00f5es na unidade de pot\u00eancia, valendo-se da permiss\u00e3o que a<strong> Federa\u00e7\u00e3o Internacional de Automobilismo<\/strong> (<strong>FIA<\/strong>) concede a montadoras para que fa\u00e7am corre\u00e7\u00f5es mediante problemas de confiabilidade.<\/p>\n\n\n\n<p class=\"wp-block-paragraph\">A informa\u00e7\u00e3o \u00e9 do portal ingl\u00eas <em>PlanetF1 <\/em>desta ter\u00e7a-feira (3). A situa\u00e7\u00e3o da Aston Martin ganhou contornos dram\u00e1ticos no in\u00edcio da semana, quando o portal <em>Motorsport It\u00e1lia <\/em>publicou artigo relatando a possibilidade de o time de Silverstone <a href=\"https:\/\/www.grandepremio.com\/br\/f1\/noticias\/aston-martin-fica-sem-pecas-reposicao-motor-honda-ve-gp-australia-ameacado\/\">apenas cumprir o m\u00ednimo de voltas exigido pelo regulamento para alinhar no grid da corrida<\/a> australiana antes de recolher os carros de <strong>Fernando Alonso<\/strong> e <strong>Lance Stroll<\/strong>.<\/p>\n\n\n\n<figure class=\"wp-block-embed is-type-video is-provider-youtube wp-block-embed-youtube wp-embed-aspect-16-9 wp-has-aspect-ratio\"><div class=\"wp-block-embed__wrapper\">\n<iframe loading=\"lazy\" title=\"F1 2026 AO VIVO: PR\u00c9VIA DO GP DA AUSTR\u00c1LIA COM FERRARI, MERCEDES, AUDI E FAVORITOS | Paddock GP #445\" width=\"500\" height=\"281\" src=\"https:\/\/www.youtube.com\/embed\/mGztLsnHAMs?feature=oembed\" frameborder=\"0\" allow=\"accelerometer; autoplay; clipboard-write; encrypted-media; gyroscope; picture-in-picture; web-share\" referrerpolicy=\"strict-origin-when-cross-origin\" allowfullscreen><\/iframe>\n<\/div><\/figure>\n\n\n\n<p class=\"wp-block-paragraph\">O fim de semana, contudo, vai ser determinado pela performance de sexta-feira, nos treinos livres. Se as corre\u00e7\u00f5es derem certo, a tend\u00eancia \u00e9 que a equipe tenha uma etapa mais pr\u00f3xima da normalidade. Caso n\u00e3o funcionem, ser\u00e1 mais complicado, por\u00e9m h\u00e1 tamb\u00e9m uma expectativa positiva em torno de atualiza\u00e7\u00f5es planejadas no lado aerodin\u00e2mico.<\/p>\n\n\n\n<p class=\"wp-block-paragraph\"><strong>Adrian Newey<\/strong>, inclusive, reuniu os funcion\u00e1rios na f\u00e1brica segunda-feira e falou que a recupera\u00e7\u00e3o j\u00e1 come\u00e7ou, por\u00e9m n\u00e3o ser\u00e1 imediata. Segundo o <em>PlanetF1<\/em>, fontes internas da Aston Martin afirmam que todos est\u00e3o cientes de que resultados melhores s\u00f3 ser\u00e3o vistos na segunda metade da temporada.<\/p>\n\n\n\n<p class=\"wp-block-paragraph\">O grande problema da Aston Martin \u00e9 o motor desenvolvido pela Honda, que apresentou falha s\u00e9ria durante a pr\u00e9-temporada do <strong>Bahrein <\/strong>e comprometeu o programa de testes. No quinto dia, quando vinha em simula\u00e7\u00e3o de corrida, Alonso sofreu uma quebra e parou no meio da pista. No dia seguinte, Stroll assumiu o volante, por\u00e9m completou apenas seis voltas para coleta de dados.<\/p>\n\n\n\n<p class=\"wp-block-paragraph\">A Honda, ent\u00e3o, confirmou que <a href=\"https:\/\/www.grandepremio.com\/br\/f1\/noticias\/honda-identifica-problema-motor-aston-martin-promete-medidas-necessarias\/\">a bateria da unidade de pot\u00eancia sofreu danos por conta de &#8220;vibra\u00e7\u00f5es anormais&#8221; <\/a>causadas por v\u00e1rios fatores \u2014 entre eles, a condu\u00e7\u00e3o dos pr\u00f3prios pilotos em pista. \u00a0\u201cEm resposta a isso, estamos investigando a causa e trabalhando em medidas necess\u00e1rias. Simultaneamente, estamos trabalhando com a equipe para implementar essas medidas no carro\u201d, declarou o diretor-executivo, <strong>Ikuo Takeishi<\/strong>.<\/p>\n\n\n\n<figure class=\"wp-block-image size-large\"><img decoding=\"async\" src=\"https:\/\/www.grandepremio.com\/br\/wp-content\/uploads\/2026\/01\/motor-Honda-F1-2026-960x1200.jpg\" alt=\"\" class=\"wp-image-1051253\"\/><figcaption class=\"wp-element-caption\">O motor da Honda para a temporada 2026 da F1: montadora detectou danos na bateria (Foto: Honda)<\/figcaption><\/figure>\n\n\n\n<p class=\"wp-block-paragraph\">Para 2026, o regulamento t\u00e9cnico da F1 passou por uma revolu\u00e7\u00e3o <a href=\"https:\/\/www.grandepremio.com\/br\/f1\/noticias\/guia-2026-f1-embarca-revolucao-eletrica-promete-nova-versao-si-mesma\/\">e agora conta com motores com a parte el\u00e9trica respondendo por 50% da pot\u00eancia<\/a>. As novas unidades de pot\u00eancia foram homologadas em 1\u00ba de mar\u00e7o, o que significa que as montadoras s\u00f3 podem mexer nos projetos mediante aval da FIA.<\/p>\n\n\n\n<p class=\"wp-block-paragraph\">A&nbsp;<strong><a href=\"https:\/\/www.grandepremio.com\/br\/f1\/\" target=\"_blank\" rel=\"noreferrer noopener\"><\/a><a href=\"https:\/\/www.grandepremio.com\/br\/f1\/\" target=\"_blank\" rel=\"noreferrer noopener\">F\u00f3rmula 1<\/a><\/strong>&nbsp;retorna neste fim de semana, de 5 a 8 de mar\u00e7o, com o&nbsp;<strong>GP da Austr\u00e1lia<\/strong>, abertura da temporada 2026. O&nbsp;<strong>GRANDE PR\u00caMIO<\/strong>&nbsp;acompanha todas as atividades<a href=\"https:\/\/www.grandepremio.com\/br\/ao-vivo\/f1\/\">&nbsp;<strong>AO VIVO E EM&nbsp;<\/strong><\/a><strong><a href=\"https:\/\/www.grandepremio.com\/br\/ao-vivo\/\" target=\"_blank\" rel=\"noreferrer noopener\">TEMPO REAL<\/a><\/strong>,&nbsp;<a href=\"https:\/\/www.youtube.com\/@GrandePremio1\/streams\">al\u00e9m de classifica\u00e7\u00e3o e corrida em&nbsp;<strong>SEGUNDA TELA&nbsp;<\/strong>no YouTube<\/a>, em parceria com a&nbsp;<strong>Voz do Esporte<\/strong>. O&nbsp;<strong>Briefing&nbsp;<\/strong>chega para analisar ap\u00f3s o fim de cada dia de atividades nas redes sociais e na&nbsp;<strong>GPTV<\/strong>.<\/p>\n\n\n\n<p class=\"wp-block-paragraph\"><strong>GP da Austr\u00e1lia de F1: veja os hor\u00e1rios em Brasil, Cabo Verde,&nbsp;<a href=\"https:\/\/grandepremio.pt\/\" target=\"_blank\" rel=\"noreferrer noopener\">Portugal<\/a>, Angola e Mo\u00e7ambique:<\/strong><\/p>\n\n\n\n<figure class=\"wp-block-table\"><table class=\"has-fixed-layout\"><tbody><tr><td><strong>Sess\u00e3o<\/strong><\/td><td><strong>BRA*<\/strong><\/td><td><strong>CBV<\/strong><\/td><td><strong>POR<\/strong><br><strong>ANG<\/strong><\/td><td><strong>MOZ<\/strong><\/td><\/tr><tr><td>Treino livre 1<\/td><td>22:30<\/td><td>0:30<\/td><td>02:30<\/td><td>03:30<\/td><\/tr><tr><td>Treino livre 2<\/td><td>02:00<\/td><td>04:00<\/td><td>06:00<\/td><td>07:00<\/td><\/tr><tr><td>Treino livre 3<\/td><td>22:30<\/td><td>0:30<\/td><td>02:30<\/td><td>03:30<\/td><\/tr><tr><td>Classifica\u00e7\u00e3o<\/td><td>02:00<\/td><td>04:00<\/td><td>06:00<\/td><td>07:00<\/td><\/tr><tr><td>Corrida<\/td><td>01:00<\/td><td>03:00<\/td><td>05:00<\/td><td>06:00<\/td><\/tr><\/tbody><\/table><\/figure>\n\n\n\n<p class=\"wp-block-paragraph\"><em>*Hor\u00e1rio de Bras\u00edlia<\/em><\/p>\n\n\n\n<p class=\"wp-block-paragraph\">\u25b6\ufe0f\u00a0<strong>Inscreva-se nos dois canais do GRANDE PR\u00caMIO no YouTube:\u00a0<a href=\"https:\/\/www.youtube.com\/channel\/UC9OlHEgxoaY6QY6nWPoiqQg?sub_confirmation=1\" target=\"_blank\" rel=\"noreferrer noopener\">GP<\/a>\u00a0|\u00a0<a href=\"https:\/\/www.youtube.com\/channel\/UC9csiS6q_C3C0FYhyr1rnFA?sub_confirmation=1\" target=\"_blank\" rel=\"noreferrer noopener\">GPTV<\/a><\/strong><\/p>\n\n\n\n<h2 class=\"wp-block-heading\" id=\"h-guia-da-f1-2026-o-que-esperar-da-temporada\">GUIA DA F1 2026: o que esperar da temporada<\/h2>\n\n\n\n<p class=\"wp-block-paragraph\">\u25b6\ufe0f\u00a0<strong><a href=\"https:\/\/www.grandepremio.com\/br\/f1\/noticias\/guia-2026-charles-leclerc-inicia-novo-capitulo-ferrari-ano-decisivo-futuro-parceria\/\">Leclerc inicia novo cap\u00edtulo com Ferrari em ano decisivo para futuro da parceria<\/a>\u00a0<br><\/strong>\u25b6\ufe0f\u00a0<strong><a href=\"https:\/\/www.grandepremio.com\/br\/f1\/noticias\/guia-2026-oscar-piastri-dever-provar-nao-e-escudeiro-lando-norris-f1\/\">Piastri chega com dever de provar que n\u00e3o \u00e9 escudeiro de Norris na F1<\/a><br><\/strong>\u25b6\ufe0f\u00a0<strong><a href=\"https:\/\/www.grandepremio.com\/br\/f1\/noticias\/guia-2026-mercedes-espera-futuro-repetir-passado-dominar-nova-era-formula-1\/\">Mercedes espera futuro repetir passado para dominar nova era na F1<\/a><br><\/strong>\u25b6\ufe0f\u00a0<strong><a href=\"https:\/\/www.grandepremio.com\/br\/f1\/noticias\/guia-2026-alpine-abre-nova-era-obrigacao-acertou-all-in-flavio-briatore\/\">Alpine abre nova era sob cobran\u00e7a de mostrar que acertou em all-in de Briatore<\/a><br><\/strong>\u25b6\ufe0f\u00a0<strong><a href=\"https:\/\/www.grandepremio.com\/br\/f1\/noticias\/guia-2026-haas-busca-colher-frutos-de-reestruturacao-liderada-por-komatsu-na-f1\/\">Haas busca colher frutos de reestrutura\u00e7\u00e3o liderada por Komatsu na F1<\/a><\/strong><\/p>\n","protected":false},"excerpt":{"rendered":"<p>A Honda trabalha em corre\u00e7\u00f5es na unidade de pot\u00eancia que, se forem bem-sucedidas, permitir\u00e3o \u00e0 Aston Martin ter um fim de semana mais pr\u00f3ximo do normal na Austr\u00e1lia<\/p>\n","protected":false},"author":0,"featured_media":1001057178,"comment_status":"closed","ping_status":"closed","sticky":false,"template":"","format":"standard","meta":{"42wp_featured_image_caption":"","42wp_featured_image_credits":"","42wp_featured_video":"","42wp_featured_image_hidden":false,"42wp_authors_list":[],"footnotes":""},"categories":[2],"tags":[303,309,26271,5273,147,29516,29148,176,180,31425,28995,1753,34263,1491,28285,130,30840,485,1757,46031,34212,866,35129,31470],"42wp_author":[47147],"class_list":["post-11520","post","type-post","status-publish","format-standard","has-post-thumbnail","hentry","category-f1","tag-andy-cowell","tag-aston-martin","tag-calendario-f1","tag-classificacao-f1","tag-f1","tag-f1-2026","tag-f1-hoje","tag-fernando-alonso","tag-formula-1","tag-formula-1-2026","tag-formula-1-hoje","tag-gp-da-australia","tag-gp-da-australia-f1","tag-grande-premio","tag-grandepremio","tag-honda","tag-horarios-f1","tag-lance-stroll","tag-melbourne","tag-melbourne-2026","tag-melbourne-f1","tag-motor-honda","tag-onde-assistir-f1","tag-temporada-2026-f1","42wp_author-luana-marino"],"_links":{"self":[{"href":"https:\/\/grandepremio.com\/br\/wp-json\/wp\/v2\/posts\/11520","targetHints":{"allow":["GET"]}}],"collection":[{"href":"https:\/\/grandepremio.com\/br\/wp-json\/wp\/v2\/posts"}],"about":[{"href":"https:\/\/grandepremio.com\/br\/wp-json\/wp\/v2\/types\/post"}],"replies":[{"embeddable":true,"href":"https:\/\/grandepremio.com\/br\/wp-json\/wp\/v2\/comments?post=11520"}],"version-history":[{"count":0,"href":"https:\/\/grandepremio.com\/br\/wp-json\/wp\/v2\/posts\/11520\/revisions"}],"wp:featuredmedia":[{"embeddable":true,"href":"https:\/\/grandepremio.com\/br\/wp-json\/wp\/v2\/media\/1001057178"}],"wp:attachment":[{"href":"https:\/\/grandepremio.com\/br\/wp-json\/wp\/v2\/media?parent=11520"}],"wp:term":[{"taxonomy":"category","embeddable":true,"href":"https:\/\/grandepremio.com\/br\/wp-json\/wp\/v2\/categories?post=11520"},{"taxonomy":"post_tag","embeddable":true,"href":"https:\/\/grandepremio.com\/br\/wp-json\/wp\/v2\/tags?post=11520"},{"taxonomy":"42wp_author","embeddable":true,"href":"https:\/\/grandepremio.com\/br\/wp-json\/wp\/v2\/42wp_author?post=11520"}],"curies":[{"name":"wp","href":"https:\/\/api.w.org\/{rel}","templated":true}]}}