{"id":115208,"date":"2022-01-10T09:31:39","date_gmt":"2022-01-10T12:31:39","guid":{"rendered":"https:\/\/grandepremio.com\/br\/noticias\/art-anuncia-renovacao-com-theo-pourchaire-para-nova-participacao-na-f2-em-2022\/"},"modified":"2022-01-10T09:36:40","modified_gmt":"2022-01-10T12:36:40","slug":"art-anuncia-renovacao-com-theo-pourchaire-para-nova-participacao-na-f2-em-2022","status":"publish","type":"post","link":"https:\/\/grandepremio.com\/br\/f2\/art-anuncia-renovacao-com-theo-pourchaire-para-nova-participacao-na-f2-em-2022\/","title":{"rendered":"ART anuncia renova\u00e7\u00e3o de Pourchaire para segunda temporada na F\u00f3rmula 2"},"content":{"rendered":"\n<figure class=\"wp-block-embed is-type-video is-provider-youtube wp-block-embed-youtube wp-embed-aspect-16-9 wp-has-aspect-ratio\"><div class=\"wp-block-embed__wrapper\">\n<iframe loading=\"lazy\" title=\"SAINZ BRILHANTE E ALONSO ACIMA DO ESPERADO: OS ESPANH\u00d3IS NA F1 EM 2021\" width=\"500\" height=\"281\" src=\"https:\/\/www.youtube.com\/embed\/SrTgQff7PyA?feature=oembed\" frameborder=\"0\" allow=\"accelerometer; autoplay; clipboard-write; encrypted-media; gyroscope; picture-in-picture; web-share\" referrerpolicy=\"strict-origin-when-cross-origin\" allowfullscreen><\/iframe>\n<\/div><figcaption>SAINZ BRILHANTE E ALONSO ACIMA DO ESPERADO: OS ESPANH\u00d3IS NA F1 EM 2021<\/figcaption><\/figure>\n\n\n\n<p class=\"wp-block-paragraph\">A ART anunciou nesta segunda-feira (10) que renovou o contrato do piloto franc\u00eas Th\u00e9o Pourchaire por mais um ano, o que significa que a parceria entre o competidor e a equipe vai continuar pela terceira temporada seguida. Pourchaire vai para mais um ano de disputa na F\u00f3rmula 2 em 2022, campeonato no qual terminou com a quinta posi\u00e7\u00e3o em 2021. Seu companheiro de equipe, Christian Lundgaard, foi apenas o 12\u00ba na classifica\u00e7\u00e3o geral.<\/p>\n\n\n\n<p class=\"wp-block-paragraph\">Pourchaire assinou com a ART pela primeira vez para a disputa da F\u00f3rmula 3 de 2020, ap\u00f3s o franc\u00eas sair com o t\u00edtulo da F4 no ano anterior, quando ainda tinha somente 16 anos. Th\u00e9o se tornou o piloto mais jovem a vencer uma corrida de F3 na hist\u00f3ria com o trinfo na segunda etapa daquele ano, na \u00c1ustria. No entanto, ficou sem o t\u00edtulo \u2014 terminou em segundo lugar, superado pelo atual campe\u00e3o da F2, Oscar Piastri.<\/p>\n\n\n\n<p class=\"wp-block-paragraph\"><strong>\u25b6\ufe0f\u00a0Inscreva-se nos dois canais do GRANDE PR\u00caMIO no YouTube:\u00a0<a href=\"https:\/\/www.youtube.com\/channel\/UC9OlHEgxoaY6QY6nWPoiqQg?sub_confirmation=1\" target=\"_blank\" rel=\"noreferrer noopener\">GP<\/a>\u00a0|\u00a0<a href=\"https:\/\/www.youtube.com\/channel\/UC9csiS6q_C3C0FYhyr1rnFA?sub_confirmation=1\" target=\"_blank\" rel=\"noreferrer noopener\">GP2<\/a><\/strong><\/p>\n\n\n\n<figure class=\"wp-block-image size-large\"><img decoding=\"async\" src=\"https:\/\/www.grandepremio.com\/br\/wp-content\/uploads\/2021\/05\/E2DuJk8XEAQl4-3-1024x683.jpg\" alt=\"TH\u00c9O POURCHAIRE; F\u00d3RMULA 2; ART GRAND PRIX; M\u00d4NACO; VIT\u00d3RIA;\" class=\"wp-image-477619\"\/><figcaption>Th\u00e9o Pourchaire se tornou piloto mais jovem a vencer na F2 com triunfo em M\u00f4naco (Foto: Formula Motorsport Ltd.\/ART Grand Prix)<\/figcaption><\/figure>\n\n\n\n<p class=\"wp-block-paragraph\">Em 2021, Pourchaire fez sua estreia na F2 j\u00e1 brigando por p\u00f3dios e vit\u00f3rias, o que conseguiu pela primeira vez no GP de M\u00f4naco. Novamente, foi o piloto mais jovem a conquistar uma vit\u00f3ria na modalidade, com apenas 17 anos, nove meses e dois dias de idade. Apenas o campe\u00e3o Piastri, Robert Shwartzman, Guanyu Zhou e Dan Ticktum conseguiram terminar \u00e0 frente do franc\u00eas, que ter\u00e1 uma nova oportunidade em 2022.<\/p>\n\n\n\n<p class=\"wp-block-paragraph\">&#8220;Estou orgulhoso de continuar na F2 com a ART em 2022&#8221;, disse Pourchaire. &#8220;\u00c9 uma honra para mim trabalhar em um grande time. Ser\u00e1 nosso terceiro ano juntos e se tornou uma fam\u00edlia para mim. Gostaria de agradecer \u00e0 Academia Sauber por me acompanhar novamente. Ser\u00e1 um ano ocupado e quero me divertir e ganhar experi\u00eancia para o futuro. Estamos mais determinados do que nunca e mirando o t\u00edtulo da F2&#8221;, completou.<\/p>\n","protected":false},"excerpt":{"rendered":"<p>Quinto colocado em 2021 e piloto mais jovem a vencer na F2, Th\u00e9o Pourchaire renovou com a ART e ter\u00e1 nova oportunidade de disputar o t\u00edtulo da categoria em 2022<\/p>\n","protected":false},"author":0,"featured_media":1000477620,"comment_status":"closed","ping_status":"closed","sticky":false,"template":"","format":"standard","meta":{"42wp_featured_image_caption":"","42wp_featured_image_credits":"","42wp_featured_video":"","42wp_featured_image_hidden":false,"42wp_authors_list":[],"footnotes":""},"categories":[9],"tags":[6086,649,111,29651,25933,29650,3746,2916,24999,26113],"42wp_author":[47142],"class_list":["post-115208","post","type-post","status-publish","format-standard","has-post-thumbnail","hentry","category-f2","tag-art","tag-christian-lundgaard","tag-f2","tag-f2-2022","tag-formula-2-3","tag-formula-2-2022","tag-guanyu-zhou","tag-oscar-piastri","tag-renovacao","tag-theo-pourchaire-2","42wp_author-jp-nascimento"],"_links":{"self":[{"href":"https:\/\/grandepremio.com\/br\/wp-json\/wp\/v2\/posts\/115208","targetHints":{"allow":["GET"]}}],"collection":[{"href":"https:\/\/grandepremio.com\/br\/wp-json\/wp\/v2\/posts"}],"about":[{"href":"https:\/\/grandepremio.com\/br\/wp-json\/wp\/v2\/types\/post"}],"replies":[{"embeddable":true,"href":"https:\/\/grandepremio.com\/br\/wp-json\/wp\/v2\/comments?post=115208"}],"version-history":[{"count":0,"href":"https:\/\/grandepremio.com\/br\/wp-json\/wp\/v2\/posts\/115208\/revisions"}],"wp:featuredmedia":[{"embeddable":true,"href":"https:\/\/grandepremio.com\/br\/wp-json\/wp\/v2\/media\/1000477620"}],"wp:attachment":[{"href":"https:\/\/grandepremio.com\/br\/wp-json\/wp\/v2\/media?parent=115208"}],"wp:term":[{"taxonomy":"category","embeddable":true,"href":"https:\/\/grandepremio.com\/br\/wp-json\/wp\/v2\/categories?post=115208"},{"taxonomy":"post_tag","embeddable":true,"href":"https:\/\/grandepremio.com\/br\/wp-json\/wp\/v2\/tags?post=115208"},{"taxonomy":"42wp_author","embeddable":true,"href":"https:\/\/grandepremio.com\/br\/wp-json\/wp\/v2\/42wp_author?post=115208"}],"curies":[{"name":"wp","href":"https:\/\/api.w.org\/{rel}","templated":true}]}}