{"id":115238,"date":"2022-01-07T13:20:28","date_gmt":"2022-01-07T16:20:28","guid":{"rendered":"https:\/\/grandepremio.com\/br\/noticias\/bruno-baptista-anuncia-alan-hellmeister-parceiro-para-corrida-de-duplas-stock-car\/"},"modified":"2022-01-07T13:20:38","modified_gmt":"2022-01-07T16:20:38","slug":"bruno-baptista-anuncia-alan-hellmeister-parceiro-para-corrida-de-duplas-stock-car","status":"publish","type":"post","link":"https:\/\/grandepremio.com\/br\/stock-car\/bruno-baptista-anuncia-alan-hellmeister-parceiro-para-corrida-de-duplas-stock-car\/","title":{"rendered":"Bruno Baptista anuncia Hellmeister como parceiro para Corrida de Duplas da Stock Car"},"content":{"rendered":"\n<figure class=\"wp-block-embed is-type-video is-provider-youtube wp-block-embed-youtube wp-embed-aspect-16-9 wp-has-aspect-ratio\"><div class=\"wp-block-embed__wrapper\">\n<iframe loading=\"lazy\" title=\"ASTON MARTIN AINDA SE COMPORTA COMO UMA DAS EQUIPES DO FUTURO NA F1\" width=\"500\" height=\"281\" src=\"https:\/\/www.youtube.com\/embed\/ovoLZeROdiE?feature=oembed\" frameborder=\"0\" allow=\"accelerometer; autoplay; clipboard-write; encrypted-media; gyroscope; picture-in-picture; web-share\" referrerpolicy=\"strict-origin-when-cross-origin\" allowfullscreen><\/iframe>\n<\/div><figcaption>ASTON MARTIN AINDA SE COMPORTA COMO UMA DAS EQUIPES DO FUTURO NA F1<\/figcaption><\/figure>\n\n\n\n<p class=\"wp-block-paragraph\">A Stock Car ter\u00e1, em 2022, o retorno da Corrida de Duplas. A etapa vai marcar a abertura do calend\u00e1rio, no dia 13 de fevereiro, em Interlagos. E as parcerias para o evento come\u00e7am a ser formadas. Nesta sexta-feira (7), Bruno Baptista anunciou que vai correr ao lado de Alan Hellmeister, pentacampe\u00e3o da Porsche Cup.<\/p>\n\n\n\n<p class=\"wp-block-paragraph\">&#8220;Come\u00e7ar a principal disputa do nosso automobilismo com uma prova de duplas \u00e9 ainda mais empolgante para qualquer um dos participantes. Imagine, ent\u00e3o, para mim e o Team RC, que convidamos um parceiro como o Hellmeister. Ele foi o meu coach desde que passei a correr de monopostos, em 2014, quando conquistei o primeiro t\u00edtulo sul-americano de F\u00f3rmula 4, em 2014, com 16 anos&#8221;, disse Baptista.<\/p>\n\n\n\n<p class=\"wp-block-paragraph\">&#8220;Logo depois, continuou me treinando e ensinando os principais truques de pilotagem nas principais categorias de monopostos em que competi na Europa, onde at\u00e9 moramos juntos por dois anos seguidos em Barcelona&#8221;, completou.<\/p>\n\n\n\n<p class=\"wp-block-paragraph\"><strong>\u25b6\ufe0f\u00a0Inscreva-se nos dois canais do GRANDE PR\u00caMIO no YouTube:\u00a0<a href=\"https:\/\/www.youtube.com\/channel\/UC9OlHEgxoaY6QY6nWPoiqQg?sub_confirmation=1\" target=\"_blank\" rel=\"noreferrer noopener\">GP<\/a>\u00a0|\u00a0<a href=\"https:\/\/www.youtube.com\/channel\/UC9csiS6q_C3C0FYhyr1rnFA?sub_confirmation=1\" target=\"_blank\" rel=\"noreferrer noopener\">GP2<\/a><\/strong><\/p>\n\n\n\n<figure class=\"wp-block-image size-large\"><img decoding=\"async\" src=\"https:\/\/www.grandepremio.com\/br\/wp-content\/uploads\/2021\/06\/393199_972729_bruno_baptista_velocitta_3_carsten_horst_hyset-1024x683.jpg\" alt=\"\" class=\"wp-image-483765\"\/><figcaption>Bruno Baptista em a\u00e7\u00e3o na temporada 2021 da Stock Car (Rodrigo Fran\u00e7a\/RF1)<\/figcaption><\/figure>\n\n\n\n<p class=\"wp-block-paragraph\">Os pilotos convidados ser\u00e3o divididos em tr\u00eas categorias pela Stock Car: Ouro (aqueles que j\u00e1 venceram provas de Stock Car); Prata (que j\u00e1 tiveram participa\u00e7\u00e3o em edi\u00e7\u00f5es passadas da pr\u00f3pria Corrida de Duplas ou em provas isoladas do campeonato da categoria, com classifica\u00e7\u00e3o entre os 10 primeiros colocados); e, Bronze (sem participa\u00e7\u00e3o pr\u00e9via em provas de Stock Car).<\/p>\n\n\n\n<p class=\"wp-block-paragraph\">Com isso, o regulamento prev\u00ea um sistema de equaliza\u00e7\u00e3o do lastro. Os pilotos Ouro, v\u00e3o levar 30 kg a mais do que os Prata, enquanto os integrantes Bronze n\u00e3o v\u00e3o contar com a adi\u00e7\u00e3o de peso. Hellmeister, por exemplo, entra na classe Prata.<\/p>\n\n\n\n<p class=\"wp-block-paragraph\">&#8220;N\u00f3s escolhemos o Alan Hellmeister por ser um piloto experiente e muito r\u00e1pido em outras categorias. Al\u00e9m disso, a equipe e o pr\u00f3prio Bruno t\u00eam bom entrosamento com ele. J\u00e1 correu bem de Stock e, por isso, teremos que ter 10 kg a mais de peso extra no carro, o \u00fanico inconveniente. Por\u00e9m, temos certeza que ser\u00e1 competitivo e n\u00e3o dever\u00e1 demorar para se adaptar ao nosso Toyota Corolla nos dois treinos de 30 minutos cada que ter\u00e1 antes de sua prova&#8221;, comentou Marcel Campos, chefe da RC.<\/p>\n\n\n\n<p class=\"wp-block-paragraph\">As duas corridas de domingo ter\u00e3o 30 minutos de dura\u00e7\u00e3o, cada uma, mais uma volta, da mesma forma do que uma etapa normal do ano passado e das pr\u00f3ximas desta temporada, quando s\u00e3o disputadas apenas por um participante oficial.<\/p>\n\n\n\n<p class=\"wp-block-paragraph\"><strong>Conhe\u00e7a o canal do Grande Pr\u00eamio no YouTube! Clique\u00a0<a target=\"_blank\" href=\"https:\/\/youtube.com\/GrandePremioTV\" rel=\"noreferrer noopener\">aqui<\/a>.<\/strong><br><strong>Siga o Grande Pr\u00eamio no\u00a0<a target=\"_blank\" href=\"https:\/\/twitter.com\/grandepremio\" rel=\"noreferrer noopener\">Twitter\u00a0<\/a>e no\u00a0<a target=\"_blank\" href=\"https:\/\/instagram.com\/grandepremio\" rel=\"noreferrer noopener\">Instagram<\/a>!<\/strong><br><strong><a href=\"https:\/\/www.grandepremio.com\/br\/rally\/\">Confira tudo sobre o Dakar 2022 aqui<\/a><\/strong><\/p>\n","protected":false},"excerpt":{"rendered":"<p>Bruno Baptista escolheu Alan Hellmeister como companheiro para a disputa da abertura da temporada 2022 da Stock Car, em Interlagos<\/p>\n","protected":false},"author":0,"featured_media":1000474507,"comment_status":"closed","ping_status":"closed","sticky":false,"template":"","format":"standard","meta":{"42wp_featured_image_caption":"","42wp_featured_image_credits":"","42wp_featured_video":"","42wp_featured_image_hidden":false,"42wp_authors_list":[],"footnotes":""},"categories":[11],"tags":[394,74,124,395,69,1170],"42wp_author":[47135],"class_list":["post-115238","post","type-post","status-publish","format-standard","has-post-thumbnail","hentry","category-stock-car","tag-bruno-baptista","tag-corrida-duplas","tag-interlagos","tag-rcm","tag-stock-car","tag-stock-car-2021","42wp_author-pedro-luis-cuenca"],"_links":{"self":[{"href":"https:\/\/grandepremio.com\/br\/wp-json\/wp\/v2\/posts\/115238","targetHints":{"allow":["GET"]}}],"collection":[{"href":"https:\/\/grandepremio.com\/br\/wp-json\/wp\/v2\/posts"}],"about":[{"href":"https:\/\/grandepremio.com\/br\/wp-json\/wp\/v2\/types\/post"}],"replies":[{"embeddable":true,"href":"https:\/\/grandepremio.com\/br\/wp-json\/wp\/v2\/comments?post=115238"}],"version-history":[{"count":0,"href":"https:\/\/grandepremio.com\/br\/wp-json\/wp\/v2\/posts\/115238\/revisions"}],"wp:featuredmedia":[{"embeddable":true,"href":"https:\/\/grandepremio.com\/br\/wp-json\/wp\/v2\/media\/1000474507"}],"wp:attachment":[{"href":"https:\/\/grandepremio.com\/br\/wp-json\/wp\/v2\/media?parent=115238"}],"wp:term":[{"taxonomy":"category","embeddable":true,"href":"https:\/\/grandepremio.com\/br\/wp-json\/wp\/v2\/categories?post=115238"},{"taxonomy":"post_tag","embeddable":true,"href":"https:\/\/grandepremio.com\/br\/wp-json\/wp\/v2\/tags?post=115238"},{"taxonomy":"42wp_author","embeddable":true,"href":"https:\/\/grandepremio.com\/br\/wp-json\/wp\/v2\/42wp_author?post=115238"}],"curies":[{"name":"wp","href":"https:\/\/api.w.org\/{rel}","templated":true}]}}