{"id":115244,"date":"2022-01-07T10:17:16","date_gmt":"2022-01-07T13:17:16","guid":{"rendered":"https:\/\/grandepremio.com\/br\/noticias\/daniel-sanders-vence-etapa-encurtada-motos-dakar-sam-sunderland-mantem-lideranca\/"},"modified":"2022-01-07T10:33:20","modified_gmt":"2022-01-07T13:33:20","slug":"daniel-sanders-vence-etapa-encurtada-motos-dakar-sam-sunderland-mantem-lideranca","status":"publish","type":"post","link":"https:\/\/grandepremio.com\/br\/rally\/daniel-sanders-vence-etapa-encurtada-motos-dakar-sam-sunderland-mantem-lideranca\/","title":{"rendered":"Sanders vence etapa encurtada das motos no Dakar. Sunderland mant\u00e9m lideran\u00e7a"},"content":{"rendered":"\n<figure class=\"wp-block-embed is-type-video is-provider-youtube wp-block-embed-youtube wp-embed-aspect-16-9 wp-has-aspect-ratio\"><div class=\"wp-block-embed__wrapper\">\n<iframe loading=\"lazy\" title=\"ASTON MARTIN AINDA SE COMPORTA COMO UMA DAS EQUIPES DO FUTURO NA F1\" width=\"500\" height=\"281\" src=\"https:\/\/www.youtube.com\/embed\/ovoLZeROdiE?feature=oembed\" frameborder=\"0\" allow=\"accelerometer; autoplay; clipboard-write; encrypted-media; gyroscope; picture-in-picture; web-share\" referrerpolicy=\"strict-origin-when-cross-origin\" allowfullscreen><\/iframe>\n<\/div><figcaption>ASTON MARTIN AINDA SE COMPORTA COMO UMA DAS EQUIPES DO FUTURO NA F1<\/figcaption><\/figure>\n\n\n\n<p class=\"wp-block-paragraph\"><strong>6\u00aa etapa \u2013 Riad \u2013 Riad<\/strong><br><strong>Trecho de especial: 101 km<br>Deslocamentos: 216 km<br>Trecho total: 317 km<\/strong><\/p>\n\n\n\n<p class=\"wp-block-paragraph\">A sexta etapa do Dakar foi ca\u00f3tica, de novo, para as motos. Com apenas 100 quil\u00f4metros percorridos, a especial foi interrompida de maneira precoce e deu a vit\u00f3ria para Daniel Sanders, com 51min43s. Sam Sunderland, o l\u00edder na classifica\u00e7\u00e3o geral, terminou o dia em segundo lugar.<\/p>\n\n\n\n<p class=\"wp-block-paragraph\">A etapa desta sexta-feira (7), que saiu e chegou em Riad, foi encurtada por decis\u00e3o da organiza\u00e7\u00e3o. Prevista para ter 404 km inicialmente, a prova das motos e dos quads n\u00e3o teve sequer metade.<\/p>\n\n\n\n<p class=\"wp-block-paragraph\">&#8220;A corrida das motos e quads se encerraram no primeiro ponto de cronometragem. A degrada\u00e7\u00e3o da pista pela passagem de carros e caminh\u00f5es ontem, somando a fortes chuvas recentes, deixaram o restante do caminho intransit\u00e1vel. Os tempos da etapa 6 ser\u00e3o estabelecidos pela passagem no km 101&#8221;, disse a organiza\u00e7\u00e3o do Dakar em comunicado.<\/p>\n\n\n\n<figure class=\"wp-block-image size-large\"><img decoding=\"async\" src=\"https:\/\/www.grandepremio.com\/br\/wp-content\/uploads\/2022\/01\/SI202201070345_hires_jpeg_24bit_rgb-1024x683.jpg\" alt=\"\" class=\"wp-image-535368\"\/><figcaption>Daniel Sanders em a\u00e7\u00e3o na curta etapa em Riad (Foto: Red Bull Content Pool)<\/figcaption><\/figure>\n\n\n\n<p class=\"wp-block-paragraph\"><strong>\u25b6\ufe0f\u00a0Inscreva-se nos dois canais do GRANDE PR\u00caMIO no YouTube:\u00a0<a href=\"https:\/\/www.youtube.com\/channel\/UC9OlHEgxoaY6QY6nWPoiqQg?sub_confirmation=1\" target=\"_blank\" rel=\"noreferrer noopener\">GP<\/a>\u00a0|\u00a0<a href=\"https:\/\/www.youtube.com\/channel\/UC9csiS6q_C3C0FYhyr1rnFA?sub_confirmation=1\" target=\"_blank\" rel=\"noreferrer noopener\">GP2<\/a><\/strong><\/p>\n\n\n\n<p class=\"wp-block-paragraph\">Com isso, a GasGas fez dobradinha em Riad. Vit\u00f3ria de Daniel Sanders, seguido por Sam Sunderland. Matthias Walkner foi o terceiro, seguido por Pablo Quintanilla e Ricky Brabec. Mason Klein, Stefen Svitko, Alan Van Beveren, Toby Price e Joaquim Rodrigues fecharam o top-10. Vencedor da etapa de ontem, Danilo Petrucci n\u00e3o passou do 40\u00ba lugar.<\/p>\n\n\n\n<p class=\"wp-block-paragraph\">Na classifica\u00e7\u00e3o geral, Sunderland segue na frente, agora com 2min39s de vantagem para Walkner. Sanders, Van Beveren e Quintanilla completam os cinco melhores.<\/p>\n\n\n\n<h3 class=\"wp-block-heading\"><strong>Quads: Maksimov supera Giroud por apenas 9s e vence<\/strong><\/h3>\n\n\n\n<p class=\"wp-block-paragraph\">Nos quads, a vit\u00f3ria ficou com Aleksandr Maksimov em 1h10min10s, apenas 9s na frente de Alexander Giroud. S\u00e9bastien Souday fechou o p\u00f3dio do dia, na tamb\u00e9m encurtada prova em Riad.<\/p>\n\n\n\n<p class=\"wp-block-paragraph\">Com os resultados da sexta etapa, Giroud segue l\u00edder absoluto na classifica\u00e7\u00e3o geral, seguido por Pablo Copetti, Maksimov, Kamil Wisniewski e Francisco Moreno completando o top-5.<\/p>\n\n\n\n<h3 class=\"wp-block-heading\"><strong>Dakar 2022, Motos, 6\u00aa etapa:<\/strong><\/h3>\n\n\n\n<figure class=\"wp-block-table is-style-stripes\"><table><tbody><tr><td>1<\/td><td>S SUNDERLAND<\/td><td>GasGas<\/td><td>19:55:59<\/td><td><\/td><\/tr><tr><td>2<\/td><td>M WALKNER<\/td><td>KTM<\/td><td>19:58:38<\/td><td>0:02:39<\/td><\/tr><tr><td>3<\/td><td>D SANDERS<\/td><td>GasGas<\/td><td>20:01:34<\/td><td>0:05:35<\/td><\/tr><tr><td>4<\/td><td>A VAN BEVEREN<\/td><td>Yamaha<\/td><td>20:03:42<\/td><td>0:07:43<\/td><\/tr><tr><td>5<\/td><td>P QUINTANILLA<\/td><td>Honda<\/td><td>20:13:43<\/td><td>0:17:44<\/td><\/tr><tr><td>6<\/td><td>L SANTOLINO<\/td><td>Sherco<\/td><td>20:14:21<\/td><td>0:18:22<\/td><\/tr><tr><td>7<\/td><td>S SVITKO<\/td><td>Slovnaft<\/td><td>20:20:28<\/td><td>0:24:29<\/td><\/tr><tr><td>8<\/td><td>K BENAVIDES<\/td><td>KTM<\/td><td>20:20:55<\/td><td>0:24:56<\/td><\/tr><tr><td>9<\/td><td>J BARREDA BORT<\/td><td>Honda<\/td><td>20:21:58<\/td><td>0:25:59<\/td><\/tr><tr><td>10<\/td><td>M KLEIN<\/td><td>KTM<\/td><td>20:33:07<\/td><td>0:37:08<\/td><\/tr><\/tbody><\/table><\/figure>\n","protected":false},"excerpt":{"rendered":"<p>A sexta etapa das motos no Dakar teve apenas 25% do percurso previsto. No fim, vit\u00f3ria de Daniel Sanders, acompanhado de perto pelo parceiro Sam Sunderland. Destaque do dia anterior, Danilo Petrucci n\u00e3o passou do 40\u00ba lugar<\/p>\n","protected":false},"author":0,"featured_media":1000535367,"comment_status":"closed","ping_status":"closed","sticky":false,"template":"","format":"standard","meta":{"42wp_featured_image_caption":"","42wp_featured_image_credits":"","42wp_featured_video":"","42wp_featured_image_hidden":false,"42wp_authors_list":[],"footnotes":""},"categories":[5],"tags":[25074,853,30455,142,1000,233,618,30448,1182],"42wp_author":[47135],"class_list":["post-115244","post","type-post","status-publish","format-standard","has-post-thumbnail","hentry","category-rally","tag-arabia-saudita-2","tag-dakar","tag-daniel-sanders","tag-danilo-petrucci","tag-motos","tag-rali","tag-rali-dakar","tag-rali-dakar-2022","tag-sam-sunderland","42wp_author-pedro-luis-cuenca"],"_links":{"self":[{"href":"https:\/\/grandepremio.com\/br\/wp-json\/wp\/v2\/posts\/115244","targetHints":{"allow":["GET"]}}],"collection":[{"href":"https:\/\/grandepremio.com\/br\/wp-json\/wp\/v2\/posts"}],"about":[{"href":"https:\/\/grandepremio.com\/br\/wp-json\/wp\/v2\/types\/post"}],"replies":[{"embeddable":true,"href":"https:\/\/grandepremio.com\/br\/wp-json\/wp\/v2\/comments?post=115244"}],"version-history":[{"count":0,"href":"https:\/\/grandepremio.com\/br\/wp-json\/wp\/v2\/posts\/115244\/revisions"}],"wp:featuredmedia":[{"embeddable":true,"href":"https:\/\/grandepremio.com\/br\/wp-json\/wp\/v2\/media\/1000535367"}],"wp:attachment":[{"href":"https:\/\/grandepremio.com\/br\/wp-json\/wp\/v2\/media?parent=115244"}],"wp:term":[{"taxonomy":"category","embeddable":true,"href":"https:\/\/grandepremio.com\/br\/wp-json\/wp\/v2\/categories?post=115244"},{"taxonomy":"post_tag","embeddable":true,"href":"https:\/\/grandepremio.com\/br\/wp-json\/wp\/v2\/tags?post=115244"},{"taxonomy":"42wp_author","embeddable":true,"href":"https:\/\/grandepremio.com\/br\/wp-json\/wp\/v2\/42wp_author?post=115244"}],"curies":[{"name":"wp","href":"https:\/\/api.w.org\/{rel}","templated":true}]}}