{"id":115261,"date":"2022-01-06T08:28:05","date_gmt":"2022-01-06T11:28:05","guid":{"rendered":"https:\/\/grandepremio.com\/br\/noticias\/henk-lategan-vence-especial-riad-problema-porta-nasser-al-attiyah-segue-lider-dakar\/"},"modified":"2022-01-06T09:02:59","modified_gmt":"2022-01-06T12:02:59","slug":"henk-lategan-vence-especial-riad-problema-porta-nasser-al-attiyah-segue-lider-dakar","status":"publish","type":"post","link":"https:\/\/grandepremio.com\/br\/rally\/henk-lategan-vence-especial-riad-problema-porta-nasser-al-attiyah-segue-lider-dakar\/","title":{"rendered":"Lategan vence em Riad mesmo com problema na porta. Al-Attiyah segue l\u00edder do Dakar"},"content":{"rendered":"\n<p class=\"wp-block-paragraph\"><strong>5\u00aa etapa \u2013 Riad \u2013 Riad<\/strong><br>Trecho de especial: 421 km<br>Deslocamentos: 214 km<br>Trecho total: 560 km<\/p>\n\n\n\n<p class=\"wp-block-paragraph\">A Toyota venceu mais uma especial no Dakar 2022. Mas, desta vez, n\u00e3o se trata de Nasser Al-Attiyah, que segue l\u00edder da classifica\u00e7\u00e3o geral depois da quinta etapa da prova, realizada ao redor da capital da Ar\u00e1bia Saudita, Riad. Henk Lategan triunfou nesta quinta-feira (5) ao lado do compatriota, o navegador sul-africano Brett Cummings, mesmo depois de enfrentar problemas ao longo de quase toda a especial com a porta do lado do piloto no seu Hilux.<\/p>\n\n\n\n<p class=\"wp-block-paragraph\">A dupla do carro #225 completou a etapa em 3h53min28s, 1min58s mais r\u00e1pido que S\u00e9bastien Loeb e Fabian Lurquin, que competem com prot\u00f3tipo Prodrive da equipe BRX. A terceira posi\u00e7\u00e3o ficou com outra dupla da Toyota, formada pelo piloto argentino L\u00facio \u00c1lvarez e o navegador espanhol Armand Monle\u00f3n.<\/p>\n\n\n\n<figure class=\"wp-block-image size-large\"><img decoding=\"async\" src=\"https:\/\/www.grandepremio.com\/br\/wp-content\/uploads\/2022\/01\/FIaR0aTXwAIukeR-1024x682.jpg\" alt=\"HENK LATEGAN; PORTA; TOYOTA; RIAD; AR\u00c1BIA SAUDITA; DAKAR; DAKAR 2022;\" class=\"wp-image-535235\"\/><figcaption>Henk Lategan venceu a especial desta quinta-feira mesmo com problema na porta (Foto: Dakar\/ASO\/Twitter)<\/figcaption><\/figure>\n\n\n\n<p class=\"wp-block-paragraph\"><strong>\u25b6\ufe0f&nbsp;Inscreva-se nos dois canais do GRANDE PR\u00caMIO no YouTube:&nbsp;<a href=\"https:\/\/www.youtube.com\/channel\/UC9OlHEgxoaY6QY6nWPoiqQg?sub_confirmation=1\" target=\"_blank\" rel=\"noreferrer noopener\">GP<\/a>&nbsp;|&nbsp;<a href=\"https:\/\/www.youtube.com\/channel\/UC9csiS6q_C3C0FYhyr1rnFA?sub_confirmation=1\" target=\"_blank\" rel=\"noreferrer noopener\">GP2<\/a><\/strong><\/p>\n\n\n\n<p class=\"wp-block-paragraph\">J\u00e1 a dupla l\u00edder da classifica\u00e7\u00e3o geral teve um dia ok. Nasser Al-Attiyah e Matthieu Baumel terminaram em oitavo a especial em Riad, mas cruzaram a zona de meta a menos de 2min de atraso para Loeb e Lurquin, o que consolida uma lideran\u00e7a ainda folgada na tabela de tempos no acumulado de cinco dias.<\/p>\n\n\n\n<p class=\"wp-block-paragraph\">Em contrapartida, a jornada no Dakar segue dur\u00edssima para a Audi neste ano de debute do prot\u00f3tipo el\u00e9trico RS Q etron. <a href=\"https:\/\/www.grandepremio.com\/br\/rally\/noticias\/carlos-sainz-audi-primeira-vitoria-etapa-3-rali-dakar-nasser-al-attiyah-lidera\/\">Carlos Sainz e Lucas Cruz, vencedores da especial de ter\u00e7a-feira<\/a>, enfrentaram problemas no amortecedor e cruzaram a zona de meta com 1h03min34s de atraso para a dupla vencedora do dia. Mattias Ekstr\u00f6m, por sua vez, vivenciou um dia menos complicado e foi o 20\u00ba no geral.<\/p>\n\n\n\n<p class=\"wp-block-paragraph\">J\u00e1 o multicampe\u00e3o, St\u00e9phane Peterhansel, que chegou a andar entre os primeiros no come\u00e7o da especial, tamb\u00e9m teve problemas no amortecedor e ficou com o carro parado. At\u00e9 o momento, o franc\u00eas, que corre ao lado do navegador Edouard Boulanger, n\u00e3o completou a etapa, assim como a dupla brasileira formada por Marcelo Gastaldi e Cadu Sachs, que correm com buggy da Century.<\/p>\n\n\n\n<p class=\"wp-block-paragraph\">Al-Attiyah manteve a ponta do Dakar e agora est\u00e1 35min10s \u00e0 frente de Loeb, enquanto L\u00facio \u00c1lvarez segue em terceiro. Piloto da casa, o saudita Yazeed Al-Rajhi \u00e9 o quarto ao lado do navegador Michael Orr, enquanto a dupla formada pelo russo Vladimir Vasilyev e Oleg Operenko, da Let\u00f4nia, est\u00e1 na quinta posi\u00e7\u00e3o.<\/p>\n\n\n\n<p class=\"wp-block-paragraph\">Carlos Sainz aparece s\u00f3 em 21\u00ba, enquanto Henk Lategan \u00e9 apenas o 30\u00ba na classifica\u00e7\u00e3o geral.<\/p>\n\n\n\n<h3 class=\"wp-block-heading\">Quintero vence mais uma, mas \u2018Chaleco\u2019 lidera nos prot\u00f3tipos leves<\/h3>\n\n\n\n<p class=\"wp-block-paragraph\">Seth Quintero venceu a quarta das cinco etapas do Dakar nos prot\u00f3tipos leves. Entretanto, por ter amargado enorme rev\u00e9s na segunda especial, quando terminou em 41\u00ba lugar, o norte-americano tem de remar muito para se aproximar do l\u00edder da classifica\u00e7\u00e3o geral, o chileno Francisco \u2018Chaleco\u2019 L\u00f3pez.<\/p>\n\n\n\n<figure class=\"wp-block-image size-large\"><img decoding=\"async\" src=\"https:\/\/www.grandepremio.com\/br\/wp-content\/uploads\/2022\/01\/SI202201060086_news-1024x683.jpg\" alt=\"SETH QUINTERO; DAKAR; DAKAR 2022;\" class=\"wp-image-535247\"\/><figcaption>Seth Quintero venceu mais uma especial do Dakar nos prot\u00f3tipos leves (Foto: Marcelo Maragni\/Red Bull Content Pool)<\/figcaption><\/figure>\n\n\n\n<p class=\"wp-block-paragraph\">Nesta quinta-feira, o piloto da Red Bull completou, ao lado do navegador alem\u00e3o Dennis Zenz, a especial em 4h21min10s, com 8min03s de frente para a dupla formada pelo sueco Sebastian Eriksson e pelo holand\u00eas Wouter Rosegaar. \u2018Chaleco\u2019 terminou em terceiro ao lado do seu navegador, o tamb\u00e9m chileno Juan Pablo Vinagre.<\/p>\n\n\n\n<p class=\"wp-block-paragraph\">Destaque para Cristina Guti\u00e9rrez, que ao lado do navegador Fran\u00e7ois Cazalet, concluiu a especial na quarta coloca\u00e7\u00e3o.<\/p>\n\n\n\n<p class=\"wp-block-paragraph\">Na classifica\u00e7\u00e3o geral, \u2018Chaleco\u2019 L\u00f3pez e Juan Pablo Vinagre lideram com 20min16s de frente para Eriksson e Rosegaar. Embora seja a dupla mais vitoriosa em especiais nesta edi\u00e7\u00e3o do Dakar na classe dos prot\u00f3tipos leves, Seth Quintero e Dennis Zenz j\u00e1 n\u00e3o t\u00eam chances de vit\u00f3ria, j\u00e1 que, com a puni\u00e7\u00e3o sofrida na segunda especial, est\u00e3o a 16h21min52s de \u2018Chaleco\u2019 e Vinagre.<\/p>\n\n\n\n<figure class=\"wp-block-embed is-type-video is-provider-youtube wp-block-embed-youtube wp-embed-aspect-16-9 wp-has-aspect-ratio\"><div class=\"wp-block-embed__wrapper\">\n<iframe loading=\"lazy\" title=\"QUEM S\u00c3O OS PILOTOS COM AS VAGAS MAIS AMEA\u00c7ADAS NO GRID DA F1?\" width=\"500\" height=\"281\" src=\"https:\/\/www.youtube.com\/embed\/tc7lhLw0iRM?feature=oembed\" frameborder=\"0\" allow=\"accelerometer; autoplay; clipboard-write; encrypted-media; gyroscope; picture-in-picture; web-share\" referrerpolicy=\"strict-origin-when-cross-origin\" allowfullscreen><\/iframe>\n<\/div><figcaption>QUEM S\u00c3O OS PILOTOS COM AS VAGAS MAIS AMEA\u00c7ADAS NO GRID DA F1?<\/figcaption><\/figure>\n","protected":false},"excerpt":{"rendered":"<p>Henk Lategan venceu a especial em la\u00e7o em Riad, capital da Ar\u00e1bia Saudita. S\u00e9bastien Loeb foi o segundo e reduziu s\u00f3 um pouco a vantagem para Nasser Al-Attiyah, oitavo na especial e l\u00edder na classifica\u00e7\u00e3o geral<\/p>\n","protected":false},"author":0,"featured_media":1000535236,"comment_status":"closed","ping_status":"closed","sticky":false,"template":"","format":"standard","meta":{"42wp_featured_image_caption":"","42wp_featured_image_credits":"","42wp_featured_video":"","42wp_featured_image_hidden":false,"42wp_authors_list":[],"footnotes":""},"categories":[5],"tags":[25074,546,853,30167,24836,27016,1004,618,30448,26331,26557],"42wp_author":[47110],"class_list":["post-115261","post","type-post","status-publish","format-standard","has-post-thumbnail","hentry","category-rally","tag-arabia-saudita-2","tag-carlos-sainz","tag-dakar","tag-dakar-2022","tag-grande-premio-2","tag-henk-lategan","tag-nasser-al-attiyah","tag-rali-dakar","tag-rali-dakar-2022","tag-sebastien-loeb-2","tag-stephane-peterhansel-2","42wp_author-fernando-silva"],"_links":{"self":[{"href":"https:\/\/grandepremio.com\/br\/wp-json\/wp\/v2\/posts\/115261","targetHints":{"allow":["GET"]}}],"collection":[{"href":"https:\/\/grandepremio.com\/br\/wp-json\/wp\/v2\/posts"}],"about":[{"href":"https:\/\/grandepremio.com\/br\/wp-json\/wp\/v2\/types\/post"}],"replies":[{"embeddable":true,"href":"https:\/\/grandepremio.com\/br\/wp-json\/wp\/v2\/comments?post=115261"}],"version-history":[{"count":0,"href":"https:\/\/grandepremio.com\/br\/wp-json\/wp\/v2\/posts\/115261\/revisions"}],"wp:featuredmedia":[{"embeddable":true,"href":"https:\/\/grandepremio.com\/br\/wp-json\/wp\/v2\/media\/1000535236"}],"wp:attachment":[{"href":"https:\/\/grandepremio.com\/br\/wp-json\/wp\/v2\/media?parent=115261"}],"wp:term":[{"taxonomy":"category","embeddable":true,"href":"https:\/\/grandepremio.com\/br\/wp-json\/wp\/v2\/categories?post=115261"},{"taxonomy":"post_tag","embeddable":true,"href":"https:\/\/grandepremio.com\/br\/wp-json\/wp\/v2\/tags?post=115261"},{"taxonomy":"42wp_author","embeddable":true,"href":"https:\/\/grandepremio.com\/br\/wp-json\/wp\/v2\/42wp_author?post=115261"}],"curies":[{"name":"wp","href":"https:\/\/api.w.org\/{rel}","templated":true}]}}