{"id":115286,"date":"2022-01-04T10:45:42","date_gmt":"2022-01-04T13:45:42","guid":{"rendered":"https:\/\/grandepremio.com\/br\/noticias\/valtteri-bottas-admite-foi-duro-aceitar-ser-escudeiro-lewis-hamilton-mentalmente-dificil\/"},"modified":"2022-01-04T10:45:48","modified_gmt":"2022-01-04T13:45:48","slug":"valtteri-bottas-admite-foi-duro-aceitar-ser-escudeiro-lewis-hamilton-mentalmente-dificil","status":"publish","type":"post","link":"https:\/\/grandepremio.com\/br\/f1\/valtteri-bottas-admite-foi-duro-aceitar-ser-escudeiro-lewis-hamilton-mentalmente-dificil\/","title":{"rendered":"Bottas admite que &#8220;foi duro aceitar&#8221; ser escudeiro de Hamilton: &#8220;Mentalmente dif\u00edcil&#8221;"},"content":{"rendered":"\n<figure class=\"wp-block-embed is-type-video is-provider-youtube wp-block-embed-youtube wp-embed-aspect-16-9 wp-has-aspect-ratio\"><div class=\"wp-block-embed__wrapper\">\n<iframe loading=\"lazy\" title=\"PRIMEIRA VIT\u00d3RIA E MAIOR CONSIST\u00caNCIA: OCON EST\u00c1 DE VOLTA?\" width=\"500\" height=\"281\" src=\"https:\/\/www.youtube.com\/embed\/-WEqrmrWaIM?feature=oembed\" frameborder=\"0\" allow=\"accelerometer; autoplay; clipboard-write; encrypted-media; gyroscope; picture-in-picture; web-share\" referrerpolicy=\"strict-origin-when-cross-origin\" allowfullscreen><\/iframe>\n<\/div><figcaption>PRIMEIRA VIT\u00d3RIA E MAIOR CONSIST\u00caNCIA: OCON EST\u00c1 DE VOLTA?<br><\/figcaption><\/figure>\n\n\n\n<p class=\"wp-block-paragraph\">Valtteri Bottas passou cinco longos anos na Mercedes, com o papel de ser o fiel escudeiro de Lewis Hamilton. S\u00f3 que o finland\u00eas explica que nem sempre foi f\u00e1cil acatar sua tarefa na Mercedes. Embora enfatize que &#8220;sempre foi tratado bem&#8221;, ele revela que as ordens da equipe para dar espa\u00e7o ao agora heptacampe\u00e3o mundial, eram coisas que o machucavam.<\/p>\n\n\n\n<p class=\"wp-block-paragraph\">Uma das cenas mais memor\u00e1veis \u00e9 no GP da R\u00fassia de 2018, pista onde o dono do carro #77 sempre andou bem. Na ocasi\u00e3o, Bottas liderava a corrida, mas foi obrigado a deixar seu companheiro de equipe passar. Em entrevista ao site GPFans, ele explica como foi dif\u00edcil acatar a ordem da Mercedes e o quanto aquilo mexeu com seu pscicol\u00f3gico. <\/p>\n\n\n\n<p class=\"wp-block-paragraph\">&#8220;Houve casos muito claros em que estive num papel de suporte e eu diria que, a primeira vez que isso aconteceu, provavelmente em 2018, foi muito dif\u00edcil de aceitar. Muito dif\u00edcil&#8221;, disse Bottas. &#8220;Aquilo n\u00e3o foi bom para mim mentalmente. Mas conforme o tempo passa, voc\u00ea aceita, se for essa a situa\u00e7\u00e3o, em que voc\u00ea est\u00e1 perdendo pontos&#8221;, acrescentou. <\/p>\n\n\n\n<p class=\"wp-block-paragraph\"><strong>\u25b6\ufe0f\u00a0Inscreva-se nos dois canais do GRANDE PR\u00caMIO no YouTube:\u00a0<a href=\"https:\/\/www.youtube.com\/channel\/UC9OlHEgxoaY6QY6nWPoiqQg?sub_confirmation=1\" target=\"_blank\" rel=\"noreferrer noopener\">GP<\/a>\u00a0|\u00a0<a href=\"https:\/\/www.youtube.com\/channel\/UC9csiS6q_C3C0FYhyr1rnFA?sub_confirmation=1\" target=\"_blank\" rel=\"noreferrer noopener\">GP2<\/a><\/strong><\/p>\n\n\n\n<figure class=\"wp-block-image size-large\"><img decoding=\"async\" src=\"https:\/\/www.grandepremio.com\/br\/wp-content\/uploads\/2021\/12\/mercedes-valtteribottas-01-1024x683.jpg\" alt=\"\" class=\"wp-image-529510\"\/><figcaption>Valtteri Bottas desabafou sobre alguns momentos dif\u00edceis na Mercedes (Foto: Mercedes)<\/figcaption><\/figure>\n\n\n\n<p class=\"wp-block-paragraph\"><strong>Conhe\u00e7a o canal do Grande Pr\u00eamio no YouTube! Clique\u00a0<a target=\"_blank\" href=\"https:\/\/youtube.com\/GrandePremioTV\" rel=\"noreferrer noopener\">aqui<\/a>.<\/strong><br><strong>Siga o Grande Pr\u00eamio no\u00a0<a target=\"_blank\" href=\"https:\/\/twitter.com\/grandepremio\" rel=\"noreferrer noopener\">Twitter\u00a0<\/a>e no\u00a0<a target=\"_blank\" href=\"https:\/\/instagram.com\/grandepremio\" rel=\"noreferrer noopener\">Instagram<\/a>!<\/strong><\/p>\n\n\n\n<p class=\"wp-block-paragraph\">Sua rela\u00e7\u00e3o com a equipe, no entanto, sempre foi positiva. Ele diz que, principalmente no in\u00edcio e meio de temporada, quando a situa\u00e7\u00e3o do campeonato \u00e9 mais aberta, o tratamento era justo. E o piloto tamb\u00e9m diz entender quando as coisas ficavam mais quentes, o porqu\u00ea da mudan\u00e7a de temperamento. <\/p>\n\n\n\n<p class=\"wp-block-paragraph\">\u201cSempre no in\u00edcio da temporada at\u00e9 a metade, com certeza, o tratamento era de forma bastante justa. Se havia uma diferen\u00e7a de pontos, ent\u00e3o naturalmente as pessoas e a equipe come\u00e7avam a escolher qual piloto disputaria o campeonato. E acho que, inconscientemente, o comportamento de algumas pessoas e a tomada de decis\u00f5es pode mudar ao longo da temporada&#8221;, completou. <\/p>\n\n\n\n<p class=\"wp-block-paragraph\">Agora, Bottas tem a chance de liderar uma equipe. Isso porque, em 2022, o finland\u00eas vai tentar o desafio de desenvolver e ser o piloto #1 da Alfa Romeo, ao lado de Guanyu Zhou, que chega \u00e0 F1 nesta temporada. Por isso, o finland\u00eas se mostra ansioso para o que est\u00e1 \u00e0 sua frente neste ano. <\/p>\n\n\n\n<p class=\"wp-block-paragraph\">&#8220;\u00c9 uma das grandes raz\u00f5es do porqu\u00ea fiz essa mudan\u00e7a e acho que vou gostar. Estou definitivamente pronto para assumir essa grande responsabilidade. Vai ser uma loucura pensar que \u00e9 a minha d\u00e9cima temporada na F\u00f3rmula 1, ent\u00e3o tenho certeza que posso colocar em bom uso tudo que aprendi com a Mercedes e\u00a0Williams ao\u00a0longo dos anos&#8221;, concluiu. <\/p>\n\n\n\n<figure class=\"wp-block-embed is-type-video is-provider-youtube wp-block-embed-youtube wp-embed-aspect-16-9 wp-has-aspect-ratio\"><div class=\"wp-block-embed__wrapper\">\n<iframe loading=\"lazy\" title=\"RICCIARDO \u00c9 PROBLEMA PARA MCLAREN OU 2021 FOI S\u00d3 UM TROPE\u00c7O?\" width=\"500\" height=\"281\" src=\"https:\/\/www.youtube.com\/embed\/nZphaALkaWM?feature=oembed\" frameborder=\"0\" allow=\"accelerometer; autoplay; clipboard-write; encrypted-media; gyroscope; picture-in-picture; web-share\" referrerpolicy=\"strict-origin-when-cross-origin\" allowfullscreen><\/iframe>\n<\/div><figcaption>RICCIARDO \u00c9 PROBLEMA PARA MCLAREN OU 2021 FOI S\u00d3 UM TROPE\u00c7O?<br><\/figcaption><\/figure>\n","protected":false},"excerpt":{"rendered":"<p>Valtteri Bottas desabafou, admitiu que foi dif\u00edcil acatar as primeiras ordens de equipe para cumprir o papel de fiel escudeiro de Lewis Hamilton e lembrou o GP da R\u00fassia de 2018<\/p>\n","protected":false},"author":0,"featured_media":1000531441,"comment_status":"closed","ping_status":"closed","sticky":false,"template":"","format":"standard","meta":{"42wp_featured_image_caption":"","42wp_featured_image_credits":"","42wp_featured_video":"","42wp_featured_image_hidden":false,"42wp_authors_list":[],"footnotes":""},"categories":[2],"tags":[147,156,1357,24837,1491,87,82,612],"42wp_author":[47139],"class_list":["post-115286","post","type-post","status-publish","format-standard","has-post-thumbnail","hentry","category-f1","tag-f1","tag-f1-2021","tag-f1-2022","tag-formula-1-2","tag-grande-premio","tag-lewis-hamilton","tag-mercedes","tag-valtteri-bottas","42wp_author-ana-cerveira"],"_links":{"self":[{"href":"https:\/\/grandepremio.com\/br\/wp-json\/wp\/v2\/posts\/115286","targetHints":{"allow":["GET"]}}],"collection":[{"href":"https:\/\/grandepremio.com\/br\/wp-json\/wp\/v2\/posts"}],"about":[{"href":"https:\/\/grandepremio.com\/br\/wp-json\/wp\/v2\/types\/post"}],"replies":[{"embeddable":true,"href":"https:\/\/grandepremio.com\/br\/wp-json\/wp\/v2\/comments?post=115286"}],"version-history":[{"count":0,"href":"https:\/\/grandepremio.com\/br\/wp-json\/wp\/v2\/posts\/115286\/revisions"}],"wp:featuredmedia":[{"embeddable":true,"href":"https:\/\/grandepremio.com\/br\/wp-json\/wp\/v2\/media\/1000531441"}],"wp:attachment":[{"href":"https:\/\/grandepremio.com\/br\/wp-json\/wp\/v2\/media?parent=115286"}],"wp:term":[{"taxonomy":"category","embeddable":true,"href":"https:\/\/grandepremio.com\/br\/wp-json\/wp\/v2\/categories?post=115286"},{"taxonomy":"post_tag","embeddable":true,"href":"https:\/\/grandepremio.com\/br\/wp-json\/wp\/v2\/tags?post=115286"},{"taxonomy":"42wp_author","embeddable":true,"href":"https:\/\/grandepremio.com\/br\/wp-json\/wp\/v2\/42wp_author?post=115286"}],"curies":[{"name":"wp","href":"https:\/\/api.w.org\/{rel}","templated":true}]}}