{"id":115298,"date":"2022-01-03T13:06:47","date_gmt":"2022-01-03T16:06:47","guid":{"rendered":"https:\/\/grandepremio.com\/br\/noticias\/ceo-formula-1-mes-importante-entrada-grupo-volkswagen-2026\/"},"modified":"2022-01-03T13:06:53","modified_gmt":"2022-01-03T16:06:53","slug":"ceo-formula-1-mes-importante-entrada-grupo-volkswagen-2026","status":"publish","type":"post","link":"https:\/\/grandepremio.com\/br\/f1\/ceo-formula-1-mes-importante-entrada-grupo-volkswagen-2026\/","title":{"rendered":"CEO da F1 fala em \u201cm\u00eas importante\u201d para entrada do Grupo Volkswagen em 2026"},"content":{"rendered":"\n<figure class=\"wp-block-embed is-type-video is-provider-youtube wp-block-embed-youtube wp-embed-aspect-16-9 wp-has-aspect-ratio\"><div class=\"wp-block-embed__wrapper\">\n<iframe loading=\"lazy\" title=\"WILLIAMS-AUDI E McLAREN-PORSCHE: \u00c9 POSS\u00cdVEL A PARTIR DE 2025-2026 NA F1?\" width=\"500\" height=\"281\" src=\"https:\/\/www.youtube.com\/embed\/wSn9B2RxI3Y?feature=oembed\" frameborder=\"0\" allow=\"accelerometer; autoplay; clipboard-write; encrypted-media; gyroscope; picture-in-picture; web-share\" referrerpolicy=\"strict-origin-when-cross-origin\" allowfullscreen><\/iframe>\n<\/div><figcaption>WILLIAMS-AUDI E McLAREN-PORSCHE: \u00c9 POSS\u00cdVEL A PARTIR DE 2025-2026 NA F1?<\/figcaption><\/figure>\n\n\n\n<p class=\"wp-block-paragraph\">O primeiro m\u00eas de 2022 traz algumas expectativas dentro do universo da F\u00f3rmula 1. Uma delas diz respeito aos an\u00fancios das datas de lan\u00e7amento dos carros das equipes para a temporada que ter\u00e1 in\u00edcio em 20 de mar\u00e7o, no Bahrein. H\u00e1 pela frente, tamb\u00e9m, a perspectiva de <a href=\"https:\/\/www.grandepremio.com\/br\/f1\/noticias\/ex-diretor-volkswagem-interessada-f1-nao-perderia-tempo-reunioes\/\">outro an\u00fancio deveras importante: a poss\u00edvel entrada do Grupo Volkswagen na F\u00f3rmula 1 como fornecedora de motores a partir de 2026<\/a>.<\/p>\n\n\n\n<p class=\"wp-block-paragraph\">No fim do ano passado, o Conselho Mundial do Esporte a Motor aprovou a defini\u00e7\u00e3o de uma nova especifica\u00e7\u00e3o de motores da F\u00f3rmula 1 para vigorar justamente a partir de 2026. <a href=\"https:\/\/www.grandepremio.com\/br\/f1\/noticias\/fia-ratifica-fim-do-uso-da-mgu-h-nas-unidades-de-potencia-da-formula-1-a-partir-de-2026\/\">Entre as mudan\u00e7as est\u00e1 a remo\u00e7\u00e3o do elemento MGU-H e a determina\u00e7\u00e3o de um teto de gastos imposto \u00e0s fabricantes das unidades motrizes<\/a>.<\/p>\n\n\n\n<p class=\"wp-block-paragraph\"><strong>\u25b6\ufe0f\u00a0Inscreva-se nos dois canais do GRANDE PR\u00caMIO no YouTube:\u00a0<a href=\"https:\/\/www.youtube.com\/channel\/UC9OlHEgxoaY6QY6nWPoiqQg?sub_confirmation=1\" target=\"_blank\" rel=\"noreferrer noopener\">GP<\/a>\u00a0|\u00a0<a href=\"https:\/\/www.youtube.com\/channel\/UC9csiS6q_C3C0FYhyr1rnFA?sub_confirmation=1\" target=\"_blank\" rel=\"noreferrer noopener\">GP2<\/a><\/strong><\/p>\n\n\n\n<figure class=\"wp-block-image size-large\"><img decoding=\"async\" src=\"https:\/\/www.grandepremio.com\/br\/wp-content\/uploads\/2021\/12\/6F0A5223-1024x577.jpeg\" alt=\"PORSCHE; LMDh; PROT\u00d3TIPO;\" class=\"wp-image-533319\"\/><figcaption>O Grupo Volkswagen, por meio de Porsche e Audi, cogita entrar na F1 em 2026 (Foto: Porsche AG)<\/figcaption><\/figure>\n\n\n\n<p class=\"wp-block-paragraph\">Stefano Domenicali, presidente e CEO da F\u00f3rmula 1 desde o come\u00e7o de 2021, acredita que janeiro ser\u00e1 decisivo para a decis\u00e3o da empresa alem\u00e3 de ingressar, ou n\u00e3o, no Mundial dentro de quatro anos. Circula no paddock da categoria a informa\u00e7\u00e3o de que Porsche e Audi, marcas do Grupo Volkswagen, t\u00eam grandes chances de fazer parte do programa da F1 em 2026.<\/p>\n\n\n\n<p class=\"wp-block-paragraph\">Segundo a revista alem\u00e3 Auto Motor und Sport, o Grupo Volkswagen havia definido como prazo para decidir sobre entrar ou n\u00e3o na F\u00f3rmula 1 a data de 15 de dezembro. At\u00e9 ent\u00e3o, n\u00e3o houve nenhum an\u00fancio oficial a respeito.<\/p>\n\n\n\n<p class=\"wp-block-paragraph\">\u201cAcho que temos um m\u00eas importante pela frente em termos de decis\u00e3o do Grupo Volkswagen. Seria \u00f3timo se eles aderissem, mas n\u00e3o posso falar em nome da Volkswagen. Fiz parte deste grupo incr\u00edvel por alguns anos e sei o qu\u00e3o duro eles est\u00e3o trabalhando de olho no futuro\u201d, declarou o executivo em entrevista ao site alem\u00e3o Sport1.<\/p>\n\n\n\n<p class=\"wp-block-paragraph\">Domenicali atuou como CEO da Lamborghini, outra marca do Grupo Volkswagen, entre 2016 e 2020 e, portanto, conhece bem a filosofia de trabalho dos alem\u00e3es. Na vis\u00e3o do dirigente italiano, a montadora aposta em novos tempos da F\u00f3rmula 1 para evoluir sua tecnologia de motores h\u00edbridos em meio ao avan\u00e7o de uma ind\u00fastria automobil\u00edstica cada vez mais verde.<\/p>\n\n\n\n<p class=\"wp-block-paragraph\">\u201cNosso combust\u00edvel sustent\u00e1vel, que planejamos usar junto com os novos motores h\u00edbridos com maior conte\u00fado el\u00e9trico, pode dar a eles uma segunda rota ao lado da eletromobilidade\u201d, salientou. \u201cE isso se aplica n\u00e3o somente ao Grupo Volkswagen, mas a todas \u00e0s montadoras\u201d, acrescentou.<\/p>\n\n\n\n<p class=\"wp-block-paragraph\">O chef\u00e3o da F\u00f3rmula 1 lembrou que a decis\u00e3o agora est\u00e1 com os alem\u00e3es. \u201cCom rela\u00e7\u00e3o \u00e0 Volkswagen, contudo, espero que eles tomem uma decis\u00e3o em breve. Depende deles agora dar o passo final\u201d.<\/p>\n\n\n\n<p class=\"wp-block-paragraph\">Uma eventual entrada do Grupo Volkswagen poderia significar tamb\u00e9m um aumento do interesse da Alemanha, com os circuitos de Hockenheim e N\u00fcrburgring, de voltar a receber uma etapa da F\u00f3rmula 1? Domenicali acredita que sim.<\/p>\n\n\n\n<p class=\"wp-block-paragraph\">\u201cEspero que este seja um elemento positivo adicional. Mas j\u00e1 temos a Mercedes, que ganhou o t\u00edtulo do Mundial de Construtores e domina a F\u00f3rmula 1 desde 2014. Oito t\u00edtulos consecutivos dos Construtores, algo que ningu\u00e9m havia conquistado antes. Mas qualquer coisa que aumente o interesse dos alem\u00e3es \u00e9 bem-vinda\u201d, concluiu.<\/p>\n\n\n\n<figure class=\"wp-block-video\"><video class=\"video-js vjs-big-play-centered\" data-gp-vjs=\"1\" controls src=\"https:\/\/www.grandepremio.com\/br\/wp-content\/uploads\/2021\/11\/Audi-F1.mp4\"><\/video><figcaption>Como seria a pintura de um carro da Audi na F\u00f3rmula 1 com nova configura\u00e7\u00e3o (V\u00eddeo: Chris Paul Design)<\/figcaption><\/figure>\n","protected":false},"excerpt":{"rendered":"<p>Ex-funcion\u00e1rio do Grupo Volkswagen como CEO da Lamborghini, Stefano Domenicali disse que a bola est\u00e1 com a empresa alem\u00e3 sobre uma poss\u00edvel entrada na F\u00f3rmula 1 em m\u00e9dio prazo<\/p>\n","protected":false},"author":0,"featured_media":1000522969,"comment_status":"closed","ping_status":"closed","sticky":false,"template":"","format":"standard","meta":{"42wp_featured_image_caption":"","42wp_featured_image_credits":"","42wp_featured_video":"","42wp_featured_image_hidden":false,"42wp_authors_list":[],"footnotes":""},"categories":[2],"tags":[970,24837,24836,656,736,1524],"42wp_author":[47110],"class_list":["post-115298","post","type-post","status-publish","format-standard","has-post-thumbnail","hentry","category-f1","tag-audi","tag-formula-1-2","tag-grande-premio-2","tag-motores","tag-porsche","tag-volkswagen","42wp_author-fernando-silva"],"_links":{"self":[{"href":"https:\/\/grandepremio.com\/br\/wp-json\/wp\/v2\/posts\/115298","targetHints":{"allow":["GET"]}}],"collection":[{"href":"https:\/\/grandepremio.com\/br\/wp-json\/wp\/v2\/posts"}],"about":[{"href":"https:\/\/grandepremio.com\/br\/wp-json\/wp\/v2\/types\/post"}],"replies":[{"embeddable":true,"href":"https:\/\/grandepremio.com\/br\/wp-json\/wp\/v2\/comments?post=115298"}],"version-history":[{"count":0,"href":"https:\/\/grandepremio.com\/br\/wp-json\/wp\/v2\/posts\/115298\/revisions"}],"wp:featuredmedia":[{"embeddable":true,"href":"https:\/\/grandepremio.com\/br\/wp-json\/wp\/v2\/media\/1000522969"}],"wp:attachment":[{"href":"https:\/\/grandepremio.com\/br\/wp-json\/wp\/v2\/media?parent=115298"}],"wp:term":[{"taxonomy":"category","embeddable":true,"href":"https:\/\/grandepremio.com\/br\/wp-json\/wp\/v2\/categories?post=115298"},{"taxonomy":"post_tag","embeddable":true,"href":"https:\/\/grandepremio.com\/br\/wp-json\/wp\/v2\/tags?post=115298"},{"taxonomy":"42wp_author","embeddable":true,"href":"https:\/\/grandepremio.com\/br\/wp-json\/wp\/v2\/42wp_author?post=115298"}],"curies":[{"name":"wp","href":"https:\/\/api.w.org\/{rel}","templated":true}]}}