{"id":115316,"date":"2022-01-02T04:00:00","date_gmt":"2022-01-02T07:00:00","guid":{"rendered":"https:\/\/grandepremio.com\/br\/noticias\/george-russell-diz-so-dois-anos-williams-seriam-suficientes-subir-mercedes\/"},"modified":"2022-01-01T14:50:38","modified_gmt":"2022-01-01T17:50:38","slug":"george-russell-diz-so-dois-anos-williams-seriam-suficientes-subir-mercedes","status":"publish","type":"post","link":"https:\/\/grandepremio.com\/br\/f1\/george-russell-diz-so-dois-anos-williams-seriam-suficientes-subir-mercedes\/","title":{"rendered":"Russell diz que &#8220;s\u00f3 dois anos&#8221; na Williams seriam suficientes para subir para Mercedes"},"content":{"rendered":"\n<figure class=\"wp-block-embed is-type-video is-provider-youtube wp-block-embed-youtube wp-embed-aspect-16-9 wp-has-aspect-ratio\"><div class=\"wp-block-embed__wrapper\">\n<iframe loading=\"lazy\" title=\"CORRIDAS ESQUEC\u00cdVEIS NA TEMPORADA INESQUEC\u00cdVEL DA F1 2021\" width=\"500\" height=\"281\" src=\"https:\/\/www.youtube.com\/embed\/PBSlfu3P0dE?feature=oembed\" frameborder=\"0\" allow=\"accelerometer; autoplay; clipboard-write; encrypted-media; gyroscope; picture-in-picture; web-share\" referrerpolicy=\"strict-origin-when-cross-origin\" allowfullscreen><\/iframe>\n<\/div><figcaption>CORRIDAS ESQUEC\u00cdVEIS NA TEMPORADA INESQUEC\u00cdVEL DA F1 2021<br><\/figcaption><\/figure>\n\n\n\n<p class=\"wp-block-paragraph\">A Mercedes tardou a anunciar George Russell para a temporada deste ano, mas, enfim, foi confirmada. Depois de uma \u00f3tima apresenta\u00e7\u00e3o no GP do Sahkir de 2020, o jovem brit\u00e2nico fez brilhar os olhos da escuderia alem\u00e3, que optou por firmar um acordo com ele a partir de 2022. S\u00f3 que o pr\u00f3prio Russell diz que, se fosse promovido logo no in\u00edcio de 2021, ele conseguiria desempenhar um \u00f3timo papel. Afinal, para ele, apenas dois anos na Williams, sua agora ex-casa, seriam suficientes para desenvolv\u00ea-lo. <\/p>\n\n\n\n<p class=\"wp-block-paragraph\">&#8220;Voc\u00ea est\u00e1 sempre aprendendo&#8221;, disse ele, em entrevista ao portal Motorsport-Magazin.com. &#8220;A sua velocidade natural \u00e9 o que \u00e9. N\u00e3o vai melhorar. E como fa\u00e7o para tirar mais proveito dos meus engenheiros, como fa\u00e7o para ajustar o carro melhor, como fa\u00e7o para gerenciar os pneus em um dia frio no Brasil?&#8221;, acrescentou.<\/p>\n\n\n\n<p class=\"wp-block-paragraph\">\u201cDepois do primeiro ano [na Williams], eu teria me sentido pronto. Mas sou um piloto melhor agora do que era antes&#8221;, completou. <\/p>\n\n\n\n<figure class=\"wp-block-image size-large\"><img decoding=\"async\" src=\"https:\/\/www.grandepremio.com\/br\/wp-content\/uploads\/2021\/11\/williams-georgerussell-01-3-1024x683.jpg\" alt=\"\" class=\"wp-image-524021\"\/><figcaption>George Russell estreou na F\u00f3rmula 1 em 2019 pela Williams (Foto: Williams)<\/figcaption><\/figure>\n\n\n\n<p class=\"wp-block-paragraph\">Um empecilho que o #63 reconhece era seu contrato de tr\u00eas anos com a Williams. &#8220;Assinamos por tr\u00eas anos. N\u00e3o havia absolutamente nada que pud\u00e9ssemos fazer. Mas dois anos teriam sido perfeitos. Eu estaria mais do que pronto para subir [para Mercedes] em 2021&#8221;, concluiu. <\/p>\n\n\n\n<p class=\"wp-block-paragraph\">A temporada de George com um carro ainda muito abaixo foi not\u00e1vel. Na n\u00e3o-corrida do GP da B\u00e9lgica, o piloto fez sua melhor classifica\u00e7\u00e3o na F\u00f3rmula 1, ao ficar com a segunda posi\u00e7\u00e3o. Al\u00e9m disso, marcou pontos em outras tr\u00eas quatro corridas \u2014 Hungria, It\u00e1lia e R\u00fassia. <\/p>\n\n\n\n<figure class=\"wp-block-embed is-type-video is-provider-youtube wp-block-embed-youtube wp-embed-aspect-16-9 wp-has-aspect-ratio\"><div class=\"wp-block-embed__wrapper\">\n<iframe loading=\"lazy\" title=\"OS CINCO PIORES PILOTOS DA F1 2021\" width=\"500\" height=\"281\" src=\"https:\/\/www.youtube.com\/embed\/WQFVZLQ_6wY?feature=oembed\" frameborder=\"0\" allow=\"accelerometer; autoplay; clipboard-write; encrypted-media; gyroscope; picture-in-picture; web-share\" referrerpolicy=\"strict-origin-when-cross-origin\" allowfullscreen><\/iframe>\n<\/div><figcaption>OS CINCO PIORES PILOTOS DA F1 2021<br><\/figcaption><\/figure>\n","protected":false},"excerpt":{"rendered":"<p>George Russell diz que &#8220;segue aprendendo&#8221;, mas acredita que apenas dois anos na Williams eram suficientes para subir para Mercedes<\/p>\n","protected":false},"author":0,"featured_media":1000512489,"comment_status":"closed","ping_status":"closed","sticky":false,"template":"","format":"standard","meta":{"42wp_featured_image_caption":"","42wp_featured_image_credits":"","42wp_featured_video":"","42wp_featured_image_hidden":false,"42wp_authors_list":[],"footnotes":""},"categories":[2],"tags":[156,1357,24837,800,1491,87,82,801,215],"42wp_author":[47139],"class_list":["post-115316","post","type-post","status-publish","format-standard","has-post-thumbnail","hentry","category-f1","tag-f1-2021","tag-f1-2022","tag-formula-1-2","tag-george-russell","tag-grande-premio","tag-lewis-hamilton","tag-mercedes","tag-nicholas-latifi","tag-williams","42wp_author-ana-cerveira"],"_links":{"self":[{"href":"https:\/\/grandepremio.com\/br\/wp-json\/wp\/v2\/posts\/115316","targetHints":{"allow":["GET"]}}],"collection":[{"href":"https:\/\/grandepremio.com\/br\/wp-json\/wp\/v2\/posts"}],"about":[{"href":"https:\/\/grandepremio.com\/br\/wp-json\/wp\/v2\/types\/post"}],"replies":[{"embeddable":true,"href":"https:\/\/grandepremio.com\/br\/wp-json\/wp\/v2\/comments?post=115316"}],"version-history":[{"count":0,"href":"https:\/\/grandepremio.com\/br\/wp-json\/wp\/v2\/posts\/115316\/revisions"}],"wp:featuredmedia":[{"embeddable":true,"href":"https:\/\/grandepremio.com\/br\/wp-json\/wp\/v2\/media\/1000512489"}],"wp:attachment":[{"href":"https:\/\/grandepremio.com\/br\/wp-json\/wp\/v2\/media?parent=115316"}],"wp:term":[{"taxonomy":"category","embeddable":true,"href":"https:\/\/grandepremio.com\/br\/wp-json\/wp\/v2\/categories?post=115316"},{"taxonomy":"post_tag","embeddable":true,"href":"https:\/\/grandepremio.com\/br\/wp-json\/wp\/v2\/tags?post=115316"},{"taxonomy":"42wp_author","embeddable":true,"href":"https:\/\/grandepremio.com\/br\/wp-json\/wp\/v2\/42wp_author?post=115316"}],"curies":[{"name":"wp","href":"https:\/\/api.w.org\/{rel}","templated":true}]}}