{"id":115331,"date":"2021-12-31T04:30:00","date_gmt":"2021-12-31T07:30:00","guid":{"rendered":"https:\/\/grandepremio.com\/br\/noticias\/matthias-walkner-danilo-petrucci-quase-ritmo-pilotos-ktm-vai-surpreender-muita-gente\/"},"modified":"2021-12-27T15:37:43","modified_gmt":"2021-12-27T18:37:43","slug":"matthias-walkner-danilo-petrucci-quase-ritmo-pilotos-ktm-vai-surpreender-muita-gente","status":"publish","type":"post","link":"https:\/\/grandepremio.com\/br\/rally\/matthias-walkner-danilo-petrucci-quase-ritmo-pilotos-ktm-vai-surpreender-muita-gente\/","title":{"rendered":"Walkner v\u00ea Petrucci \u201cquase no ritmo\u201d dos pilotos da KTM: \u201cVai surpreender muita gente\u201d"},"content":{"rendered":"\n<figure class=\"wp-block-embed is-type-video is-provider-youtube wp-block-embed-youtube wp-embed-aspect-16-9 wp-has-aspect-ratio\"><div class=\"wp-block-embed__wrapper\">\n<iframe loading=\"lazy\" title=\"FIM DA DINASTIA HAMILTON? COM VERSTAPPEN, GERA\u00c7\u00c3O DE OURO LEVA 1\u00ba T\u00cdTULO NA F1\" width=\"500\" height=\"281\" src=\"https:\/\/www.youtube.com\/embed\/nuTvc-HSWfA?feature=oembed\" frameborder=\"0\" allow=\"accelerometer; autoplay; clipboard-write; encrypted-media; gyroscope; picture-in-picture; web-share\" referrerpolicy=\"strict-origin-when-cross-origin\" allowfullscreen><\/iframe>\n<\/div><figcaption>FIM DA DINASTIA HAMILTON? COM VERSTAPPEN, GERA\u00c7\u00c3O DE OURO LEVA 1\u00ba T\u00cdTULO NA F1<\/figcaption><\/figure>\n\n\n\n<p class=\"wp-block-paragraph\">Matthias Walkner afirmou que Danilo Petrucci vai \u201csurpreender muita gente\u201d na estreia no Rali Dakar. O campe\u00e3o de 2018 da prova relatou que o italiano j\u00e1 est\u00e1 andando quase no mesmo ritmo dos colegas de KTM.<\/p>\n\n\n\n<p class=\"wp-block-paragraph\">Agora ex-MotoGP, Petrucci vai debutar na maior e mais dura prova off-road do planeta na edi\u00e7\u00e3o 2022, defendo a Tech3, uma equipe derivada da KTM. Antes do debute, Danilo participou de um teste em Dubai com os titulares da f\u00e1brica e tamb\u00e9m treinou navega\u00e7\u00e3o com o ex-piloto Jordi Viladoms.<\/p>\n\n\n\n<figure class=\"wp-block-image size-large\"><img decoding=\"async\" src=\"https:\/\/www.grandepremio.com\/br\/wp-content\/uploads\/2018\/01\/2018120155965_P-20180120-01013_news_DMa.jpg\" alt=\"\" class=\"wp-image-168384\"\/><figcaption>Walkner considerou que Petrucci deve ser cuidadoso (Foto: Red Bull)<\/figcaption><\/figure>\n\n\n\n<p class=\"wp-block-paragraph\"><strong>\u25b6\ufe0f\u00a0Inscreva-se nos dois canais do GRANDE PR\u00caMIO no YouTube:\u00a0<a href=\"https:\/\/www.youtube.com\/channel\/UC9OlHEgxoaY6QY6nWPoiqQg?sub_confirmation=1\" target=\"_blank\" rel=\"noreferrer noopener\">GP<\/a>\u00a0|\u00a0<a href=\"https:\/\/www.youtube.com\/channel\/UC9csiS6q_C3C0FYhyr1rnFA?sub_confirmation=1\" target=\"_blank\" rel=\"noreferrer noopener\">GP2<\/a><\/strong><\/p>\n\n\n\n<p class=\"wp-block-paragraph\">Antes do debute na Ar\u00e1bia Saudita, Walkner contou que j\u00e1 esperava que Danilo fosse r\u00e1pido, mas disse que saiu impressionado.<\/p>\n\n\n\n<p class=\"wp-block-paragraph\">\u201cConheci Danilo um pouco antes\u201d, disse Walkner em entrevista ao site espanhol Motorsport. \u201cEm termos humanos, \u00e9 um cara muito tranquilo, legal e prestativo, ent\u00e3o se adapta muito bem a n\u00f3s. Eu j\u00e1 sabia que Danilo tamb\u00e9m podia pilotar a moto muito bem fora da pista, ele j\u00e1 tinha pilotado em uma ou duas corridas de rali na It\u00e1lia, onde conseguiu realmente desafiar o campe\u00e3o italiano\u201d, seguiu.<\/p>\n\n\n\n<p class=\"wp-block-paragraph\">\u201cPor isso, eu tinha certeza de que ele poderia ser imediatamente r\u00e1pido\u201d, comentou Matthias. \u201cQuando ele esteve conosco, durante os testes de aprendizagem, tamb\u00e9m teve a navega\u00e7\u00e3o sob controle de forma r\u00e1pida e boa. Ele foi impressionantemente r\u00e1pido. Acho que quando algu\u00e9m pode correr em um n\u00edvel t\u00e3o alto na MotoGP, ele sabe como encarar qualquer coisa\u201d, ponderou.<\/p>\n\n\n\n<p class=\"wp-block-paragraph\">O campe\u00e3o de 2018 ressaltou que Petrucci surpreendeu positivamente toda a equipe da KTM, mas ressaltou que o italiano precisa ser cuidadoso.<\/p>\n\n\n\n<p class=\"wp-block-paragraph\">\u201cEle surpreendeu a todos n\u00f3s de maneira extremamente positiva. Mas n\u00f3s tamb\u00e9m tentamos fre\u00e1-lo um pouco. Se olharmos os rastros dele no deserto, com o r\u00e1pido que ele pilotou, tamb\u00e9m pode ser perigoso. Danilo est\u00e1 pilotando quase no nosso ritmo\u201d, contou. \u201cEle \u00e9 realmente forte e acho que vai surpreender muita gente. Se ele puder gerir a navega\u00e7\u00e3o, ent\u00e3o confio que ele poder\u00e1 fazer um top-15 ou top-20\u201d, concluiu.<\/p>\n\n\n\n<figure class=\"wp-block-embed is-type-rich is-provider-spotify wp-block-embed-spotify wp-embed-aspect-21-9 wp-has-aspect-ratio\"><div class=\"wp-block-embed__wrapper\">\n<iframe title=\"Spotify Embed: Paddockast Especial | A hist\u00f3ria e o legado de Valentino Rossi\" style=\"border-radius: 12px\" width=\"100%\" height=\"152\" frameborder=\"0\" allowfullscreen allow=\"autoplay; clipboard-write; encrypted-media; fullscreen; picture-in-picture\" loading=\"lazy\" src=\"https:\/\/open.spotify.com\/embed\/episode\/1l3VDDFecOWPNXL1jAlyxS?utm_source=oembed\"><\/iframe>\n<\/div><\/figure>\n\n\n\n<figure class=\"wp-block-embed is-type-video is-provider-youtube wp-block-embed-youtube wp-embed-aspect-16-9 wp-has-aspect-ratio\"><div class=\"wp-block-embed__wrapper\">\n<iframe loading=\"lazy\" title=\"ROSSI, R\u00c4IKK\u00d6NEN E CAIROLI: 2021 MARCA FIM DA LINHA PARA VETERANOS\" width=\"500\" height=\"281\" src=\"https:\/\/www.youtube.com\/embed\/pOeB5DgbKOE?feature=oembed\" frameborder=\"0\" allow=\"accelerometer; autoplay; clipboard-write; encrypted-media; gyroscope; picture-in-picture; web-share\" referrerpolicy=\"strict-origin-when-cross-origin\" allowfullscreen><\/iframe>\n<\/div><figcaption>ROSSI, R\u00c4IKK\u00d6NEN E CAIROLI: 2021 MARCA FIM DA LINHA PARA VETERANOS<\/figcaption><\/figure>\n","protected":false},"excerpt":{"rendered":"<p>Campe\u00e3o de 2018 do Rali Dakar, austr\u00edaco destacou a velocidade do ex-MotoGP, mas alertou que o italiano precisa ser cuidadoso na maior e mais dura prova off-road do planeta<\/p>\n","protected":false},"author":0,"featured_media":1000523136,"comment_status":"closed","ping_status":"closed","sticky":false,"template":"","format":"standard","meta":{"42wp_featured_image_caption":"","42wp_featured_image_credits":"","42wp_featured_video":"","42wp_featured_image_hidden":false,"42wp_authors_list":[],"footnotes":""},"categories":[5],"tags":[142,132,233,618],"42wp_author":[47113],"class_list":["post-115331","post","type-post","status-publish","format-standard","has-post-thumbnail","hentry","category-rally","tag-danilo-petrucci","tag-ktm","tag-rali","tag-rali-dakar","42wp_author-juliana-tesser"],"_links":{"self":[{"href":"https:\/\/grandepremio.com\/br\/wp-json\/wp\/v2\/posts\/115331","targetHints":{"allow":["GET"]}}],"collection":[{"href":"https:\/\/grandepremio.com\/br\/wp-json\/wp\/v2\/posts"}],"about":[{"href":"https:\/\/grandepremio.com\/br\/wp-json\/wp\/v2\/types\/post"}],"replies":[{"embeddable":true,"href":"https:\/\/grandepremio.com\/br\/wp-json\/wp\/v2\/comments?post=115331"}],"version-history":[{"count":0,"href":"https:\/\/grandepremio.com\/br\/wp-json\/wp\/v2\/posts\/115331\/revisions"}],"wp:featuredmedia":[{"embeddable":true,"href":"https:\/\/grandepremio.com\/br\/wp-json\/wp\/v2\/media\/1000523136"}],"wp:attachment":[{"href":"https:\/\/grandepremio.com\/br\/wp-json\/wp\/v2\/media?parent=115331"}],"wp:term":[{"taxonomy":"category","embeddable":true,"href":"https:\/\/grandepremio.com\/br\/wp-json\/wp\/v2\/categories?post=115331"},{"taxonomy":"post_tag","embeddable":true,"href":"https:\/\/grandepremio.com\/br\/wp-json\/wp\/v2\/tags?post=115331"},{"taxonomy":"42wp_author","embeddable":true,"href":"https:\/\/grandepremio.com\/br\/wp-json\/wp\/v2\/42wp_author?post=115331"}],"curies":[{"name":"wp","href":"https:\/\/api.w.org\/{rel}","templated":true}]}}