{"id":115373,"date":"2021-12-27T04:15:00","date_gmt":"2021-12-27T07:15:00","guid":{"rendered":"https:\/\/grandepremio.com\/br\/noticias\/retrospectiva-2021-sem-competitividade-aston-martin-decepciona-na-formula-1\/"},"modified":"2021-12-24T13:24:35","modified_gmt":"2021-12-24T16:24:35","slug":"retrospectiva-2021-sem-competitividade-aston-martin-decepciona-na-formula-1","status":"publish","type":"post","link":"https:\/\/grandepremio.com\/br\/f1\/retrospectiva-2021-sem-competitividade-aston-martin-decepciona-na-formula-1\/","title":{"rendered":"Retrospectiva 2021: Sem competitividade, Aston Martin decepciona na F\u00f3rmula 1"},"content":{"rendered":"\n<figure class=\"wp-block-embed is-type-video is-provider-youtube wp-block-embed-youtube wp-embed-aspect-16-9 wp-has-aspect-ratio\"><div class=\"wp-block-embed__wrapper\">\n<iframe loading=\"lazy\" title=\"MELHORES DO ANO 2021: VERSTAPPEN OU HAMILTON NA F1? MOTO, INDY, F\u00d3RMULA E E MUITO MAIS\" width=\"500\" height=\"281\" src=\"https:\/\/www.youtube.com\/embed\/UhM385kTJf4?feature=oembed\" frameborder=\"0\" allow=\"accelerometer; autoplay; clipboard-write; encrypted-media; gyroscope; picture-in-picture; web-share\" referrerpolicy=\"strict-origin-when-cross-origin\" allowfullscreen><\/iframe>\n<\/div><figcaption>MELHORES DO ANO 2021: VERSTAPPEN OU HAMILTON NA F1? MOTO, INDY, F\u00d3RMULA E E MUITO MAIS<\/figcaption><\/figure>\n\n\n\n<p class=\"wp-block-paragraph\">A F\u00f3rmula 1 entrou na temporada de 2021 com as mesmas equipes que terminaram a disputa do ano passado, na qual a Mercedes ganhou seu s\u00e9timo t\u00edtulo consecutivo de Construtores \u2014 viria a garantir o octa este ano. No entanto, duas mudavam de nome ap\u00f3s decis\u00f5es corporativas que alteraram a identidade visual das empresas, mas tamb\u00e9m sua forma de gerir o neg\u00f3cio: a Renault passaria a ser Alpine, e a Racing Point, Aston Martin. E o primeiro ano da dupla Sebastian Vettel e Lance Stroll pode ser considerado uma decep\u00e7\u00e3o.<\/p>\n\n\n\n<p class=\"wp-block-paragraph\">O empres\u00e1rio e bilion\u00e1rio canadense Lawrence Stroll adquiriu a Racing Point e alterou o nome da escuderia para a de sua propriedade, a Aston Martin. Os planos de Stroll s\u00e3o de transformar a equipe em uma pot\u00eancia na F\u00f3rmula 1 e possibilitar ao time \u2014 e a seu filho \u2014 <a href=\"https:\/\/www.grandepremio.com\/br\/f1\/noticias\/aston-martin-investe-pesado-e-impoe-meta-se-tornar-melhor-equipe-da-f1-de-3-a-5-anos\/\" target=\"_blank\" rel=\"noreferrer noopener\">a chance de conquistar um t\u00edtulo mundial<\/a>.<\/p>\n\n\n\n<p class=\"wp-block-paragraph\">Para isso, n\u00e3o apenas rios de dinheiro est\u00e3o sendo injetados na estrutura da equipe, como o corpo t\u00e9cnico recebeu adi\u00e7\u00f5es das recentemente campe\u00f5es Mercedes e Red Bull, <a href=\"https:\/\/www.grandepremio.com\/br\/f1\/noticias\/aston-martin-contrata-chefe-aerodinamica-mercedes-eric-blandin-2022\/\" target=\"_blank\" rel=\"noreferrer noopener\">que viram alguns ex-funcion\u00e1rios deixarem seus quadros para se juntarem \u00e0 Aston Martin<\/a>. Al\u00e9m disso, <a href=\"https:\/\/www.grandepremio.com\/br\/f1\/noticias\/com-investimento-r-15-bilhao-aston-martin-inicia-construcao-de-nova-sede-em-silverstone\/\" target=\"_blank\" rel=\"noreferrer noopener\">a equipe trabalha na constru\u00e7\u00e3o de uma f\u00e1brica multimilion\u00e1ria nos arredores de Silverstone<\/a>, que promete mudar o patamar do time.<\/p>\n\n\n\n<figure class=\"wp-block-image size-large\"><img decoding=\"async\" src=\"https:\/\/www.grandepremio.com\/br\/wp-content\/uploads\/2021\/06\/E3NemQQVEAMSkz4-1024x683.jpg\" alt=\"SEBASTIAN VETTEL; VETTEL; ASTON MARTIN; GP DO AZERBAIJ\u00c3O; BAKU;\" class=\"wp-image-481393\"\/><figcaption>Primeiro p\u00f3dio de Sebastian Vettel com a Aston Martin foi no Azerbaij\u00e3o (Foto: Aston Martin)<\/figcaption><\/figure>\n\n\n\n<p class=\"wp-block-paragraph\">Para se ter uma ideia, o t\u00fanel de vento de 360\u00b0 que ser\u00e1 constru\u00eddo no quartel general da escuderia brit\u00e2nica s\u00f3 existe em outras tr\u00eas f\u00e1bricas em toda a F\u00f3rmula 1: Mercedes, Red Bull e Ferrari.<\/p>\n\n\n\n<p class=\"wp-block-paragraph\">No entanto, dentro das pistas, o primeiro sinal foi decepcionante em 2021. A Aston Martin construiu um carro que possu\u00eda extrema dificuldade em gerar calor nos pneus dianteiros, fazendo com que os pilotos tivessem problemas ao longo de todo o ano para encontrarem a temperatura ideal a cada pista. A inspira\u00e7\u00e3o do AMR21 foi o modelo utilizado pela Mercedes em 2020, antes de algumas regras da F1 serem modificadas para este ano. N\u00e3o deu certo.<\/p>\n\n\n\n<p class=\"wp-block-paragraph\">Isso n\u00e3o significa que Vettel e Stroll n\u00e3o tenham tido seus momentos de brilho, como <a href=\"https:\/\/www.grandepremio.com\/br\/f1\/noticias\/sebastian-vettel-se-diz-nuvens-segundo-lugar-azerbaijao-podio-nao-esperavamos\/\" target=\"_blank\" rel=\"noreferrer noopener\">a excelente corrida no Azerbaij\u00e3o<\/a> e o desempenho estupendo na Hungria, que lhe valeram dois segundos lugares \u2014 o de Budapeste foi retirado devido a uma irregularidade no tanque de combust\u00edvel do tetracampe\u00e3o. O canadense, por sua vez, <a href=\"https:\/\/www.grandepremio.com\/br\/f1\/noticias\/lance-stroll-vibra-6o-catar-elogia-aston-martin-recompensa-trabalho-duro\/\" target=\"_blank\" rel=\"noreferrer noopener\">entregou resultados s\u00f3lidos em Catar<\/a> e It\u00e1lia, se mantendo longe de problemas para somar pontos importantes.<\/p>\n\n\n\n<figure class=\"wp-block-image size-large\"><img decoding=\"async\" src=\"https:\/\/www.grandepremio.com\/br\/wp-content\/uploads\/2021\/06\/gpf1-1024x576.png\" alt=\"\" class=\"wp-image-481001\"\/><figcaption>Lance Stroll teve mais momentos de baixa durante o ano do que destaque nas pistas (Foto: Reprodu\u00e7\u00e3o)<\/figcaption><\/figure>\n\n\n\n<p class=\"wp-block-paragraph\">Ainda assim, realmente muito pouco ap\u00f3s o quarto lugar da Racing Point no campeonato de 2020, inclusive com direito a vit\u00f3ria de Sergio P\u00e9rez no GP de Sakhir. Tanto Vettel quanto Stroll \u2014 em que se pese as defici\u00eancias do carro de 2021 \u2014 fizeram temporadas bastante econ\u00f4micas, com os momentos de exuber\u00e2ncia reservados a poucas oportunidades do ano.<\/p>\n\n\n\n<p class=\"wp-block-paragraph\">A Aston Martin n\u00e3o se envolveu em uma batalha direta com nenhuma competidora, completamente isolada em s\u00e9timo lugar. \u00c0 frente apenas de Williams, Alfa Romeo e Haas, que sempre estiveram alguns patamares abaixo, o time brit\u00e2nico terminou o campeonato com quase metade dos pontos da AlphaTauri, sexta colocada: 142 a 77.<\/p>\n\n\n\n<p class=\"wp-block-paragraph\">Em 2022, a Aston Martin <a href=\"https:\/\/www.grandepremio.com\/br\/f1\/noticias\/aston-martin-fala-em-novas-descobertas-e-traca-metas-agressivas-para-carro-de-2022\/\" target=\"_blank\" rel=\"noreferrer noopener\">se apega \u00e0 revolu\u00e7\u00e3o causada pelo novo regulamento t\u00e9cnico<\/a>, em que todas as equipes v\u00e3o construir novos carros para se adequar ao novo formato. <a href=\"https:\/\/www.grandepremio.com\/br\/f1\/noticias\/aston-martin-quer-levantar-1-bilhao-fundos-desenvolver-fabrica\/\" target=\"_blank\" rel=\"noreferrer noopener\">Em uma equipe na qual dinheiro n\u00e3o \u00e9 problema<\/a>, \u00e9 necess\u00e1rio entender que isso tamb\u00e9m n\u00e3o \u00e9 tudo na F\u00f3rmula 1. Com um investimento bilion\u00e1rio e uma equipe que se expande cada vez mais, o futuro na escuderia \u00e9 realmente promissor.<\/p>\n\n\n\n<p class=\"wp-block-paragraph\">Mas \u00e9 necess\u00e1rio que na pista, resultados melhores do que em 2021 aconte\u00e7am no ano que vem. Vettel e Stroll est\u00e3o confirmados como dupla de equipe para 2022, e certamente v\u00e3o tentar encerrar o pr\u00f3ximo ano sem o gosto amargo deixado pela temporada que acaba de se encerrar.<\/p>\n\n\n\n<figure class=\"wp-block-image size-large\"><img decoding=\"async\" src=\"https:\/\/www.grandepremio.com\/br\/wp-content\/uploads\/2021\/09\/GP2114_093646_J5A9990-e1631627109937-1024x529.jpg\" alt=\"ASTON MARTIN; LAWRENCE STROLL;\" class=\"wp-image-509108\"\/><figcaption>Lawrence Stroll promete ganhar um t\u00edtulo mundial com a Aston Martin em at\u00e9 cinco anos (Foto: Aston Martin)<\/figcaption><\/figure>\n","protected":false},"excerpt":{"rendered":"<p>Sebastian Vettel e Lance Stroll fizeram temporadas apagadas em 2021, com um carro que tinha muitas dificuldades na pista e n\u00e3o ofereceu competitividade \u00e0s outras equipes<\/p>\n","protected":false},"author":0,"featured_media":1000495917,"comment_status":"closed","ping_status":"closed","sticky":false,"template":"","format":"standard","meta":{"42wp_featured_image_caption":"","42wp_featured_image_credits":"","42wp_featured_video":"","42wp_featured_image_hidden":false,"42wp_authors_list":[],"footnotes":""},"categories":[2],"tags":[309,147,156,24837,24836,28285,485,1249,26939,210],"42wp_author":[47142],"class_list":["post-115373","post","type-post","status-publish","format-standard","has-post-thumbnail","hentry","category-f1","tag-aston-martin","tag-f1","tag-f1-2021","tag-formula-1-2","tag-grande-premio-2","tag-grandepremio","tag-lance-stroll","tag-retrospectiva","tag-retrospectiva-f1","tag-sebastian-vettel","42wp_author-jp-nascimento"],"_links":{"self":[{"href":"https:\/\/grandepremio.com\/br\/wp-json\/wp\/v2\/posts\/115373","targetHints":{"allow":["GET"]}}],"collection":[{"href":"https:\/\/grandepremio.com\/br\/wp-json\/wp\/v2\/posts"}],"about":[{"href":"https:\/\/grandepremio.com\/br\/wp-json\/wp\/v2\/types\/post"}],"replies":[{"embeddable":true,"href":"https:\/\/grandepremio.com\/br\/wp-json\/wp\/v2\/comments?post=115373"}],"version-history":[{"count":0,"href":"https:\/\/grandepremio.com\/br\/wp-json\/wp\/v2\/posts\/115373\/revisions"}],"wp:featuredmedia":[{"embeddable":true,"href":"https:\/\/grandepremio.com\/br\/wp-json\/wp\/v2\/media\/1000495917"}],"wp:attachment":[{"href":"https:\/\/grandepremio.com\/br\/wp-json\/wp\/v2\/media?parent=115373"}],"wp:term":[{"taxonomy":"category","embeddable":true,"href":"https:\/\/grandepremio.com\/br\/wp-json\/wp\/v2\/categories?post=115373"},{"taxonomy":"post_tag","embeddable":true,"href":"https:\/\/grandepremio.com\/br\/wp-json\/wp\/v2\/tags?post=115373"},{"taxonomy":"42wp_author","embeddable":true,"href":"https:\/\/grandepremio.com\/br\/wp-json\/wp\/v2\/42wp_author?post=115373"}],"curies":[{"name":"wp","href":"https:\/\/api.w.org\/{rel}","templated":true}]}}