{"id":115390,"date":"2021-12-25T05:00:00","date_gmt":"2021-12-25T08:00:00","guid":{"rendered":"https:\/\/grandepremio.com\/br\/noticias\/quem-vai-transmitir-formula-1-2022\/"},"modified":"2021-12-24T08:40:48","modified_gmt":"2021-12-24T11:40:48","slug":"quem-vai-transmitir-formula-1-2022","status":"publish","type":"post","link":"https:\/\/grandepremio.com\/br\/f1\/quem-vai-transmitir-formula-1-2022\/","title":{"rendered":"Quem vai transmitir a F\u00f3rmula 1 em 2022?"},"content":{"rendered":"\n<figure class=\"wp-block-embed is-type-video is-provider-youtube wp-block-embed-youtube wp-embed-aspect-16-9 wp-has-aspect-ratio\"><div class=\"wp-block-embed__wrapper\">\n<iframe loading=\"lazy\" title=\"ROSSI, R\u00c4IKK\u00d6NEN E CAIROLI: 2021 MARCA FIM DA LINHA PARA VETERANOS\" width=\"500\" height=\"281\" src=\"https:\/\/www.youtube.com\/embed\/pOeB5DgbKOE?feature=oembed\" frameborder=\"0\" allow=\"accelerometer; autoplay; clipboard-write; encrypted-media; gyroscope; picture-in-picture; web-share\" referrerpolicy=\"strict-origin-when-cross-origin\" allowfullscreen><\/iframe>\n<\/div><figcaption>ROSSI, R\u00c4IKK\u00d6NEN E CAIROLI: 2021 MARCA FIM DA LINHA PARA VETERANOS<\/figcaption><\/figure>\n\n\n\n<p class=\"wp-block-paragraph\">O Grupo Bandeirantes vai seguir encarregado de transmitir a F\u00f3rmula 1 na temporada 2022. Depois de um primeiro ano avaliado como positivo pela emissora do Morumbi, a principal categoria do automobilismo mundial seguir\u00e1 com espa\u00e7o nos canais Band e BandSports.<\/p>\n\n\n\n<p class=\"wp-block-paragraph\">Depois da desist\u00eancia da TV Globo, que transmitiu a F\u00f3rmula 1 quase que interruptamente desde 1972 \u2015 com exce\u00e7\u00e3o de 1980 \u2015, a Band assinou um contrato de dois anos com o Liberty Media e passou a transmitir o campeonato em 2021, inclusive contando com uma equipe de transmiss\u00e3o com a qual o p\u00fablico j\u00e1 estava acostumado.<\/p>\n\n\n\n<figure class=\"wp-block-image size-large\"><img decoding=\"async\" src=\"https:\/\/www.grandepremio.com\/br\/wp-content\/uploads\/2021\/03\/F1_Band-1024x682.jpg\" alt=\"\" class=\"wp-image-453261\"\/><figcaption>Com a F1, a Band alcan\u00e7ou n\u00fameros importantes na audi\u00eancia em 2021 (Foto: Tatiane Moreno\/Band)<\/figcaption><\/figure>\n\n\n\n<p class=\"wp-block-paragraph\">Assim como em 2021, o campeonato do pr\u00f3ximo ano ter\u00e1 a narra\u00e7\u00e3o de Sergio Maur\u00edcio, com coment\u00e1rios de Reginaldo Leme, Felipe Giaffone e Max Wilson. Mariana Becker segue acompanhando a temporada \u2018in loco\u2019 como rep\u00f3rter.<\/p>\n\n\n\n<p class=\"wp-block-paragraph\">Diretor de Esportes da Band e do BandSports, Denis Gavazzi fez um balan\u00e7o positivo do primeiro ano de transmiss\u00e3o e disse ao <strong>GRANDE PR\u00caMIO<\/strong> que a categoria j\u00e1 \u00e9 o principal produto esportivo dos canais.<\/p>\n\n\n\n<p class=\"wp-block-paragraph\">&#8220;A F\u00f3rmula 1 agregou demais \u00e0 nossa programa\u00e7\u00e3o\u201d, avaliou Gavazzi. \u201cAtualmente, \u00e9 o principal produto esportivo do Grupo Bandeirantes\u201d, seguiu.<\/p>\n\n\n\n<p class=\"wp-block-paragraph\">\u201cA categoria tem um p\u00fablico qualificado e valioso, que adora automobilismo e procura a Band para acompanhar as corridas. Estamos crescendo e fazendo um trabalho de divulga\u00e7\u00e3o cada vez maior\u201d, comentou.<\/p>\n\n\n\n<figure class=\"wp-block-image size-large\"><img decoding=\"async\" src=\"https:\/\/www.grandepremio.com\/br\/wp-content\/uploads\/2021\/12\/SI202112120256_news-1024x649.jpg\" alt=\"LEWIS HAMILTON; MAX VERSTAPPEN; F1; F\u00d3RMULA 1;\" class=\"wp-image-531802\"\/><figcaption>Batalha pelo t\u00edtulo da F\u00f3rmula 1 levou a Band \u00e0 lideran\u00e7a do Ibope (Foto: Lars Baron\/Getty Images\/Red Bull Content Pool)<\/figcaption><\/figure>\n\n\n\n<p class=\"wp-block-paragraph\">Para 2022, a meta da Band \u00e9 atrair ainda mais p\u00fablico para as corridas da F1. Na decis\u00e3o deste ano, o GP de Abu Dhabi, a Band chegou a liderar a audi\u00eancia da TV brasileira. Segundo o site especializado <a href=\"https:\/\/teleguiado.com\/televisao\/a-formula-1-e-a-grande-estrela-da-band-em-2021\/\">Teleguiado<\/a>, a <a href=\"https:\/\/www.grandepremio.com\/br\/f1\/noticias\/band-chega-liderar-audiencia-dois-pontos-vantagem-gp-de-abu-dhabi\/\">emissora alcan\u00e7ou picos de 6,8 pontos com a disputa entre Max Verstappen e Lewis Hamilton pelo t\u00edtulo mundial<\/a>.<\/p>\n\n\n\n<p class=\"wp-block-paragraph\">\u201cA nossa meta \u00e9 trazer mais gente para acompanhar a F1 na emissora e, para isso, \u00e9 fundamental chamarmos a aten\u00e7\u00e3o de quem sempre acompanhou o esporte na televis\u00e3o, mas que hoje est\u00e1 buscando conte\u00fado na internet, streaming e aplicativos\u201d, ponderou Gavazzi ao <strong>GP<\/strong>. <\/p>\n\n\n\n<p class=\"wp-block-paragraph\">\u201cAcredito que esse \u00e9 um outro p\u00fablico que precisamos conquistar, sem deixar de tratar da melhor maneira poss\u00edvel as pessoas que s\u00e3o apaixonadas por automobilismo e que gostam de uma transmiss\u00e3o com boas informa\u00e7\u00f5es\u201d, completou.<\/p>\n\n\n\n<p class=\"wp-block-paragraph\">O espectador tem, ainda, a op\u00e7\u00e3o de assistir ao campeonato pela F1 TV Pro, o servi\u00e7o de streaming da categoria que chegou ao Brasil em 2021. O servi\u00e7o permite acesso a todas as sess\u00f5es ao vivo, disponibilizando tamb\u00e9m as c\u00e2meras onboard.<\/p>\n\n\n\n<p class=\"wp-block-paragraph\">Trata-se, contudo, de um servi\u00e7o pago, com assinatura nas vers\u00f5es mensal e anual. No pacote Pro, que disponibiliza sess\u00f5es ao vivo, al\u00e9m de F2, F3 e Porsche Supercup, o custo anual \u00e9 de US$ 39,99 (cerca de R$ 229 \u2015 na cota\u00e7\u00e3o do d\u00f3lar norte-americano de 22 de dezembro), enquanto que o pacote Access, que permite acesso a replays e acervo hist\u00f3rico, custa US$ 26,99 (aproximadamente R$ 154,50) por ano.<\/p>\n\n\n\n<p class=\"wp-block-paragraph\">A temporada 2022 da F\u00f3rmula 1 est\u00e1 prevista para come\u00e7ar em 20 de mar\u00e7o, com o GP do Bahrei, em Sakhir.<\/p>\n\n\n\n<figure class=\"wp-block-image\"><a href=\"https:\/\/www.grandepremio.com\/br\/valentino-rossi-46\/\"><img decoding=\"async\" src=\"https:\/\/www.grandepremio.com\/br\/wp-content\/uploads\/2020\/05\/WhatsApp-Image-2021-11-16-at-10.55.29-1024x486.jpeg\" alt=\"\" class=\"wp-image-526003\"\/><\/a><figcaption><a href=\"https:\/\/www.grandepremio.com\/br\/valentino-rossi-46\/\"><strong>GRANDE PR\u00caMIO<\/strong>&nbsp;lan\u00e7a especial que celebra carreira de Valentino Rossi.&nbsp;<strong>ACESSE<\/strong><\/a><\/figcaption><\/figure>\n\n\n\n<figure class=\"wp-block-embed is-type-video is-provider-youtube wp-block-embed-youtube wp-embed-aspect-16-9 wp-has-aspect-ratio\"><div class=\"wp-block-embed__wrapper\">\n<iframe loading=\"lazy\" title=\"MELHORES DO ANO 2021: VERSTAPPEN OU HAMILTON NA F1? MOTO, INDY, F\u00d3RMULA E E MUITO MAIS\" width=\"500\" height=\"281\" src=\"https:\/\/www.youtube.com\/embed\/UhM385kTJf4?feature=oembed\" frameborder=\"0\" allow=\"accelerometer; autoplay; clipboard-write; encrypted-media; gyroscope; picture-in-picture; web-share\" referrerpolicy=\"strict-origin-when-cross-origin\" allowfullscreen><\/iframe>\n<\/div><figcaption>MELHORES DO ANO 2021: VERSTAPPEN OU HAMILTON NA F1? MOTO, INDY, F\u00d3RMULA E E MUITO MAIS<\/figcaption><\/figure>\n\n\n\n<p class=\"wp-block-paragraph\"><\/p>\n","protected":false},"excerpt":{"rendered":"<p>Assim como em 2021, a Band e o BandSports seguir\u00e3o respons\u00e1veis pela transmiss\u00e3o da F\u00f3rmula 1 no Brasil. Emissora do Morumbi j\u00e1 tem na categoria o principal produto esportivo do grupo<\/p>\n","protected":false},"author":0,"featured_media":1000533711,"comment_status":"closed","ping_status":"closed","sticky":false,"template":"","format":"standard","meta":{"42wp_featured_image_caption":"","42wp_featured_image_credits":"","42wp_featured_video":"","42wp_featured_image_hidden":false,"42wp_authors_list":[],"footnotes":""},"categories":[2],"tags":[1280,147,1357,24837,26841],"42wp_author":[47113],"class_list":["post-115390","post","type-post","status-publish","format-standard","has-post-thumbnail","hentry","category-f1","tag-band","tag-f1","tag-f1-2022","tag-formula-1-2","tag-formula-1-2022","42wp_author-juliana-tesser"],"_links":{"self":[{"href":"https:\/\/grandepremio.com\/br\/wp-json\/wp\/v2\/posts\/115390","targetHints":{"allow":["GET"]}}],"collection":[{"href":"https:\/\/grandepremio.com\/br\/wp-json\/wp\/v2\/posts"}],"about":[{"href":"https:\/\/grandepremio.com\/br\/wp-json\/wp\/v2\/types\/post"}],"replies":[{"embeddable":true,"href":"https:\/\/grandepremio.com\/br\/wp-json\/wp\/v2\/comments?post=115390"}],"version-history":[{"count":0,"href":"https:\/\/grandepremio.com\/br\/wp-json\/wp\/v2\/posts\/115390\/revisions"}],"wp:featuredmedia":[{"embeddable":true,"href":"https:\/\/grandepremio.com\/br\/wp-json\/wp\/v2\/media\/1000533711"}],"wp:attachment":[{"href":"https:\/\/grandepremio.com\/br\/wp-json\/wp\/v2\/media?parent=115390"}],"wp:term":[{"taxonomy":"category","embeddable":true,"href":"https:\/\/grandepremio.com\/br\/wp-json\/wp\/v2\/categories?post=115390"},{"taxonomy":"post_tag","embeddable":true,"href":"https:\/\/grandepremio.com\/br\/wp-json\/wp\/v2\/tags?post=115390"},{"taxonomy":"42wp_author","embeddable":true,"href":"https:\/\/grandepremio.com\/br\/wp-json\/wp\/v2\/42wp_author?post=115390"}],"curies":[{"name":"wp","href":"https:\/\/api.w.org\/{rel}","templated":true}]}}