{"id":115412,"date":"2021-12-23T09:07:42","date_gmt":"2021-12-23T12:07:42","guid":{"rendered":"https:\/\/grandepremio.com\/br\/noticias\/formula-1-cogita-vacinacao-obrigatoria-covid-19\/"},"modified":"2021-12-23T09:07:48","modified_gmt":"2021-12-23T12:07:48","slug":"formula-1-cogita-vacinacao-obrigatoria-covid-19","status":"publish","type":"post","link":"https:\/\/grandepremio.com\/br\/f1\/formula-1-cogita-vacinacao-obrigatoria-covid-19\/","title":{"rendered":"F1 considera determinar a funcion\u00e1rios vacina\u00e7\u00e3o obrigat\u00f3ria contra Covid-19"},"content":{"rendered":"\n<figure class=\"wp-block-video\"><video class=\"video-js vjs-big-play-centered\" data-gp-vjs=\"1\" controls src=\"https:\/\/www.grandepremio.com\/br\/wp-content\/uploads\/2021\/12\/F1Covid.mp4\"><\/video><figcaption>A F1 lan\u00e7a campanha para defender e incentivar vacina\u00e7\u00e3o contra a Covid-19 (V\u00eddeo: F1)<\/figcaption><\/figure>\n\n\n\n<p class=\"wp-block-paragraph\">O recrudescimento da pandemia de Covid-19 nos Estados Unidos e em boa parte da Europa, na esteira do avan\u00e7o da nova variante \u00d4micron, tem colocado a F\u00f3rmula 1 em alerta. A maior das categorias avan\u00e7a para exigir vacina\u00e7\u00e3o obrigat\u00f3ria para todos os seus funcion\u00e1rios na temporada 2022. A proposta, inclusive, j\u00e1 foi aprovada pelo Conselho Mundial de Esporte a Motor da FIA (Federa\u00e7\u00e3o Internacional de Automobilismo), entidade que regula o campeonato.<\/p>\n\n\n\n<p class=\"wp-block-paragraph\">O avan\u00e7o da pandemia \u00e9 not\u00f3rio nos Estados Unidos, onde h\u00e1 forte atua\u00e7\u00e3o do movimento antivacina, foram registrados mais de 232 mil casos e 1.634 vidas perdidas apenas na \u00faltima quarta-feira (22), segundo o site World Meters. Na Gr\u00e3-Bretanha, o n\u00famero de casos positivos foi de 106.122 na \u00faltima quarta-feira e 140 \u00f3bitos registrados.<\/p>\n\n\n\n<p class=\"wp-block-paragraph\">Recentemente, a <a href=\"https:\/\/www.grandepremio.com\/br\/f1\/noticias\/formula-1-liera-campanha-incentiva-publico-vacinacao-contra-covid-19-faca-a-sua-parte\/\">F\u00f3rmula 1 divulgou uma campanha na qual incentiva a vacina\u00e7\u00e3o<\/a>. O v\u00eddeo contou com a participa\u00e7\u00e3o de praticamente todos os pilotos do grid, al\u00e9m de Stefano Domenicali e Jean Todt, que na semana passada deixou o posto de presidente da FIA.<\/p>\n\n\n\n<p class=\"wp-block-paragraph\"><strong>\u25b6\ufe0f\u00a0Inscreva-se nos dois canais do GRANDE PR\u00caMIO no YouTube:\u00a0<a href=\"https:\/\/www.youtube.com\/channel\/UC9OlHEgxoaY6QY6nWPoiqQg?sub_confirmation=1\" target=\"_blank\" rel=\"noreferrer noopener\">GP<\/a>\u00a0|\u00a0<a href=\"https:\/\/www.youtube.com\/channel\/UC9csiS6q_C3C0FYhyr1rnFA?sub_confirmation=1\" target=\"_blank\" rel=\"noreferrer noopener\">GP2<\/a><\/strong><\/p>\n\n\n\n<figure class=\"wp-block-image size-large\"><img decoding=\"async\" src=\"https:\/\/www.grandepremio.com\/br\/wp-content\/uploads\/2021\/11\/large-2021-Brazilian-Grand-Prix-Thursday-2-1024x683.jpg\" alt=\"ALFA ROMEO; GP DE S\u00c3O PAULO; INTERLAGOS\" class=\"wp-image-523812\"\/><figcaption>A F\u00f3rmula 1 cogita determinar vacina\u00e7\u00e3o obrigat\u00f3ria contra Covid-19 (Foto: Alfa Romeo)<\/figcaption><\/figure>\n\n\n\n<p class=\"wp-block-paragraph\">No meio da F\u00f3rmula 1, h\u00e1 uma grande ades\u00e3o \u00e0 vacina\u00e7\u00e3o. A \u00fanica voz dissonante foi do piloto do carro m\u00e9dico, o sul-africano Alan Van der Merwe, que proferiu discurso antivacina quando testou positivo para Covid-19 neste ano.<\/p>\n\n\n\n<p class=\"wp-block-paragraph\">Mas se depender da F\u00f3rmula 1 e da pr\u00f3pria FIA, profissionais envolvidos com a categoria s\u00f3 ser\u00e3o liberados para trabalhar se apresentarem o comprovante de vacina\u00e7\u00e3o.<\/p>\n\n\n\n<p class=\"wp-block-paragraph\">\u00c0 revista brit\u00e2nica Autosport, Bruno Famin, diretor de opera\u00e7\u00f5es da FIA respons\u00e1vel pelos protocolos de Covid-19, lembrou que todos os esfor\u00e7os s\u00e3o necess\u00e1rios para conter a pandemia.<\/p>\n\n\n\n<p class=\"wp-block-paragraph\">\u201cEm termos do que vai acontecer no ano que vem, \u00e9 um pouco cedo para dizer. H\u00e1 tr\u00eas semanas, todos n\u00f3s hav\u00edamos pensado que a pandemia estava quase acabando e que 2022 voltaria ao normal. Mas, infelizmente, com essa nova variante que temos na Europa, a pandemia est\u00e1 aumentando muito, e os hospitais est\u00e3o ficando cheios novamente\u201d, alertou.<\/p>\n\n\n\n<p class=\"wp-block-paragraph\">\u201cCentenas de milhares de pessoas s\u00e3o contaminadas todos os dias na Europa, ent\u00e3o temos de ter muito cuidado. Sabemos que em alguns lugares, em alguns eventos, a vacina\u00e7\u00e3o obrigat\u00f3ria est\u00e1 progredindo. Ent\u00e3o, isso \u00e9 algo que podemos considerar, mas por enquanto nada est\u00e1 decidido ainda\u201d, complementou.<\/p>\n\n\n\n<p class=\"wp-block-paragraph\">Stefano Domenicali, CEO e presidente da F\u00f3rmula 1, tamb\u00e9m refor\u00e7ou a import\u00e2ncia de se adotar a vacina\u00e7\u00e3o obrigat\u00f3ria para proteger ao m\u00e1ximo os funcion\u00e1rios em geral.<\/p>\n\n\n\n<p class=\"wp-block-paragraph\">\u201cTemos o problema da Covid para gerir novamente no ano que vem, e n\u00e3o vai ser f\u00e1cil. Mas, em dois anos de pandemia, completamos temporadas super intensas. Terminar uma temporada com 22 corridas nos deixa cautelosamente otimistas sobre como deve ser o come\u00e7o de 2022, quando, infelizmente, a Covid ainda pode estar presente\u201d, disse.<\/p>\n\n\n\n<p class=\"wp-block-paragraph\">\u201cMas n\u00e3o \u00e9 por acaso que uma das \u00faltimas coisas aprovadas no \u00faltimo Conselho Mundial da FIA, por precau\u00e7\u00e3o, \u00e9 ter todo o pessoal da F1 vacinado para estar no paddock\u201d, indicou Domenicali.<\/p>\n\n\n\n<p class=\"wp-block-paragraph\">Caber ressaltar que as vacinas salvam vidas e s\u00e3o seguras. Segundo a OMS (Organiza\u00e7\u00e3o Mundial de Sa\u00fade), as vacinas contra a Covid-19 foram testadas em grande escala, com testes controlados que incluem pessoas de ampla faixa et\u00e1ria, em todos os g\u00eaneros, etnias diferentes e em condi\u00e7\u00f5es m\u00e9dicas conhecidas. As vacinas mostraram um alto n\u00edvel de efic\u00e1cia em todas as popula\u00e7\u00f5es e s\u00e3o consideradas seguras e eficazes em pessoas com v\u00e1rias condi\u00e7\u00f5es m\u00e9dicas distintas.<\/p>\n\n\n\n<figure class=\"wp-block-embed is-type-video is-provider-youtube wp-block-embed-youtube wp-embed-aspect-16-9 wp-has-aspect-ratio\"><div class=\"wp-block-embed__wrapper\">\n<iframe loading=\"lazy\" title=\"VETTEL, ALONSO, SAINZ E RICCIARDO: COMO FORAM EM NOVAS EQUIPES NA F1 2021?\" width=\"500\" height=\"281\" src=\"https:\/\/www.youtube.com\/embed\/eIBjIr0lGAk?feature=oembed\" frameborder=\"0\" allow=\"accelerometer; autoplay; clipboard-write; encrypted-media; gyroscope; picture-in-picture; web-share\" referrerpolicy=\"strict-origin-when-cross-origin\" allowfullscreen><\/iframe>\n<\/div><figcaption>VETTEL, ALONSO, SAINZ E RICCIARDO: COMO FORAM EM NOVAS EQUIPES NA F1 2021?<\/figcaption><\/figure>\n","protected":false},"excerpt":{"rendered":"<p>Stefano Domenicali e Bruno Famin, CEO da F1 e diretor de opera\u00e7\u00f5es da FIA respons\u00e1vel pelos protocolos de Covid-19, afirmaram que a categoria caminha para exigir vacina\u00e7\u00e3o obrigat\u00f3ria de todos os seus profissionais<\/p>\n","protected":false},"author":0,"featured_media":1000531282,"comment_status":"closed","ping_status":"closed","sticky":false,"template":"","format":"standard","meta":{"42wp_featured_image_caption":"","42wp_featured_image_credits":"","42wp_featured_video":"","42wp_featured_image_hidden":false,"42wp_authors_list":[],"footnotes":""},"categories":[2],"tags":[11858,24858,147,156,24837,25536,24836,907,27078],"42wp_author":[47110],"class_list":["post-115412","post","type-post","status-publish","format-standard","has-post-thumbnail","hentry","category-f1","tag-bruno-famin","tag-covid-19","tag-f1","tag-f1-2021","tag-formula-1-2","tag-formula-1-2021-2","tag-grande-premio-2","tag-stefano-domenicali","tag-vacina","42wp_author-fernando-silva"],"_links":{"self":[{"href":"https:\/\/grandepremio.com\/br\/wp-json\/wp\/v2\/posts\/115412","targetHints":{"allow":["GET"]}}],"collection":[{"href":"https:\/\/grandepremio.com\/br\/wp-json\/wp\/v2\/posts"}],"about":[{"href":"https:\/\/grandepremio.com\/br\/wp-json\/wp\/v2\/types\/post"}],"replies":[{"embeddable":true,"href":"https:\/\/grandepremio.com\/br\/wp-json\/wp\/v2\/comments?post=115412"}],"version-history":[{"count":0,"href":"https:\/\/grandepremio.com\/br\/wp-json\/wp\/v2\/posts\/115412\/revisions"}],"wp:featuredmedia":[{"embeddable":true,"href":"https:\/\/grandepremio.com\/br\/wp-json\/wp\/v2\/media\/1000531282"}],"wp:attachment":[{"href":"https:\/\/grandepremio.com\/br\/wp-json\/wp\/v2\/media?parent=115412"}],"wp:term":[{"taxonomy":"category","embeddable":true,"href":"https:\/\/grandepremio.com\/br\/wp-json\/wp\/v2\/categories?post=115412"},{"taxonomy":"post_tag","embeddable":true,"href":"https:\/\/grandepremio.com\/br\/wp-json\/wp\/v2\/tags?post=115412"},{"taxonomy":"42wp_author","embeddable":true,"href":"https:\/\/grandepremio.com\/br\/wp-json\/wp\/v2\/42wp_author?post=115412"}],"curies":[{"name":"wp","href":"https:\/\/api.w.org\/{rel}","templated":true}]}}