{"id":115413,"date":"2021-12-23T05:15:00","date_gmt":"2021-12-23T08:15:00","guid":{"rendered":"https:\/\/grandepremio.com\/br\/noticias\/honda-diz-que-trabalho-incansavel-gerou-titulo-max-verstappen-f1-2021\/"},"modified":"2021-12-22T11:58:53","modified_gmt":"2021-12-22T14:58:53","slug":"honda-diz-que-trabalho-incansavel-gerou-titulo-max-verstappen-f1-2021","status":"publish","type":"post","link":"https:\/\/grandepremio.com\/br\/f1\/honda-diz-que-trabalho-incansavel-gerou-titulo-max-verstappen-f1-2021\/","title":{"rendered":"Honda diz que &#8220;trabalho incans\u00e1vel&#8221; gerou t\u00edtulo de Verstappen na F\u00f3rmula 1 2021"},"content":{"rendered":"\n<figure class=\"wp-block-embed is-type-video is-provider-youtube wp-block-embed-youtube wp-embed-aspect-16-9 wp-has-aspect-ratio\"><div class=\"wp-block-embed__wrapper\">\n<iframe loading=\"lazy\" title=\"ROSSI, R\u00c4IKK\u00d6NEN E CAIROLI: 2021 MARCA FIM DA LINHA PARA VETERANOS\" width=\"500\" height=\"281\" src=\"https:\/\/www.youtube.com\/embed\/pOeB5DgbKOE?feature=oembed\" frameborder=\"0\" allow=\"accelerometer; autoplay; clipboard-write; encrypted-media; gyroscope; picture-in-picture; web-share\" referrerpolicy=\"strict-origin-when-cross-origin\" allowfullscreen><\/iframe>\n<\/div><\/figure>\n\n\n\n<p class=\"wp-block-paragraph\">A Honda voltou \u00e0 F\u00f3rmula 1 em 2015, com a McLaren, mas s\u00f3 voltou a andar em carros prontos para vencer em 2019, quando fechou com Red Bull e Toro Rosso \u2014 atualmente AlphaTauri. Em 2021, veio a consagra\u00e7\u00e3o, com o t\u00edtulo mundial obtido por Max Verstappen.<\/p>\n\n\n\n<p class=\"wp-block-paragraph\">Com a Red Bull, a montadora japonesa alcan\u00e7ou 16 vit\u00f3rias, sendo a \u00faltima em Abu Dhabi, na prova que definiu o t\u00edtulo para Verstappen. Em entrevista ao site Autosport, Toyoharu Tanabe, diretor-t\u00e9cnico da Honda na F1, comentou sobre os feitos alcan\u00e7os nessa parceria.<\/p>\n\n\n\n<p class=\"wp-block-paragraph\">&#8220;A conquista do t\u00edtulo mundial do Max \u00e9 um feito enorme para n\u00f3s, pois estamos no esporte desde 2015 e foi um dif\u00edcil per\u00edodo para n\u00f3s, gradualmente evoluindo por sete anos. No ano passado, ficamos bem atr\u00e1s da Mercedes, mas estou feliz que chegamos t\u00e3o longe este ano, brigando nos campeonatos de Pilotos e Construtores&#8221;, disse Tanabe.<\/p>\n\n\n\n<figure class=\"wp-block-image size-large\"><img decoding=\"async\" src=\"https:\/\/www.grandepremio.com\/br\/wp-content\/uploads\/2021\/12\/SI202112100202_hires_jpeg_24bit_rgb-1024x673.jpg\" alt=\"\" class=\"wp-image-530972\"\/><figcaption>Max Verstappen conquistou o primeiro t\u00edtulo para a Honda desde que voltou \u00e0 F1 (Foto: Clive Rose\/Getty Images)<\/figcaption><\/figure>\n\n\n\n<p class=\"wp-block-paragraph\"><strong>\u25b6\ufe0f\u00a0Inscreva-se nos dois canais do GRANDE PR\u00caMIO no YouTube:\u00a0<a href=\"https:\/\/www.youtube.com\/channel\/UC9OlHEgxoaY6QY6nWPoiqQg?sub_confirmation=1\" target=\"_blank\" rel=\"noreferrer noopener\">GP<\/a>\u00a0|\u00a0<a href=\"https:\/\/www.youtube.com\/channel\/UC9csiS6q_C3C0FYhyr1rnFA?sub_confirmation=1\" target=\"_blank\" rel=\"noreferrer noopener\">GP2<\/a><\/strong><\/p>\n\n\n\n<p class=\"wp-block-paragraph\">&#8220;Infelizmente, n\u00e3o conseguimos o t\u00edtulo de Construtores, mas acho que a raz\u00e3o para chegarmos t\u00e3o longe \u00e9 porque acreditamos em nossa tecnologia e fomos determinados em fazer o necess\u00e1rio para vencer&#8221;, seguiu.<\/p>\n\n\n\n<p class=\"wp-block-paragraph\">&#8220;Trabalhamos de maneira incans\u00e1vel para desenvolver nossa tecnologia. Tivemos apoios de nosso grupo de opera\u00e7\u00f5es, de viagens e nossas fam\u00edlias, que nos ajudaram a alcan\u00e7ar esse feito&#8221;, concluiu o dirigente.<\/p>\n\n\n\n<p class=\"wp-block-paragraph\">A Honda saiu oficialmente da F\u00f3rmula 1, como fornecedora de motores, ao fim da temporada, <a href=\"https:\/\/www.grandepremio.com\/br\/f1\/noticias\/honda-confirma-colaboracao-red-bull-para-motores-na-formula-1-2022\/\">mas vai manter a colabora\u00e7\u00e3o<\/a> com a Red Bull no desenvolvimento dos novos motores como parte do processo de transi\u00e7\u00e3o que vai culminar com a nova divis\u00e3o da marca taurina, a Red Bull Powertrains.<\/p>\n\n\n\n<p class=\"wp-block-paragraph\">A partir de 2022, tudo o que vai estar relacionado \u00e0 Honda na F\u00f3rmula 1 ser\u00e1 parte do \u2018guarda-chuva\u2019 da Honda Racing Corporation, a HRC, que responde h\u00e1 muitos anos pela divis\u00e3o vitoriosa no Mundial de Motovelocidade.<\/p>\n\n\n\n<p class=\"wp-block-paragraph\"><strong>LEIA TAMB\u00c9M<\/strong><br><strong>#\u00a0<a href=\"https:\/\/www.grandepremio.com\/br\/f1\/noticias\/max-verstappen-campeao-consolida-troca-de-guarda-fim-da-dinastia-lewis-hamilton-formula-1\/\">Campe\u00e3o, Verstappen consolida troca de guarda e fim da dinastia Hamilton na F1<\/a><\/strong><br><strong>#\u00a0<a href=\"https:\/\/www.grandepremio.com\/br\/f1\/noticias\/max-verstappen-triunfa-rivalidade-contra-nemesis-vida-apenas-24-anos\/\">Verstappen triunfa em rivalidade contra n\u00eamesis de uma vida apenas aos 24 anos<\/a><\/strong><br><strong>#\u00a0<a href=\"https:\/\/www.grandepremio.com\/br\/f1\/noticias\/verstappen-vence-batalha-ardua-primeiro-titulo-sinaliza-nova-era-f1\/\">Verstappen vence batalha \u00e1rdua em primeiro t\u00edtulo e sinaliza nova era na\u00a0<\/a><a href=\"https:\/\/www.grandepremio.com\/formula-1\/\" target=\"_blank\" rel=\"noreferrer noopener\">F\u00f3rmula 1<\/a><\/strong><br>#\u00a0<strong><a href=\"https:\/\/www.grandepremio.com\/br\/equipe\/f1\/2020\/red-bull-racing\/\" target=\"_blank\" rel=\"noreferrer noopener\">Red Bull<\/a><a href=\"https:\/\/www.grandepremio.com\/br\/f1\/noticias\/red-bull-enfim-entrega-carro-vencedor-e-da-condicao-de-titulo-a-verstappen-na-formula-1\/\">\u00a0enfim entrega carro vencedor e d\u00e1 condi\u00e7\u00e3o de t\u00edtulo a Verstappen na F1<\/a><\/strong><\/p>\n\n\n\n<figure class=\"wp-block-embed is-type-video is-provider-youtube wp-block-embed-youtube wp-embed-aspect-16-9 wp-has-aspect-ratio\"><div class=\"wp-block-embed__wrapper\">\n<iframe loading=\"lazy\" title=\"MELHORES DO ANO 2021: VERSTAPPEN OU HAMILTON NA F1? MOTO, INDY, F\u00d3RMULA E E MUITO MAIS\" width=\"500\" height=\"281\" src=\"https:\/\/www.youtube.com\/embed\/UhM385kTJf4?feature=oembed\" frameborder=\"0\" allow=\"accelerometer; autoplay; clipboard-write; encrypted-media; gyroscope; picture-in-picture; web-share\" referrerpolicy=\"strict-origin-when-cross-origin\" allowfullscreen><\/iframe>\n<\/div><\/figure>\n","protected":false},"excerpt":{"rendered":"<p>Depois de tr\u00eas anos de parceria, a Honda finalmente conseguiu um t\u00edtulo com a Red Bull, mas a partir do pr\u00f3ximo campeonato n\u00e3o vai oficialmente fazer parte do grid da F\u00f3rmula 1<\/p>\n","protected":false},"author":0,"featured_media":1000531627,"comment_status":"closed","ping_status":"closed","sticky":false,"template":"","format":"standard","meta":{"42wp_featured_image_caption":"","42wp_featured_image_credits":"","42wp_featured_video":"","42wp_featured_image_hidden":false,"42wp_authors_list":[],"footnotes":""},"categories":[2],"tags":[1276,524,26271,147,156,24837,25536,130,203,204],"42wp_author":[47135],"class_list":["post-115413","post","type-post","status-publish","format-standard","has-post-thumbnail","hentry","category-f1","tag-abu-dhabi","tag-alphatauri","tag-calendario-f1","tag-f1","tag-f1-2021","tag-formula-1-2","tag-formula-1-2021-2","tag-honda","tag-max-verstappen","tag-red-bull","42wp_author-pedro-luis-cuenca"],"_links":{"self":[{"href":"https:\/\/grandepremio.com\/br\/wp-json\/wp\/v2\/posts\/115413","targetHints":{"allow":["GET"]}}],"collection":[{"href":"https:\/\/grandepremio.com\/br\/wp-json\/wp\/v2\/posts"}],"about":[{"href":"https:\/\/grandepremio.com\/br\/wp-json\/wp\/v2\/types\/post"}],"replies":[{"embeddable":true,"href":"https:\/\/grandepremio.com\/br\/wp-json\/wp\/v2\/comments?post=115413"}],"version-history":[{"count":0,"href":"https:\/\/grandepremio.com\/br\/wp-json\/wp\/v2\/posts\/115413\/revisions"}],"wp:featuredmedia":[{"embeddable":true,"href":"https:\/\/grandepremio.com\/br\/wp-json\/wp\/v2\/media\/1000531627"}],"wp:attachment":[{"href":"https:\/\/grandepremio.com\/br\/wp-json\/wp\/v2\/media?parent=115413"}],"wp:term":[{"taxonomy":"category","embeddable":true,"href":"https:\/\/grandepremio.com\/br\/wp-json\/wp\/v2\/categories?post=115413"},{"taxonomy":"post_tag","embeddable":true,"href":"https:\/\/grandepremio.com\/br\/wp-json\/wp\/v2\/tags?post=115413"},{"taxonomy":"42wp_author","embeddable":true,"href":"https:\/\/grandepremio.com\/br\/wp-json\/wp\/v2\/42wp_author?post=115413"}],"curies":[{"name":"wp","href":"https:\/\/api.w.org\/{rel}","templated":true}]}}