{"id":115415,"date":"2021-12-23T04:30:00","date_gmt":"2021-12-23T07:30:00","guid":{"rendered":"https:\/\/grandepremio.com\/br\/noticias\/alpine-garante-fernando-alonso-pronto-para-2022-e-destaca-podio-no-catar-no-lugar-que-merece\/"},"modified":"2021-12-22T14:14:30","modified_gmt":"2021-12-22T17:14:30","slug":"alpine-garante-fernando-alonso-pronto-para-2022-e-destaca-podio-no-catar-no-lugar-que-merece","status":"publish","type":"post","link":"https:\/\/grandepremio.com\/br\/f1\/alpine-garante-fernando-alonso-pronto-para-2022-e-destaca-podio-no-catar-no-lugar-que-merece\/","title":{"rendered":"Alpine garante Alonso pronto para 2022 e destaca p\u00f3dio no Catar: &#8220;No lugar que merece&#8221;"},"content":{"rendered":"\n<figure class=\"wp-block-embed is-type-video is-provider-youtube wp-block-embed-youtube wp-embed-aspect-16-9 wp-has-aspect-ratio\"><div class=\"wp-block-embed__wrapper\">\n<iframe loading=\"lazy\" title=\"VERSTAPPEN CAMPE\u00c3O SOBRE HAMILTON: TUDO SOBRE A F1 2021 | Paddock GP #272\" width=\"500\" height=\"281\" src=\"https:\/\/www.youtube.com\/embed\/PtNTlYMibDU?feature=oembed\" frameborder=\"0\" allow=\"accelerometer; autoplay; clipboard-write; encrypted-media; gyroscope; picture-in-picture; web-share\" referrerpolicy=\"strict-origin-when-cross-origin\" allowfullscreen><\/iframe>\n<\/div><figcaption>VERSTAPPEN CAMPE\u00c3O SOBRE HAMILTON: TUDO SOBRE A F1 2021 | Paddock GP #272<\/figcaption><\/figure>\n\n\n\n<p class=\"wp-block-paragraph\">O p\u00f3dio de Fernando Alonso no GP do Catar de 2021, seu primeiro nos \u00faltimos sete anos, n\u00e3o foi comemorado apenas pelo piloto espanhol. A Alpine, que fez a estreia em 2021 sob a nova alcunha ap\u00f3s utilizar o nome Renault em seus melhores dias na F1, deu oportunidade ao veterano para que ele fizesse seu retorno \u00e0 categoria ap\u00f3s um per\u00edodo sab\u00e1tico. E o diretor executivo da companhia, Laurent Rossi, garantiu que o terceiro lugar em Losail \u00e9 um sinal de que Alonso est\u00e1 pronto para 2022.<\/p>\n\n\n\n<p class=\"wp-block-paragraph\">&#8220;Fernando [Alonso] pilotou muito bem em sua temporada de retorno. Com o p\u00f3dio no Catar, ficamos todos muito felizes de v\u00ea-lo no lugar que merece&#8221;, celebrou. &#8220;Sabemos que com ele, temos um alto n\u00edvel de experi\u00eancia e maturidade em face do grande desafio do regulamento de 2022&#8221;, comentou Rossi no resumo de temporada da Alpine.<\/p>\n\n\n\n<p class=\"wp-block-paragraph\"><strong>\u25b6\ufe0f\u00a0Inscreva-se nos dois canais do GRANDE PR\u00caMIO no YouTube:\u00a0<a href=\"https:\/\/www.youtube.com\/channel\/UC9OlHEgxoaY6QY6nWPoiqQg?sub_confirmation=1\" target=\"_blank\" rel=\"noreferrer noopener\">GP<\/a>\u00a0|\u00a0<a href=\"https:\/\/www.youtube.com\/channel\/UC9csiS6q_C3C0FYhyr1rnFA?sub_confirmation=1\" target=\"_blank\" rel=\"noreferrer noopener\">GP2<\/a><\/strong><\/p>\n\n\n\n<figure class=\"wp-block-image size-large\"><img decoding=\"async\" src=\"https:\/\/www.grandepremio.com\/br\/wp-content\/uploads\/2021\/08\/02521010_JDEL9305.JPG_-1024x683.jpg\" alt=\"LAURENT ROSSI; FERNANDO ALONSO; ALPINE; RENOVA\u00c7\u00c3O;\" class=\"wp-image-502349\"\/><figcaption>Laurent Rossi e Fernando Alonso na renova\u00e7\u00e3o de contrato do espanhol at\u00e9 2022 (Foto: Alpine F1 Team)<\/figcaption><\/figure>\n\n\n\n<p class=\"wp-block-paragraph\">Por outro lado, o dirigente aplaudiu o trabalho desempenhado pela equipe da Alpine em um ano no qual a equipe n\u00e3o tinha o melhor equipamento \u00e0 disposi\u00e7\u00e3o \u2014 terminou no quinto lugar do Mundial de Construtores. No entanto, ainda assim a equipe conseguiu marcar pontos em 20 das 22 corridas disputadas na temporada, gra\u00e7as a um bom ano de seus pilotos a escolhas acertadas nas estrat\u00e9gias.<\/p>\n\n\n\n<p class=\"wp-block-paragraph\">&#8220;A equipe mostrou um grande n\u00edvel de consist\u00eancia desde o in\u00edcio, j\u00e1 que o conjunto n\u00e3o estava na posi\u00e7\u00e3o que quer\u00edamos. Marcamos pontos em 15 corridas consecutivas e sa\u00edmos de m\u00e3os abanando em apenas duas&#8221;, lembrou. &#8220;A consist\u00eancia tem sido incr\u00edvel e esse primeiro ano de Alpine tem sido um grande trampolim para podermos crescer e chegar bem preparados para a nova era de 2022&#8221;, disse.<\/p>\n\n\n\n<p class=\"wp-block-paragraph\">Por fim, Rossi ressaltou a uni\u00e3o e o trabalho de equipe da Alpine, fundamentais nos dois p\u00f3dios da equipe na temporada. Na Hungria, Alonso atrapalhou Lewis Hamilton o suficiente para que Ocon conseguisse se manter \u00e0 frente do heptacampe\u00e3o e conquistar sua primeira vit\u00f3ria na F\u00f3rmula 1.<\/p>\n\n\n\n<p class=\"wp-block-paragraph\"><strong>Conhe\u00e7a o canal do Grande Pr\u00eamio no YouTube! Clique\u00a0<a target=\"_blank\" href=\"https:\/\/youtube.com\/GrandePremioTV\" rel=\"noreferrer noopener\">aqui<\/a>.<\/strong><br><strong>Siga o Grande Pr\u00eamio no\u00a0<a target=\"_blank\" href=\"https:\/\/twitter.com\/grandepremio\" rel=\"noreferrer noopener\">Twitter\u00a0<\/a>e no\u00a0<a target=\"_blank\" href=\"https:\/\/instagram.com\/grandepremio\" rel=\"noreferrer noopener\">Instagram<\/a>!<\/strong><\/p>\n\n\n\n<figure class=\"wp-block-image size-large\"><img decoding=\"async\" src=\"https:\/\/www.grandepremio.com\/br\/wp-content\/uploads\/2021\/08\/alpine-estebanocon-01-1-819x1024.jpg\" alt=\"\" class=\"wp-image-495912\"\/><figcaption>Esteban Ocon venceu pela primeira vez na F1 em 2021, na Hungria (Foto: Alpine)<\/figcaption><\/figure>\n\n\n\n<p class=\"wp-block-paragraph\">J\u00e1 na reta final do campeonato, foi a vez do espanhol subir ao p\u00f3dio do GP do Catar na terceira posi\u00e7\u00e3o, tamb\u00e9m contando com a ajuda de seu companheiro de equipe ao segurar \u2014 ainda que por pouco tempo \u2014 a Red Bull de Sergio P\u00e9rez. Foi o primeiro p\u00f3dio de Alonso desde 2014, na China, ainda pela Ferrari.<\/p>\n\n\n\n<p class=\"wp-block-paragraph\">&#8220;Estamos todos felizes de ter uma pequena pausa agora, mas estamos ansiosos para nos juntarmos de novo na pr\u00f3xima temporada&#8221;, afirmou. &#8220;A uni\u00e3o foi muito grande este ano, em adi\u00e7\u00e3o \u00e0 de nossos dois pilotos. Em uma categoria complexa e competitiva como a F\u00f3rmula 1, o esp\u00edrito de equipe \u00e9 muito importante&#8221;, encerrou.<\/p>\n\n\n\n<figure class=\"wp-block-video\"><video class=\"video-js vjs-big-play-centered\" data-gp-vjs=\"1\" controls src=\"https:\/\/www.grandepremio.com\/br\/wp-content\/uploads\/2021\/12\/Verstappen-x-Hamilton-ultima-volta.mp4\"><\/video><figcaption>A dram\u00e1tica \u00faltima volta do GP de Abu Dhabi de F1 (V\u00eddeo: TSN)<\/figcaption><\/figure>\n","protected":false},"excerpt":{"rendered":"<p>Diretor executivo da Alpine, Laurent Rossi exaltou resultado alcan\u00e7ado por Fernando Alonso no GP do Catar e garantiu que veterano piloto est\u00e1 pronto para os novos desafios de 2022<\/p>\n","protected":false},"author":0,"featured_media":1000527190,"comment_status":"closed","ping_status":"closed","sticky":false,"template":"","format":"standard","meta":{"42wp_featured_image_caption":"","42wp_featured_image_credits":"","42wp_featured_video":"","42wp_featured_image_hidden":false,"42wp_authors_list":[],"footnotes":""},"categories":[2],"tags":[20491,302,147,156,176,24837,600,24836,28285,27073,5790],"42wp_author":[47142],"class_list":["post-115415","post","type-post","status-publish","format-standard","has-post-thumbnail","hentry","category-f1","tag-alpine","tag-esteban-ocon","tag-f1","tag-f1-2021","tag-fernando-alonso","tag-formula-1-2","tag-gp-do-catar","tag-grande-premio-2","tag-grandepremio","tag-laurent-rossi","tag-losail","42wp_author-jp-nascimento"],"_links":{"self":[{"href":"https:\/\/grandepremio.com\/br\/wp-json\/wp\/v2\/posts\/115415","targetHints":{"allow":["GET"]}}],"collection":[{"href":"https:\/\/grandepremio.com\/br\/wp-json\/wp\/v2\/posts"}],"about":[{"href":"https:\/\/grandepremio.com\/br\/wp-json\/wp\/v2\/types\/post"}],"replies":[{"embeddable":true,"href":"https:\/\/grandepremio.com\/br\/wp-json\/wp\/v2\/comments?post=115415"}],"version-history":[{"count":0,"href":"https:\/\/grandepremio.com\/br\/wp-json\/wp\/v2\/posts\/115415\/revisions"}],"wp:featuredmedia":[{"embeddable":true,"href":"https:\/\/grandepremio.com\/br\/wp-json\/wp\/v2\/media\/1000527190"}],"wp:attachment":[{"href":"https:\/\/grandepremio.com\/br\/wp-json\/wp\/v2\/media?parent=115415"}],"wp:term":[{"taxonomy":"category","embeddable":true,"href":"https:\/\/grandepremio.com\/br\/wp-json\/wp\/v2\/categories?post=115415"},{"taxonomy":"post_tag","embeddable":true,"href":"https:\/\/grandepremio.com\/br\/wp-json\/wp\/v2\/tags?post=115415"},{"taxonomy":"42wp_author","embeddable":true,"href":"https:\/\/grandepremio.com\/br\/wp-json\/wp\/v2\/42wp_author?post=115415"}],"curies":[{"name":"wp","href":"https:\/\/api.w.org\/{rel}","templated":true}]}}