{"id":115453,"date":"2021-12-21T06:30:00","date_gmt":"2021-12-21T09:30:00","guid":{"rendered":"https:\/\/grandepremio.com\/br\/noticias\/melhores-do-ano-2021-1-2-mclaren-monza-leva-surpresa-da-temporada\/"},"modified":"2021-12-19T12:53:17","modified_gmt":"2021-12-19T15:53:17","slug":"melhores-do-ano-2021-1-2-mclaren-monza-leva-surpresa-da-temporada","status":"publish","type":"post","link":"https:\/\/grandepremio.com\/br\/f1\/melhores-do-ano-2021-1-2-mclaren-monza-leva-surpresa-da-temporada\/","title":{"rendered":"Melhores do Ano 2021: 1-2 da McLaren em Monza leva como surpresa da temporada"},"content":{"rendered":"\n<figure class=\"wp-block-embed is-type-video is-provider-youtube wp-block-embed-youtube wp-embed-aspect-16-9 wp-has-aspect-ratio\"><div class=\"wp-block-embed__wrapper\">\n<iframe loading=\"lazy\" title=\"MELHORES DO ANO 2021: VERSTAPPEN OU HAMILTON NA F1? MOTO, INDY, F\u00d3RMULA E E MUITO MAIS\" width=\"500\" height=\"281\" src=\"https:\/\/www.youtube.com\/embed\/UhM385kTJf4?feature=oembed\" frameborder=\"0\" allow=\"accelerometer; autoplay; clipboard-write; encrypted-media; gyroscope; picture-in-picture; web-share\" referrerpolicy=\"strict-origin-when-cross-origin\" allowfullscreen><\/iframe>\n<\/div><\/figure>\n\n\n\n<p class=\"wp-block-paragraph\">Nem o mais otimista torcedor da McLaren poderia imaginar que a equipe fosse fazer uma dobradinha na temporada 2021 da F\u00f3rmula 1. Mais ainda: que s\u00f3 o time dos carros laranjas seria capaz de ter 1-2 no ano. N\u00e3o de gra\u00e7a, o feito da McLaren em Monza foi eleito a Surpresa no Melhores do Ano 2021.<\/p>\n\n\n\n<p class=\"wp-block-paragraph\">Depois da vit\u00f3ria de Daniel Ricciardo, outro resultado nada esperado na F1 entrou na lista. Com 24%, ou seja, 10% a menos que a op\u00e7\u00e3o vencedora, apareceu o triunfo de Esteban Ocon na Hungria, seguido de muito perto pela sensacional e equilibrada F\u00f3rmula 1 2021.<\/p>\n\n\n\n<figure class=\"wp-block-image size-large\"><img decoding=\"async\" src=\"https:\/\/www.grandepremio.com\/br\/wp-content\/uploads\/2021\/09\/mclaren-danielricciardo-03-1024x683.jpg\" alt=\"\" class=\"wp-image-508699\"\/><figcaption>Daniel Ricciardo conquistou o primeiro p\u00f3dio com a McLaren com um 1-2 em Monza (Foto: McLaren)<\/figcaption><\/figure>\n\n\n\n<p class=\"wp-block-paragraph\">O triunfo brilhante que colocou Helio Castroneves como recordista de vit\u00f3rias na Indy 500 ficou ali em quarto, enquanto a temporada de novato de Romain Grosjean tamb\u00e9m foi consideravelmente bem votada, ainda que distante das demais.<\/p>\n\n\n\n<p class=\"wp-block-paragraph\">Foram 3.381 votos na categoria.<\/p>\n\n\n\n<p class=\"wp-block-paragraph\"><strong>Surpresa:<\/strong><\/p>\n\n\n\n<p class=\"wp-block-paragraph\"><strong>1-2 da McLaren na It\u00e1lia 33,8%<br>Vit\u00f3ria de Ocon na Hungria 24%<br>F1 equilibrada em 2021 21,2%<br>4\u00aa vit\u00f3ria de Castroneves na Indy 500 15,8%<br>Romain Grosjean 5,2%<\/strong><\/p>\n\n\n\n<p class=\"wp-block-paragraph\"><strong>LEIA TAMB\u00c9M<\/strong><br><strong>#&nbsp;<a href=\"https:\/\/www.grandepremio.com\/br\/equipe\/f1\/2020\/mercedes-amg-motorsport\/\" target=\"_blank\" rel=\"noreferrer noopener\">Mercedes<\/a><a href=\"https:\/\/www.grandepremio.com\/br\/f1\/noticias\/mercedes-encerra-protesto-parabeniza-max-verstappen-mas-pressiona-fia-clareza-regras\/\">&nbsp;encerra protesto e parabeniza Verstappen, mas pressiona FIA por clareza<\/a><\/strong><br><strong>#&nbsp;<a href=\"https:\/\/www.grandepremio.com\/br\/f1\/noticias\/mercedes-interpretacao-freestyle-regra-fez-lewis-hamilton-alvo-facil-abu-dhabi\/\">Mercedes diz que \u201cinterpreta\u00e7\u00e3o freestyle\u201d da regra fez Hamilton \u201calvo f\u00e1cil\u201d em Abu Dhabi<\/a><\/strong><br>#&nbsp;<strong><a href=\"https:\/\/www.grandepremio.com\/br\/f1\/noticias\/mercedes-evita-fadiga-inutil-tribunais-acumula-poder-f1-vantagem-fia\/\">Mercedes evita fadiga in\u00fatil nos tribunais e acumula poder na&nbsp;<\/a><a href=\"https:\/\/www.grandepremio.com\/formula-1\/\" target=\"_blank\" rel=\"noreferrer noopener\">F1<\/a><a href=\"https:\/\/www.grandepremio.com\/br\/f1\/noticias\/mercedes-evita-fadiga-inutil-tribunais-acumula-poder-f1-vantagem-fia\/\">&nbsp;com vantagem sobre FIA<\/a><\/strong><br>#&nbsp;<strong><a href=\"https:\/\/www.grandepremio.com\/br\/f1\/noticias\/jean-todt-ve-f1-muito-permissiva-com-criticas-ninguem-e-perseguido\/\">Presidente da FIA v\u00ea&nbsp;<\/a><a href=\"https:\/\/www.grandepremio.com\/formula-1\/\" target=\"_blank\" rel=\"noreferrer noopener\">F1&nbsp;<\/a>\u201cmuito permissiva\u201d com cr\u00edticas: \u201cNingu\u00e9m \u00e9 perseguido\u201d<\/strong><\/p>\n\n\n\n<p class=\"wp-block-paragraph\"><strong>\u25b6\ufe0f&nbsp;Inscreva-se nos dois canais do GRANDE PR\u00caMIO no YouTube:&nbsp;<a href=\"https:\/\/www.youtube.com\/channel\/UC9OlHEgxoaY6QY6nWPoiqQg?sub_confirmation=1\" target=\"_blank\" rel=\"noreferrer noopener\">GP<\/a>&nbsp;|&nbsp;<a href=\"https:\/\/www.youtube.com\/channel\/UC9csiS6q_C3C0FYhyr1rnFA?sub_confirmation=1\" target=\"_blank\" rel=\"noreferrer noopener\">GP2<\/a><\/strong><\/p>\n","protected":false},"excerpt":{"rendered":"<p>Em um ano em que Mercedes e Red Bull combinaram para zero dobradinha, a \u00fanica equipe a ter 1-2 em qualquer corrida do ano foi a McLaren, na It\u00e1lia. N\u00e3o de gra\u00e7a, o time levou o pr\u00eamio de Surpresa da temporada<\/p>\n","protected":false},"author":0,"featured_media":1000508695,"comment_status":"closed","ping_status":"closed","sticky":false,"template":"","format":"standard","meta":{"42wp_featured_image_caption":"","42wp_featured_image_credits":"","42wp_featured_video":"","42wp_featured_image_hidden":false,"42wp_authors_list":[],"footnotes":""},"categories":[2],"tags":[211,302,147,156,24898,267,547,90,1436,30314,1737,120],"42wp_author":[47117],"class_list":["post-115453","post","type-post","status-publish","format-standard","has-post-thumbnail","hentry","category-f1","tag-daniel-ricciardo","tag-esteban-ocon","tag-f1","tag-f1-2021","tag-gp-da-italia","tag-helio-castroneves","tag-lando-norris","tag-mclaren","tag-melhores-do-ano","tag-melhores-do-ano-2021","tag-monza","tag-romain-grosjean","42wp_author-gabriel-curty"],"_links":{"self":[{"href":"https:\/\/grandepremio.com\/br\/wp-json\/wp\/v2\/posts\/115453","targetHints":{"allow":["GET"]}}],"collection":[{"href":"https:\/\/grandepremio.com\/br\/wp-json\/wp\/v2\/posts"}],"about":[{"href":"https:\/\/grandepremio.com\/br\/wp-json\/wp\/v2\/types\/post"}],"replies":[{"embeddable":true,"href":"https:\/\/grandepremio.com\/br\/wp-json\/wp\/v2\/comments?post=115453"}],"version-history":[{"count":0,"href":"https:\/\/grandepremio.com\/br\/wp-json\/wp\/v2\/posts\/115453\/revisions"}],"wp:featuredmedia":[{"embeddable":true,"href":"https:\/\/grandepremio.com\/br\/wp-json\/wp\/v2\/media\/1000508695"}],"wp:attachment":[{"href":"https:\/\/grandepremio.com\/br\/wp-json\/wp\/v2\/media?parent=115453"}],"wp:term":[{"taxonomy":"category","embeddable":true,"href":"https:\/\/grandepremio.com\/br\/wp-json\/wp\/v2\/categories?post=115453"},{"taxonomy":"post_tag","embeddable":true,"href":"https:\/\/grandepremio.com\/br\/wp-json\/wp\/v2\/tags?post=115453"},{"taxonomy":"42wp_author","embeddable":true,"href":"https:\/\/grandepremio.com\/br\/wp-json\/wp\/v2\/42wp_author?post=115453"}],"curies":[{"name":"wp","href":"https:\/\/api.w.org\/{rel}","templated":true}]}}