{"id":115503,"date":"2021-12-17T18:50:00","date_gmt":"2021-12-17T21:50:00","guid":{"rendered":"https:\/\/grandepremio.com\/br\/noticias\/lewis-hamilton-razao-dizer-gp-de-abu-dhabi-manipulado\/"},"modified":"2021-12-17T17:57:42","modified_gmt":"2021-12-17T20:57:42","slug":"lewis-hamilton-razao-dizer-gp-de-abu-dhabi-manipulado","status":"publish","type":"post","link":"https:\/\/grandepremio.com\/br\/f1\/lewis-hamilton-razao-dizer-gp-de-abu-dhabi-manipulado\/","title":{"rendered":"Hamilton tem raz\u00e3o ao dizer que GP de Abu Dhabi foi manipulado?"},"content":{"rendered":"\n<p class=\"wp-block-paragraph\">Foi no calor do momento, mas assim que Lewis Hamilton cruzou a linha de chegada do <a href=\"https:\/\/www.grandepremio.com\/br\/f1\/noticias\/max-verstappen-passa-lewis-hamilton-ultima-volta-campeao-formula-1-abu-dhabi\/\">GP de Abu Dhabi<\/a>, suas palavras foram curtas e duras: &#8216;Isso foi manipulado, cara&#8217;. O ingl\u00eas da Mercedes liderou a corrida toda e foi ultrapassado por Max Verstappen na \u00faltima volta depois das a\u00e7\u00f5es de Michael Masi ap\u00f3s a batida de Nicholas Latifi.<\/p>\n\n\n\n<p class=\"wp-block-paragraph\"><strong>\u25b6\ufe0f&nbsp;Inscreva-se nos dois canais do GRANDE PR\u00caMIO no YouTube:&nbsp;<a href=\"https:\/\/www.youtube.com\/channel\/UC9OlHEgxoaY6QY6nWPoiqQg?sub_confirmation=1\" target=\"_blank\" rel=\"noreferrer noopener\">GP<\/a>&nbsp;|&nbsp;<a href=\"https:\/\/www.youtube.com\/channel\/UC9csiS6q_C3C0FYhyr1rnFA?sub_confirmation=1\" target=\"_blank\" rel=\"noreferrer noopener\">GP2<\/a><\/strong><\/p>\n\n\n\n<p class=\"wp-block-paragraph\">Hamilton, posteriormente, sequer apareceu na festa da FIA da premia\u00e7\u00e3o dos melhores do ano, tal qual Toto Wolff, o chefe de equipe. A Mercedes resolveu n\u00e3o protestar do resultado, mas foi dura com a entidade. A Red Bull, enfim, pode voltar a comemorar o t\u00edtulo de Pilotos.<\/p>\n\n\n\n<p class=\"wp-block-paragraph\">Mas Hamilton tem raz\u00e3o? Victor Martins, Evelyn Guimar\u00e3es e Gabriel Curty analisam.<\/p>\n\n\n\n<figure class=\"wp-block-embed is-type-video is-provider-youtube wp-block-embed-youtube wp-embed-aspect-16-9 wp-has-aspect-ratio\"><div class=\"wp-block-embed__wrapper\">\n<iframe loading=\"lazy\" title=\"HAMILTON TEM RAZ\u00c3O AO DIZER QUE GP DE ABU DHABI FOI MANIPULADO?\" width=\"500\" height=\"281\" src=\"https:\/\/www.youtube.com\/embed\/6VnACdmcIAc?feature=oembed\" frameborder=\"0\" allow=\"accelerometer; autoplay; clipboard-write; encrypted-media; gyroscope; picture-in-picture; web-share\" referrerpolicy=\"strict-origin-when-cross-origin\" allowfullscreen><\/iframe>\n<\/div><\/figure>\n\n\n\n<p class=\"wp-block-paragraph\"><strong>Conhe\u00e7a o canal do Grande Pr\u00eamio no YouTube! Clique&nbsp;<a target=\"_blank\" href=\"https:\/\/youtube.com\/GrandePremioTV\" rel=\"noreferrer noopener\">aqui<\/a>.<\/strong><br><strong>Siga o Grande Pr\u00eamio no&nbsp;<a target=\"_blank\" href=\"https:\/\/twitter.com\/grandepremio\" rel=\"noreferrer noopener\">Twitter&nbsp;<\/a>e no&nbsp;<a target=\"_blank\" href=\"https:\/\/instagram.com\/grandepremio\" rel=\"noreferrer noopener\">Instagram<\/a><\/strong><\/p>\n","protected":false},"excerpt":{"rendered":"<p>Irritado e ainda de cabe\u00e7a quente ap\u00f3s o fim da corrida em Abu Dhabi, Lewis Hamilton acusou. Mas o que ele disse tem fundamento?<\/p>\n","protected":false},"author":0,"featured_media":1000533171,"comment_status":"closed","ping_status":"closed","sticky":false,"template":"","format":"standard","meta":{"42wp_featured_image_caption":"","42wp_featured_image_credits":"","42wp_featured_video":"","42wp_featured_image_hidden":false,"42wp_authors_list":[],"footnotes":""},"categories":[2],"tags":[30279,156,103,25536,25424,24836,28285,87,203,82,1385,150,1901],"42wp_author":[47120],"class_list":["post-115503","post","type-post","status-publish","format-standard","has-post-thumbnail","hentry","category-f1","tag-emirados-arabes-unidos","tag-f1-2021","tag-fia","tag-formula-1-2021-2","tag-gp-de-abu-dhabi","tag-grande-premio-2","tag-grandepremio","tag-lewis-hamilton","tag-max-verstappen","tag-mercedes","tag-michael-masi","tag-toto-wolff","tag-yas-marina","42wp_author-pedro-henrique-marum"],"_links":{"self":[{"href":"https:\/\/grandepremio.com\/br\/wp-json\/wp\/v2\/posts\/115503","targetHints":{"allow":["GET"]}}],"collection":[{"href":"https:\/\/grandepremio.com\/br\/wp-json\/wp\/v2\/posts"}],"about":[{"href":"https:\/\/grandepremio.com\/br\/wp-json\/wp\/v2\/types\/post"}],"replies":[{"embeddable":true,"href":"https:\/\/grandepremio.com\/br\/wp-json\/wp\/v2\/comments?post=115503"}],"version-history":[{"count":0,"href":"https:\/\/grandepremio.com\/br\/wp-json\/wp\/v2\/posts\/115503\/revisions"}],"wp:featuredmedia":[{"embeddable":true,"href":"https:\/\/grandepremio.com\/br\/wp-json\/wp\/v2\/media\/1000533171"}],"wp:attachment":[{"href":"https:\/\/grandepremio.com\/br\/wp-json\/wp\/v2\/media?parent=115503"}],"wp:term":[{"taxonomy":"category","embeddable":true,"href":"https:\/\/grandepremio.com\/br\/wp-json\/wp\/v2\/categories?post=115503"},{"taxonomy":"post_tag","embeddable":true,"href":"https:\/\/grandepremio.com\/br\/wp-json\/wp\/v2\/tags?post=115503"},{"taxonomy":"42wp_author","embeddable":true,"href":"https:\/\/grandepremio.com\/br\/wp-json\/wp\/v2\/42wp_author?post=115503"}],"curies":[{"name":"wp","href":"https:\/\/api.w.org\/{rel}","templated":true}]}}