{"id":115528,"date":"2021-12-16T09:14:29","date_gmt":"2021-12-16T12:14:29","guid":{"rendered":"https:\/\/grandepremio.com\/br\/noticias\/motoe-volta-bradley-smith-niccolo-canepa-eric-granado-lcr-lista-inscritos-2022\/"},"modified":"2021-12-16T09:14:36","modified_gmt":"2021-12-16T12:14:36","slug":"motoe-volta-bradley-smith-niccolo-canepa-eric-granado-lcr-lista-inscritos-2022","status":"publish","type":"post","link":"https:\/\/grandepremio.com\/br\/motociclismo\/motoe-volta-bradley-smith-niccolo-canepa-eric-granado-lcr-lista-inscritos-2022\/","title":{"rendered":"MotoE tem volta de Smith e Canepa e Granado na LCR em lista de inscritos para 2022"},"content":{"rendered":"\n<figure class=\"wp-block-embed is-type-video is-provider-youtube wp-block-embed-youtube wp-embed-aspect-16-9 wp-has-aspect-ratio\"><div class=\"wp-block-embed__wrapper\">\n<iframe loading=\"lazy\" title=\"REGULAMENTOS CONFUSOS ATRAPALHAM F1 E MOTOGP | GP \u00e0s 10\" width=\"500\" height=\"281\" src=\"https:\/\/www.youtube.com\/embed\/s1k4aKIKegs?feature=oembed\" frameborder=\"0\" allow=\"accelerometer; autoplay; clipboard-write; encrypted-media; gyroscope; picture-in-picture; web-share\" referrerpolicy=\"strict-origin-when-cross-origin\" allowfullscreen><\/iframe>\n<\/div><figcaption>REGULAMENTOS CONFUSOS ATRAPALHAM F1 E MOTOGP | GP \u00e0s 10<\/figcaption><\/figure>\n\n\n\n<p class=\"wp-block-paragraph\">A lista provis\u00f3ria de inscritos para Copa do Mundo de MotoE confirmou o retorno de Bradley Smith e Niccol\u00f2 Canepa ao grid na temporada 2022. A rela\u00e7\u00e3o traz uma \u00fanica vaga em aberto \u2015 na Avintia \u2015, ratifica a mudan\u00e7a de Eric Granado para a LCR e mostra representantes de seis nacionalidades.<\/p>\n\n\n\n<p class=\"wp-block-paragraph\">Bicampe\u00e3o da MotoE, Jordi Torres volta a defender a Pons, formando par com Mattia Casadei. Dominique Aegerter permanece na IntactGP, enquanto Granado troca a SRT \u2015 que passa a se chamar RNF no pr\u00f3xmo ano \u2015 pela LCR, onde ser\u00e1 parceiro de Miquel Pons. Matteo Ferrari, o primeiro campe\u00e3o da categoria el\u00e9trica, defende as cores da Gresini.<\/p>\n\n\n\n<p class=\"wp-block-paragraph\"><strong>RETROSPECTIVA 2021<\/strong><br># <strong><a href=\"https:\/\/www.grandepremio.com\/br\/motogp\/noticias\/retrospectiva-2021-fabio-quartararo-usa-consistencia-para-dominar-vencer-motogp\/\">Quartararo usa consist\u00eancia para dominar e vencer na MotoGP<\/a><\/strong><br># <strong><a href=\"https:\/\/www.grandepremio.com\/br\/motogp\/noticias\/retrospectiva-2021-ducati-fica-sem-cereja-bolo-saboroso-motogp\/\">Ducati fica sem cereja, mas tem bolo para l\u00e1 de saboroso na MotoGP<\/a><\/strong><br># <strong><a href=\"https:\/\/www.grandepremio.com\/br\/motogp\/noticias\/retrospectiva-2021-suzuki-perde-forca-2021-vira-incognita-grid-motogp\/\">Suzuki perde for\u00e7a e vira inc\u00f3gnita no grid da temporada 2022 da MotoGP<\/a><\/strong><\/p>\n\n\n\n<figure class=\"wp-block-image size-large\"><img decoding=\"async\" src=\"https:\/\/www.grandepremio.com\/br\/wp-content\/uploads\/2021\/11\/Eric_Pict-1024x768.jpg\" alt=\"\" class=\"wp-image-526048\"\/><figcaption>Eric Granado foi apresentado na nova equipe (Foto: LCR)<\/figcaption><\/figure>\n\n\n\n<figure class=\"wp-block-embed is-type-rich is-provider-spotify wp-block-embed-spotify wp-embed-aspect-21-9 wp-has-aspect-ratio\"><div class=\"wp-block-embed__wrapper\">\n<iframe title=\"Spotify Embed: Paddockast Especial | A hist\u00f3ria e o legado de Valentino Rossi\" style=\"border-radius: 12px\" width=\"100%\" height=\"152\" frameborder=\"0\" allowfullscreen allow=\"autoplay; clipboard-write; encrypted-media; fullscreen; picture-in-picture\" loading=\"lazy\" src=\"https:\/\/open.spotify.com\/embed\/episode\/1l3VDDFecOWPNXL1jAlyxS?utm_source=oembed\"><\/iframe>\n<\/div><\/figure>\n\n\n\n<p class=\"wp-block-paragraph\">Smith, que esteve no grid s\u00f3 em 2019, volta para tamb\u00e9m defender a RNF, compondo a equipe com Niccol\u00f2 Canepa, que n\u00e3o correu no ano passado. Mar\u00eda Herrera segue com a Aspar, com Hiroki Okubo na Ajo e Kevin Zannoni na Sic58.<\/p>\n\n\n\n<p class=\"wp-block-paragraph\">A categoria, que passar\u00e1 a contar com motos Ducati em 2022, ter\u00e1 a chegada de cinco estreantes: Xavi Fores, que vem do Mundial de Superbike para defender a Pramac, e Alex Escrig, que venceu o Europeu de Superstock 600 no ano passado, na Tech3. Kevin Manfredi, Marc Alcoba e Alessio Finello tamb\u00e9m s\u00e3o novidades no elenco.<\/p>\n\n\n\n<p class=\"wp-block-paragraph\">A \u00fanica vaga ainda em aberto \u00e9 na Avintia, equipe de Granado no ano passado.<\/p>\n\n\n\n<h3 class=\"wp-block-heading\"><strong>Copa do Mundo de MotoE, Grid de 2022:<\/strong><\/h3>\n\n\n\n<figure class=\"wp-block-table\"><table><tbody><tr><td>4<\/td><td>H GARZ\u00d3<\/td><td>Tech3<\/td><\/tr><tr><td>6<\/td><td>M HERRERA<\/td><td>Aspar<\/td><\/tr><tr><td>7<\/td><td>N CANEPA<\/td><td>RNF<\/td><\/tr><tr><td>11<\/td><td>M FERRARI<\/td><td>Gresini<\/td><\/tr><tr><td>12<\/td><td>J FORES<\/td><td>Pramac<\/td><\/tr><tr><td>17<\/td><td>A ESCRIG<\/td><td>Tech3<\/td><\/tr><tr><td>21<\/td><td>K ZANNONI<\/td><td>Sic58<\/td><\/tr><tr><td>27<\/td><td>M CASADEI<\/td><td>Pons<\/td><\/tr><tr><td>34<\/td><td>K MANFREDI<\/td><td>Pramac<\/td><\/tr><tr><td>38<\/td><td>B SMITH<\/td><td>RNF<\/td><\/tr><tr><td>40<\/td><td>J TORRES<\/td><td>Pons<\/td><\/tr><tr><td>51<\/td><td>E GRANADO<\/td><td>LCR<\/td><\/tr><tr><td>70<\/td><td>M ALCOBA<\/td><td>Aspar<\/td><\/tr><tr><td>71<\/td><td>M PONS<\/td><td>LCR<\/td><\/tr><tr><td>72<\/td><td>A FINELLO<\/td><td>Gresini<\/td><\/tr><tr><td>77<\/td><td>D AEGERTER<\/td><td>IntactGP<\/td><\/tr><tr><td>78<\/td><td>H OKUBO<\/td><td>Ajo<\/td><\/tr><tr><td>&nbsp;<\/td><td>&nbsp;<\/td><td>Avintia<\/td><\/tr><\/tbody><\/table><\/figure>\n\n\n\n<p class=\"wp-block-paragraph\"><strong>\u25b6\ufe0f&nbsp;Inscreva-se nos dois canais do GRANDE PR\u00caMIO no YouTube:&nbsp;<a href=\"https:\/\/www.youtube.com\/channel\/UC9OlHEgxoaY6QY6nWPoiqQg?sub_confirmation=1\" target=\"_blank\" rel=\"noreferrer noopener\">GP<\/a>&nbsp;|&nbsp;<a href=\"https:\/\/www.youtube.com\/channel\/UC9csiS6q_C3C0FYhyr1rnFA?sub_confirmation=1\" target=\"_blank\" rel=\"noreferrer noopener\">GP2<\/a><\/strong><\/p>\n\n\n\n<figure class=\"wp-block-image\"><a href=\"https:\/\/www.grandepremio.com\/br\/valentino-rossi-46\/\"><img decoding=\"async\" src=\"https:\/\/www.grandepremio.com\/br\/wp-content\/uploads\/2020\/05\/WhatsApp-Image-2021-11-16-at-10.55.29-1024x486.jpeg\" alt=\"\" class=\"wp-image-526003\"\/><\/a><figcaption><a href=\"https:\/\/www.grandepremio.com\/br\/valentino-rossi-46\/\"><strong>GRANDE PR\u00caMIO<\/strong>&nbsp;lan\u00e7a especial que celebra carreira de Valentino Rossi.&nbsp;<strong>ACESSE<\/strong><\/a><\/figcaption><\/figure>\n\n\n\n<figure class=\"wp-block-embed is-type-video is-provider-youtube wp-block-embed-youtube wp-embed-aspect-16-9 wp-has-aspect-ratio\"><div class=\"wp-block-embed__wrapper\">\n<iframe loading=\"lazy\" title=\"DESCOMPLICADA E PERFEITINHA, DUCATI ACIONA ALARME DE RIVAIS NA MOTOGP | GP \u00e0s 10\" width=\"500\" height=\"281\" src=\"https:\/\/www.youtube.com\/embed\/GqyDfpGfMNI?feature=oembed\" frameborder=\"0\" allow=\"accelerometer; autoplay; clipboard-write; encrypted-media; gyroscope; picture-in-picture; web-share\" referrerpolicy=\"strict-origin-when-cross-origin\" allowfullscreen><\/iframe>\n<\/div><figcaption>DESCOMPLICADA E PERFEITINHA, DUCATI ACIONA ALARME DE RIVAIS NA MOTOGP | GP \u00e0s 10<\/figcaption><\/figure>\n","protected":false},"excerpt":{"rendered":"<p>A FIM (Federa\u00e7\u00e3o Internacional de Motociclismo) divulgou nesta quinta-feira (16) uma lista provis\u00f3ria de inscritos para a Copa do Mundo de MotoE em 2022. Al\u00e9m da mudan\u00e7a do brasileiro para o time de Lucio Cecchinello, a rela\u00e7\u00e3o tamb\u00e9m confirma o retorno de Bradley Smith e Niccol\u00f2 Canepa<\/p>\n","protected":false},"author":0,"featured_media":1000511442,"comment_status":"closed","ping_status":"closed","sticky":false,"template":"","format":"standard","meta":{"42wp_featured_image_caption":"","42wp_featured_image_credits":"","42wp_featured_video":"","42wp_featured_image_hidden":false,"42wp_authors_list":[],"footnotes":""},"categories":[28],"tags":[79,280,78,490,28765,28764,25819,28345,28766,26690],"42wp_author":[47113],"class_list":["post-115528","post","type-post","status-publish","format-standard","has-post-thumbnail","hentry","category-motociclismo","tag-moto-gp","tag-motoe","tag-motogp","tag-motogp-2021","tag-motogp-2021-calendario","tag-motogp-classificacao-2021","tag-motogp-hoje","tag-motogp-horarios","tag-motogp-standings","tag-pilotos-motogp","42wp_author-juliana-tesser"],"_links":{"self":[{"href":"https:\/\/grandepremio.com\/br\/wp-json\/wp\/v2\/posts\/115528","targetHints":{"allow":["GET"]}}],"collection":[{"href":"https:\/\/grandepremio.com\/br\/wp-json\/wp\/v2\/posts"}],"about":[{"href":"https:\/\/grandepremio.com\/br\/wp-json\/wp\/v2\/types\/post"}],"replies":[{"embeddable":true,"href":"https:\/\/grandepremio.com\/br\/wp-json\/wp\/v2\/comments?post=115528"}],"version-history":[{"count":0,"href":"https:\/\/grandepremio.com\/br\/wp-json\/wp\/v2\/posts\/115528\/revisions"}],"wp:featuredmedia":[{"embeddable":true,"href":"https:\/\/grandepremio.com\/br\/wp-json\/wp\/v2\/media\/1000511442"}],"wp:attachment":[{"href":"https:\/\/grandepremio.com\/br\/wp-json\/wp\/v2\/media?parent=115528"}],"wp:term":[{"taxonomy":"category","embeddable":true,"href":"https:\/\/grandepremio.com\/br\/wp-json\/wp\/v2\/categories?post=115528"},{"taxonomy":"post_tag","embeddable":true,"href":"https:\/\/grandepremio.com\/br\/wp-json\/wp\/v2\/tags?post=115528"},{"taxonomy":"42wp_author","embeddable":true,"href":"https:\/\/grandepremio.com\/br\/wp-json\/wp\/v2\/42wp_author?post=115528"}],"curies":[{"name":"wp","href":"https:\/\/api.w.org\/{rel}","templated":true}]}}