{"id":115536,"date":"2021-12-15T17:47:01","date_gmt":"2021-12-15T20:47:01","guid":{"rendered":"https:\/\/grandepremio.com\/br\/noticias\/fia-ratifica-fim-do-uso-da-mgu-h-nas-unidades-de-potencia-da-formula-1-a-partir-de-2026\/"},"modified":"2022-08-17T16:41:11","modified_gmt":"2022-08-17T19:41:11","slug":"fia-ratifica-fim-do-uso-da-mgu-h-nas-unidades-de-potencia-da-formula-1-a-partir-de-2026","status":"publish","type":"post","link":"https:\/\/grandepremio.com\/br\/f1\/fia-ratifica-fim-do-uso-da-mgu-h-nas-unidades-de-potencia-da-formula-1-a-partir-de-2026\/","title":{"rendered":"FIA ratifica fim do uso da MGU-H nas unidades de pot\u00eancia da F\u00f3rmula 1 a partir de 2026"},"content":{"rendered":"\n<p class=\"wp-block-paragraph\">O Conselho Mundial da FIA (Federa\u00e7\u00e3o Internacional de Automobilismo) confirmou o fim da utiliza\u00e7\u00e3o da MGU-H nas unidades de pot\u00eancia dos carros de F\u00f3rmula 1 a partir da temporada 2026. A bateria era considerada um dos elementos mais complexos dos motores h\u00edbridos usados no Mundial desde 2014. A pe\u00e7a tinha como fun\u00e7\u00e3o gerar energia el\u00e9trica a partir do calor da turbina, mas o recurso se mostrou caro demais, al\u00e9m de dif\u00edcil desenvolvimento. A a\u00e7\u00e3o da entidade que rege o automobilismo tem como objetivo reduzir os custos para atrair novas fabricantes ao grid da mais importante categoria do esporte a motor.<\/p>\n\n\n\n<p class=\"wp-block-paragraph\">A decis\u00e3o foi publicada na tarde desta nesta quarta-feira (15), dois dias ap\u00f3s o encerramento da temporada 2021. A nota da FIA ainda reiterou o plano de um alinhamento maior com a sustentabilidade e o cuidado com o meio ambiente. &#8220;Os Regulamentos da Unidade de Pot\u00eancia de 2026 ser\u00e3o baseados em 4 pilares: manuten\u00e7\u00e3o do motor V6 de 1,6 litros, aumento da energia el\u00e9trica para 350 kw, elimina\u00e7\u00e3o do MGU-H e introdu\u00e7\u00e3o de um limite de custo da unidade de pot\u00eancia\u201d, informou em comunicado.<\/p>\n\n\n\n<p class=\"wp-block-paragraph\"><strong>LEIA TAMB\u00c9M<br><a href=\"https:\/\/www.grandepremio.com\/br\/f1\/noticias\/fia-anuncia-analise-detalhada-exercicio-esclarecimento-decisao-f1-abu-dhabi\/\">+FIA anuncia \u201can\u00e1lise detalhada e exerc\u00edcio de esclarecimento\u201d ap\u00f3s GP de Abu Dhabi<\/a><\/strong><\/p>\n\n\n\n<figure class=\"wp-block-image size-large\"><img decoding=\"async\" src=\"https:\/\/www.grandepremio.com\/br\/wp-content\/uploads\/2020\/05\/SI202111070640_news-1024x680.jpg\" alt=\"LARGADA; GP DO M\u00c9XICO; F\u00d3RMULA 1;\" class=\"wp-image-522686\"\/><figcaption>A F1 ter\u00e1 novos motores em 2026: a medida visa atrair mais montadoras (Foto: Peter Fox\/Getty Images\/Red Bull Content Pool)<\/figcaption><\/figure>\n\n\n\n<p class=\"wp-block-paragraph\"><strong>\u25b6\ufe0f&nbsp;Inscreva-se nos dois canais do GRANDE PR\u00caMIO no YouTube:&nbsp;<a href=\"https:\/\/www.youtube.com\/channel\/UC9OlHEgxoaY6QY6nWPoiqQg?sub_confirmation=1\" target=\"_blank\" rel=\"noreferrer noopener\">GP<\/a>&nbsp;|&nbsp;<a href=\"https:\/\/www.youtube.com\/channel\/UC9csiS6q_C3C0FYhyr1rnFA?sub_confirmation=1\" target=\"_blank\" rel=\"noreferrer noopener\">GP2<\/a><\/strong><\/p>\n\n\n\n<p class=\"wp-block-paragraph\">A ideia \u00e9 tornar a F\u00f3rmula 1 um campo de testes das novas tecnologias. O Grupo Volkswagen j\u00e1 manifestou o interesse no Mundial, mas esperava por um conjunto de regras que atendessem as exig\u00eancias de um mercado mais verde, al\u00e9m do barateamento dos gastos. Representantes da montadora alem\u00e3, como Audi e Porsche, estiveram reunidos com os chefes da F1 em mais de um encontro ao longo da temporada, com o objetivo de estreitar os la\u00e7os do que pode ser feito para o futuro.<\/p>\n\n\n\n<p class=\"wp-block-paragraph\">Al\u00e9m de garantir a presen\u00e7a de mais fabricantes, a F1 tem a inten\u00e7\u00e3o tamb\u00e9m de assegurar que os f\u00e3s sejam seduzidos pelos novos motores. &#8220;Uma unidade de pot\u00eancia potente e de alta rota\u00e7\u00e3o, desempenho do carro, som, capacidade dos pilotos para correr, evitando diferencia\u00e7\u00e3o excessiva&#8221;, afirmou a FIA no comunicado.<\/p>\n\n\n\n<p class=\"wp-block-paragraph\"><strong>Confira na \u00edntegra a nota do Conselho Mundial da FIA:<\/strong><\/p>\n\n\n\n<p class=\"wp-block-paragraph\"><em>&#8220;O Conselho Mundial validou a estrutura para o Regulamento da Unidade de Pot\u00eancia de 2026 e identificou os seguintes objetivos principais<\/em>:<\/p>\n\n\n\n<p class=\"wp-block-paragraph\"><em>Uma mensagem ambiental poderosa \u2013 combust\u00edvel 100% sustent\u00e1vel, efici\u00eancia geral e mudan\u00e7a de foco para energia el\u00e9trica;<\/em><\/p>\n\n\n\n<p class=\"wp-block-paragraph\"><em>Redu\u00e7\u00e3o de custos significativa \u2013 regulamentos t\u00e9cnicos, operacionais e financeiros;<\/em><\/p>\n\n\n\n<p class=\"wp-block-paragraph\"><em>Novatas \u2013 possibilitar que ingressem no esporte em um n\u00edvel competitivo;<\/em><\/p>\n\n\n\n<p class=\"wp-block-paragraph\"><em>Prote\u00e7\u00e3o ao show \u2013 unidade de pot\u00eancia potente e de alta rota\u00e7\u00e3o, desempenho do carro, som, habilidade dos pilotos, evitar diferencia\u00e7\u00e3o excessiva;<\/em><\/p>\n\n\n\n<p class=\"wp-block-paragraph\"><em>Os Regulamentos da Unidade de Pot\u00eancia de 2026 ser\u00e3o baseados em 4 pilares: Manuten\u00e7\u00e3o do motor V6 de 1,6 litros, aumento da energia el\u00e9trica para 350 kw, elimina\u00e7\u00e3o do MGU-H e introdu\u00e7\u00e3o de um limite de custo da unidade de pot\u00eancia<\/em>.&#8221;<\/p>\n\n\n\n<figure class=\"wp-block-embed is-type-video is-provider-youtube wp-block-embed-youtube wp-embed-aspect-16-9 wp-has-aspect-ratio\"><div class=\"wp-block-embed__wrapper\">\n<iframe loading=\"lazy\" title=\"MICHAEL MASI: DEMISS\u00c3O DO DIRETOR DA F1 \u00c9 META PARA 2022?\" width=\"500\" height=\"281\" src=\"https:\/\/www.youtube.com\/embed\/AwkdwFLDl1M?feature=oembed\" frameborder=\"0\" allow=\"accelerometer; autoplay; clipboard-write; encrypted-media; gyroscope; picture-in-picture; web-share\" referrerpolicy=\"strict-origin-when-cross-origin\" allowfullscreen><\/iframe>\n<\/div><\/figure>\n","protected":false},"excerpt":{"rendered":"<p>O Conselho Mundial da FIA publicou algumas decis\u00f5es importantes sobre o futuro da F1, entre elas a nova defini\u00e7\u00e3o quanto aos motores a partir de 2026. Dentro desse aspecto, a entidade ratificou a elimina\u00e7\u00e3o da MGU-H, a bateria respons\u00e1vel por gerar energia el\u00e9trica a partir da turbina<\/p>\n","protected":false},"author":0,"featured_media":1000424973,"comment_status":"closed","ping_status":"closed","sticky":false,"template":"","format":"standard","meta":{"42wp_featured_image_caption":"","42wp_featured_image_credits":"","42wp_featured_video":"","42wp_featured_image_hidden":false,"42wp_authors_list":[],"footnotes":""},"categories":[2],"tags":[147,29516,103,26800,24837,656],"42wp_author":[47115],"class_list":["post-115536","post","type-post","status-publish","format-standard","has-post-thumbnail","hentry","category-f1","tag-f1","tag-f1-2026","tag-fia","tag-fora-2","tag-formula-1-2","tag-motores","42wp_author-evelyn-guimaraes"],"_links":{"self":[{"href":"https:\/\/grandepremio.com\/br\/wp-json\/wp\/v2\/posts\/115536","targetHints":{"allow":["GET"]}}],"collection":[{"href":"https:\/\/grandepremio.com\/br\/wp-json\/wp\/v2\/posts"}],"about":[{"href":"https:\/\/grandepremio.com\/br\/wp-json\/wp\/v2\/types\/post"}],"replies":[{"embeddable":true,"href":"https:\/\/grandepremio.com\/br\/wp-json\/wp\/v2\/comments?post=115536"}],"version-history":[{"count":0,"href":"https:\/\/grandepremio.com\/br\/wp-json\/wp\/v2\/posts\/115536\/revisions"}],"wp:featuredmedia":[{"embeddable":true,"href":"https:\/\/grandepremio.com\/br\/wp-json\/wp\/v2\/media\/1000424973"}],"wp:attachment":[{"href":"https:\/\/grandepremio.com\/br\/wp-json\/wp\/v2\/media?parent=115536"}],"wp:term":[{"taxonomy":"category","embeddable":true,"href":"https:\/\/grandepremio.com\/br\/wp-json\/wp\/v2\/categories?post=115536"},{"taxonomy":"post_tag","embeddable":true,"href":"https:\/\/grandepremio.com\/br\/wp-json\/wp\/v2\/tags?post=115536"},{"taxonomy":"42wp_author","embeddable":true,"href":"https:\/\/grandepremio.com\/br\/wp-json\/wp\/v2\/42wp_author?post=115536"}],"curies":[{"name":"wp","href":"https:\/\/api.w.org\/{rel}","templated":true}]}}