{"id":11556,"date":"2026-03-02T12:15:23","date_gmt":"2026-03-02T15:15:23","guid":{"rendered":"https:\/\/grandepremio.com\/br\/noticias\/imola-portimao-surgem-opcoes-formula-1-substituir-corridas-oriente-medio\/"},"modified":"2026-03-02T12:23:42","modified_gmt":"2026-03-02T15:23:42","slug":"imola-portimao-surgem-opcoes-formula-1-substituir-corridas-oriente-medio","status":"publish","type":"post","link":"https:\/\/grandepremio.com\/br\/f1\/imola-portimao-surgem-opcoes-formula-1-substituir-corridas-oriente-medio\/","title":{"rendered":"\u00cdmola e Portim\u00e3o surgem como op\u00e7\u00f5es da F1 para substituir corridas no Oriente M\u00e9dio"},"content":{"rendered":"\n<p class=\"wp-block-paragraph\">A <strong>F\u00f3rmula 1<\/strong> j\u00e1 avalia cen\u00e1rios alternativos para as etapas do <strong>Bahrein <\/strong>e da <strong>Ar\u00e1bia Saudita<\/strong> ap\u00f3s a escalada do conflito no <strong>Oriente M\u00e9dio<\/strong> envolvendo <strong>Estados Unidos<\/strong>, <strong>Israel <\/strong>e <strong>Ir\u00e3<\/strong>. \u00c0s v\u00e9speras da abertura da temporada 2026, a categoria monitora a situa\u00e7\u00e3o geopol\u00edtica e discute poss\u00edveis substitui\u00e7\u00f5es para as corridas previstas para abril, com <strong>\u00cdmola <\/strong>e <strong>Portim\u00e3o <\/strong>emergindo como principais op\u00e7\u00f5es.<\/p>\n\n\n\n<p class=\"wp-block-paragraph\">Nos \u00faltimos dias, EUA e Israel lan\u00e7aram ataques coordenados contra o Ir\u00e3, marcando uma escalada militar significativa no Oriente M\u00e9dio. A opera\u00e7\u00e3o, iniciada no \u00faltimo s\u00e1bado (28), teve como alvo instala\u00e7\u00f5es militares iranianas, incluindo s\u00edtios de m\u00edsseis, defesas antia\u00e9reas e centros de comando do Islamic Revolutionary Guard Corps (IRGC), segundo o comando militar dos EUA (Centcom).<\/p>\n\n\n\n<figure class=\"wp-block-embed is-type-video is-provider-youtube wp-block-embed-youtube wp-embed-aspect-9-16 wp-has-aspect-ratio\"><div class=\"wp-block-embed__wrapper\">\n<iframe loading=\"lazy\" title=\"&quot;ESPORTE A MOTOR PRECISA SE POSICIONAR DIANTE DE CONFLITOS&quot; \u2757\ufe0f\" width=\"422\" height=\"750\" src=\"https:\/\/www.youtube.com\/embed\/rpQW5eQFsuY?feature=oembed\" frameborder=\"0\" allow=\"accelerometer; autoplay; clipboard-write; encrypted-media; gyroscope; picture-in-picture; web-share\" referrerpolicy=\"strict-origin-when-cross-origin\" allowfullscreen><\/iframe>\n<\/div><\/figure>\n\n\n\n<p class=\"wp-block-paragraph\">O Ir\u00e3, em retalia\u00e7\u00e3o, declarou que todos os alvos militares dos EUA e de Israel na regi\u00e3o eram leg\u00edtimos para ataques e lan\u00e7ou uma onda de m\u00edsseis e drones contra bases americanas espalhadas pelo Golfo, atingindo pa\u00edses como Emirados \u00c1rabes Unidos, Kuwait, Bahrein e Catar, onde fica a estrat\u00e9gica Base A\u00e9rea de Al Udeid, um dos principais pontos de comando dos EUA no Oriente M\u00e9dio.<\/p>\n\n\n\n<p class=\"wp-block-paragraph\">Diante da tens\u00e3o crescente, pa\u00edses da regi\u00e3o fecharam temporariamente os espa\u00e7os a\u00e9reos, cancelaram voos e suspenderam eventos esportivos e atividades de grande p\u00fablico. No <strong>Catar<\/strong>, por exemplo, a liga nacional de futebol foi interrompida, e a realiza\u00e7\u00e3o da <strong>Final\u00edssima <\/strong>\u2014 partida entre <strong>Argentina <\/strong>e <strong>Espanha <\/strong>marcada para 28 de mar\u00e7o, em <strong>Lusail <\/strong>\u2014 passou a ser questionada.<\/p>\n\n\n\n<figure class=\"wp-block-image size-large\"><img decoding=\"async\" src=\"https:\/\/www.grandepremio.com\/br\/wp-content\/uploads\/2021\/05\/alpine-fernandoalonso-03-1024x683.jpg\" alt=\"\" class=\"wp-image-469716\"\/><figcaption class=\"wp-element-caption\">Portim\u00e3o recebeu a F1 como sede de emerg\u00eancia em 2020 e 2021, durante a pandemia (Foto: Alpine)<\/figcaption><\/figure>\n\n\n\n<p class=\"wp-block-paragraph\">O Oriente M\u00e9dio tamb\u00e9m tem eventos do esporte a motor agendados para as pr\u00f3ximas semanas. O Catar recebe o pr\u00f3logo do <strong>WEC <\/strong>no circuito de Lusail, entre os dias 22 e 23 de mar\u00e7o, e os <strong>1812 km do Catar<\/strong>, abertura da temporada na semana seguinte, no dia 28. A <strong>MotoGP<\/strong> tamb\u00e9m passa por l\u00e1 em abril.<\/p>\n\n\n\n<p class=\"wp-block-paragraph\">No caso da F1, o cen\u00e1rio \u00e9 considerado mais complexo. A categoria tem programada uma rodada dupla no Oriente M\u00e9dio, com o <strong>GP do Bahrein<\/strong> marcado para 12 de abril, seguido pelo <strong>GP da Ar\u00e1bia Saudita<\/strong> no fim de semana seguinte. Como ambos os pa\u00edses est\u00e3o em estado de alerta ap\u00f3s os ataques iranianos, a dire\u00e7\u00e3o da F1 estuda alternativas para evitar um intervalo sem corridas entre 29 de mar\u00e7o e 3 de maio.<\/p>\n\n\n\n<p class=\"wp-block-paragraph\">Segundo o portal <em>RacingNews365<\/em>, os circuitos de <strong>\u00cdmola<\/strong>, na <strong>It\u00e1lia<\/strong>, e <strong>Portim\u00e3o<\/strong>, em <strong>Portugal<\/strong>, surgem como principais alternativas para substituir as etapas no Oriente M\u00e9dio. O <strong>Aut\u00f3dromo Enzo e Dino Ferrari<\/strong> sediou o <strong>GP da Em\u00edlia-Romanha<\/strong> at\u00e9 2025 e mant\u00e9m homologa\u00e7\u00e3o v\u00e1lida da FIA. J\u00e1 o Circuito Internacional do Algarve recebeu o <strong>GP de Portugal<\/strong> em 2020 e 2021 \u2014 temporadas afetadas pela pandemia de Covid-19 \u2014 <a href=\"https:\/\/www.grandepremio.com\/br\/f1\/noticias\/formula-1-poe-portugal-de-volta-ao-calendario-contrato-dois-anos-portimao\/\">e tem retorno previsto ao calend\u00e1rio em 2027<\/a>. Ambos contam com estrutura e requisitos log\u00edsticos que permitiriam uma organiza\u00e7\u00e3o em curto prazo.<\/p>\n\n\n\n<p class=\"wp-block-paragraph\">Apesar da escalada do conflito e do impacto direto na regi\u00e3o, a F\u00f3rmula 1 ainda n\u00e3o anunciou mudan\u00e7as oficiais no calend\u00e1rio de 2026, mantendo, at\u00e9 o momento, as provas do Bahrein e da Ar\u00e1bia Saudita nas datas originalmente previstas.<\/p>\n\n\n\n<p class=\"wp-block-paragraph\">A&nbsp;<strong><a href=\"https:\/\/www.grandepremio.com\/br\/f1\/\" target=\"_blank\" rel=\"noreferrer noopener\"><\/a><a href=\"https:\/\/www.grandepremio.com\/br\/f1\/\" target=\"_blank\" rel=\"noreferrer noopener\">F\u00f3rmula 1<\/a><\/strong>&nbsp;retorna neste fim de semana, de 5 a 8 de mar\u00e7o, com o&nbsp;<strong>GP da Austr\u00e1lia<\/strong>, abertura da temporada 2026. O&nbsp;<strong>GRANDE PR\u00caMIO<\/strong>&nbsp;acompanha todas as atividades<a href=\"https:\/\/www.grandepremio.com\/br\/ao-vivo\/f1\/\">&nbsp;<strong>AO VIVO E EM&nbsp;<\/strong><\/a><strong><a href=\"https:\/\/www.grandepremio.com\/br\/ao-vivo\/\" target=\"_blank\" rel=\"noreferrer noopener\">TEMPO REAL<\/a><\/strong>,&nbsp;<a href=\"https:\/\/www.youtube.com\/@GrandePremio1\/streams\">al\u00e9m de classifica\u00e7\u00e3o e corrida em&nbsp;<strong>SEGUNDA TELA&nbsp;<\/strong>no YouTube<\/a>, em parceria com a&nbsp;<strong>Voz do Esporte<\/strong>. O&nbsp;<strong>Briefing&nbsp;<\/strong>chega para analisar ap\u00f3s o fim de cada dia de atividades nas redes sociais e na&nbsp;<strong>GPTV<\/strong>.<\/p>\n\n\n\n<p class=\"wp-block-paragraph\"><strong>GP da Austr\u00e1lia de F1: veja os hor\u00e1rios em Brasil, Cabo Verde,&nbsp;<a href=\"https:\/\/grandepremio.pt\/\" target=\"_blank\" rel=\"noreferrer noopener\">Portugal<\/a>, Angola e Mo\u00e7ambique:<\/strong><\/p>\n\n\n\n<figure class=\"wp-block-table\"><table class=\"has-fixed-layout\"><tbody><tr><td><strong>Sess\u00e3o<\/strong><\/td><td><strong>BRA*<\/strong><\/td><td><strong>CBV<\/strong><\/td><td><strong>POR<\/strong><br><strong>ANG<\/strong><\/td><td><strong>MOZ<\/strong><\/td><\/tr><tr><td>Treino livre 1<\/td><td>22:30<\/td><td>0:30<\/td><td>02:30<\/td><td>03:30<\/td><\/tr><tr><td>Treino livre 2<\/td><td>02:00<\/td><td>04:00<\/td><td>06:00<\/td><td>07:00<\/td><\/tr><tr><td>Treino livre 3<\/td><td>22:30<\/td><td>0:30<\/td><td>02:30<\/td><td>03:30<\/td><\/tr><tr><td>Classifica\u00e7\u00e3o<\/td><td>02:00<\/td><td>04:00<\/td><td>06:00<\/td><td>07:00<\/td><\/tr><tr><td>Corrida<\/td><td>01:00<\/td><td>03:00<\/td><td>05:00<\/td><td>06:00<\/td><\/tr><\/tbody><\/table><\/figure>\n\n\n\n<p class=\"wp-block-paragraph\"><em>*Hor\u00e1rio de Bras\u00edlia<\/em><\/p>\n\n\n\n<p class=\"wp-block-paragraph\">\u25b6\ufe0f&nbsp;<strong>Inscreva-se nos dois canais do GRANDE PR\u00caMIO no YouTube:&nbsp;<a href=\"https:\/\/www.youtube.com\/channel\/UC9OlHEgxoaY6QY6nWPoiqQg?sub_confirmation=1\" target=\"_blank\" rel=\"noreferrer noopener\">GP<\/a>&nbsp;|&nbsp;<a href=\"https:\/\/www.youtube.com\/channel\/UC9csiS6q_C3C0FYhyr1rnFA?sub_confirmation=1\" target=\"_blank\" rel=\"noreferrer noopener\">GPTV<\/a><\/strong><\/p>\n\n\n\n<h2 class=\"wp-block-heading\" id=\"h-guia-da-f1-2026-o-que-esperar-da-temporada\">GUIA DA F1 2026: o que esperar da temporada<\/h2>\n\n\n\n<p class=\"wp-block-paragraph\">\u25b6\ufe0f<strong>&nbsp;<a href=\"https:\/\/www.grandepremio.com\/br\/f1\/noticias\/guia-2026-f1-da-passo-rumo-eletrificacao-nova-era-ja-cercada-desconfianca\/\">F1 d\u00e1 passo rumo \u00e0 eletrifica\u00e7\u00e3o em nova era j\u00e1 cercada de desconfian\u00e7a<\/a><br>\u25b6\ufe0f&nbsp;<a href=\"https:\/\/www.grandepremio.com\/br\/f1\/noticias\/guia-2026-gabriel-bortoleto-deixa-noviciado-para-tras-encara-desafio-gente-grande-audi\/\">Bortoleto deixa noviciado para tr\u00e1s e encara desafio de gente grande com Audi<\/a><br>\u25b6\ufe0f&nbsp;<a href=\"https:\/\/www.grandepremio.com\/br\/f1\/noticias\/guia-2026-mclaren-defende-titulo-carro-bem-nascido-ainda-ofuscado-regras-papaias\/\">McLaren defende t\u00edtulo com carro bem nascido ainda ofuscado por regras papaias<\/a><br>\u25b6\ufe0f&nbsp;<a href=\"https:\/\/www.grandepremio.com\/br\/f1\/noticias\/guia-2026-max-verstappen-voltar-ceu-f1-red-bull-reconstruida-novo-motor\/\">Verstappen tenta voltar ao c\u00e9u da F1 com Red Bull reconstru\u00edda e novo motor<\/a><br>\u25b6\ufe0f&nbsp;<a href=\"https:\/\/www.grandepremio.com\/br\/f1\/noticias\/guia-2026-fernando-alonso-tem-adrian-newey-ultima-esperanca-fim-digno-formula-1\/\">Alonso tem em Newey \u00faltima esperan\u00e7a de fim digno na F\u00f3rmula 1<\/a><br>\u25b6\ufe0f&nbsp;<a href=\"https:\/\/www.grandepremio.com\/br\/f1\/noticias\/guia-2026-f1-embarca-revolucao-eletrica-promete-nova-versao-si-mesma\/\">F\u00f3rmula 1 embarca em revolu\u00e7\u00e3o el\u00e9trica e promete nova vers\u00e3o de si mesma<\/a><\/strong><a href=\"https:\/\/www.grandepremio.com\/br\/chefao\/\" target=\"_blank\" rel=\"noreferrer noopener\"><\/a><a href=\"https:\/\/www.grandepremio.com\/br\/chefao\/\" target=\"_blank\" rel=\"noreferrer noopener\"><\/a><\/p>\n","protected":false},"excerpt":{"rendered":"<p>F\u00f3rmula 1 discute cen\u00e1rios para evitar hiato no calend\u00e1rio caso conflitos entre Estados Unidos, Israel e Ir\u00e3 impe\u00e7a provas no Bahrein e Ar\u00e1bia Saudita. Circuitos em \u00cdmola e Portugal podem retornar em medida emergencial<\/p>\n","protected":false},"author":0,"featured_media":1000813704,"comment_status":"closed","ping_status":"closed","sticky":false,"template":"","format":"standard","meta":{"42wp_featured_image_caption":"","42wp_featured_image_credits":"","42wp_featured_video":"","42wp_featured_image_hidden":false,"42wp_authors_list":[],"footnotes":""},"categories":[2],"tags":[1667,26271,1113,5273,147,29516,29148,103,180,31425,28995,1753,34263,1491,28285,30840,5386,1757,46031,34212,35129,13160,1107,31470,356,43320],"42wp_author":[47164],"class_list":["post-11556","post","type-post","status-publish","format-standard","has-post-thumbnail","hentry","category-f1","tag-bahrein","tag-calendario-f1","tag-catar","tag-classificacao-f1","tag-f1","tag-f1-2026","tag-f1-hoje","tag-fia","tag-formula-1","tag-formula-1-2026","tag-formula-1-hoje","tag-gp-da-australia","tag-gp-da-australia-f1","tag-grande-premio","tag-grandepremio","tag-horarios-f1","tag-imola","tag-melbourne","tag-melbourne-2026","tag-melbourne-f1","tag-onde-assistir-f1","tag-portimao","tag-portugal","tag-temporada-2026-f1","tag-wec","tag-wec-2026","42wp_author-marcos-gil-ribeiro"],"_links":{"self":[{"href":"https:\/\/grandepremio.com\/br\/wp-json\/wp\/v2\/posts\/11556","targetHints":{"allow":["GET"]}}],"collection":[{"href":"https:\/\/grandepremio.com\/br\/wp-json\/wp\/v2\/posts"}],"about":[{"href":"https:\/\/grandepremio.com\/br\/wp-json\/wp\/v2\/types\/post"}],"replies":[{"embeddable":true,"href":"https:\/\/grandepremio.com\/br\/wp-json\/wp\/v2\/comments?post=11556"}],"version-history":[{"count":0,"href":"https:\/\/grandepremio.com\/br\/wp-json\/wp\/v2\/posts\/11556\/revisions"}],"wp:featuredmedia":[{"embeddable":true,"href":"https:\/\/grandepremio.com\/br\/wp-json\/wp\/v2\/media\/1000813704"}],"wp:attachment":[{"href":"https:\/\/grandepremio.com\/br\/wp-json\/wp\/v2\/media?parent=11556"}],"wp:term":[{"taxonomy":"category","embeddable":true,"href":"https:\/\/grandepremio.com\/br\/wp-json\/wp\/v2\/categories?post=11556"},{"taxonomy":"post_tag","embeddable":true,"href":"https:\/\/grandepremio.com\/br\/wp-json\/wp\/v2\/tags?post=11556"},{"taxonomy":"42wp_author","embeddable":true,"href":"https:\/\/grandepremio.com\/br\/wp-json\/wp\/v2\/42wp_author?post=11556"}],"curies":[{"name":"wp","href":"https:\/\/api.w.org\/{rel}","templated":true}]}}