{"id":115625,"date":"2021-12-12T15:52:30","date_gmt":"2021-12-12T18:52:30","guid":{"rendered":"https:\/\/grandepremio.com\/br\/noticias\/fia-isenta-max-verstappen-nega-punicao-ultrapassagem-safety-car\/"},"modified":"2021-12-12T15:57:13","modified_gmt":"2021-12-12T18:57:13","slug":"fia-isenta-max-verstappen-nega-punicao-ultrapassagem-safety-car","status":"publish","type":"post","link":"https:\/\/grandepremio.com\/br\/f1\/fia-isenta-max-verstappen-nega-punicao-ultrapassagem-safety-car\/","title":{"rendered":"FIA isenta Verstappen e nega puni\u00e7\u00e3o por ultrapassagem sob safety-car em Abu Dhabi"},"content":{"rendered":"\n<figure class=\"wp-block-video\"><video class=\"video-js vjs-big-play-centered\" data-gp-vjs=\"1\" controls src=\"https:\/\/www.grandepremio.com\/br\/wp-content\/uploads\/2021\/12\/Verstappen-x-Hamilton-ultima-volta.mp4\"><\/video><figcaption>A \u00faltima volta do GP de Abu Dhabi (V\u00eddeo: TSN)<\/figcaption><\/figure>\n\n\n\n<p class=\"wp-block-paragraph\">Os comiss\u00e1rios da FIA agiram rapidamente para responder a um dos protestos oficiais da Mercedes pelas decis\u00f5es nas \u00faltimas voltas do <a href=\"https:\/\/www.grandepremio.com\/br\/f1\/noticias\/max-verstappen-passa-lewis-hamilton-ultima-volta-campeao-formula-1-abu-dhabi\/\">GP de Abu Dhabi<\/a> deste domingo (12), que deu o t\u00edtulo mundial a Max Verstappen com uma ultrapassagem na pen\u00faltima volta ap\u00f3s uma interven\u00e7\u00e3o do safety-car. A primeira decis\u00e3o foi favor\u00e1vel \u00e0 Red Bull e, apesar das obje\u00e7\u00f5es da Mercedes, Verstappen ainda o campe\u00e3o mundial de 2021.<\/p>\n\n\n\n<p class=\"wp-block-paragraph\"><strong>\u25b6\ufe0f&nbsp;Inscreva-se nos dois canais do GRANDE PR\u00caMIO no YouTube:&nbsp;<a href=\"https:\/\/www.youtube.com\/channel\/UC9OlHEgxoaY6QY6nWPoiqQg?sub_confirmation=1\" target=\"_blank\" rel=\"noreferrer noopener\">GP<\/a>&nbsp;|&nbsp;<a href=\"https:\/\/www.youtube.com\/channel\/UC9csiS6q_C3C0FYhyr1rnFA?sub_confirmation=1\" target=\"_blank\" rel=\"noreferrer noopener\">GP2<\/a><\/strong><\/p>\n\n\n\n<p class=\"wp-block-paragraph\">A Mercedes anunciou logo ap\u00f3s a corrida que faria uma <a href=\"https:\/\/www.grandepremio.com\/br\/f1\/noticias\/mercedes-abre-protestos-por-procedimentos-sob-safety-car-no-gp-de-abu-dhabi\/\">reclama\u00e7\u00e3o oficial<\/a> por situa\u00e7\u00f5es das \u00faltimas voltas: o fato de somente os retardat\u00e1rios que estavam entre Hamilton e Verstappen receberem o direito de recuperar a volta que tinham perdido em rela\u00e7\u00e3o aos l\u00edderes e uma poss\u00edvel ultrapassagem de Verstappen ainda com o safety-car na pista.<\/p>\n\n\n\n<p class=\"wp-block-paragraph\">Ficou muito evidente logo na hora em que aconteceu que a Mercedes ficara revoltada. No r\u00e1dio, antes da bandeira quadriculada, Toto Wolff, chefe dos anglo-alem\u00e3es, foi \u00e0 comunica\u00e7\u00e3o direta com o diretor de provas da FIA, Michael Masi, e reclamou. &#8220;N\u00e3o, Michael, n\u00e3o \u00e9 assim que se faz&#8221;, falou.<\/p>\n\n\n\n<p class=\"wp-block-paragraph\">\u00c0s 15h18 (de Bras\u00edlia), cerca de 3h30min ap\u00f3s o final da corrida, e ap\u00f3s receberem os membros da Mercedes e seus advogados para uma reuni\u00e3o, os comiss\u00e1rios conclu\u00edram sobre a primeira das reclama\u00e7\u00f5es: nada a punir no que diz respeito \u00e0 ultrapassagem sob safety-car.<\/p>\n\n\n\n<p class=\"wp-block-paragraph\">\u201cOs comiss\u00e1rios determinaram que, embora o carro #33 tenha se movido ligeiramente \u00e0 frente do carro #44 num momento, por um per\u00edodo muito curto, no momento em que os dois carros estavam acelerando e freando, ele voltou atr\u00e1s do carro #44 e n\u00e3o foi para a frente quando terminou o per\u00edodo do safety-car\u201d, disse a decis\u00e3o dos comiss\u00e1rios da FIA.<\/p>\n\n\n\n<figure class=\"wp-block-image size-large\"><img decoding=\"async\" src=\"https:\/\/www.grandepremio.com\/br\/wp-content\/uploads\/2021\/12\/imagem_2021-12-12_115522-1024x576.png\" alt=\"\" class=\"wp-image-531821\"\/><figcaption>A ultrapassagem do t\u00edtulo de Verstappen (Foto: Reprodu\u00e7\u00e3o\/TSN)<\/figcaption><\/figure>\n\n\n\n<p class=\"wp-block-paragraph\"><strong>Conhe\u00e7a o canal do Grande Pr\u00eamio no YouTube! Clique&nbsp;<a target=\"_blank\" href=\"https:\/\/youtube.com\/GrandePremioTV\" rel=\"noreferrer noopener\">aqui<\/a>.<\/strong><br><strong>Siga o Grande Pr\u00eamio no&nbsp;<a target=\"_blank\" href=\"https:\/\/twitter.com\/grandepremio\" rel=\"noreferrer noopener\">Twitter&nbsp;<\/a>e no&nbsp;<a target=\"_blank\" href=\"https:\/\/instagram.com\/grandepremio\" rel=\"noreferrer noopener\">Instagram<\/a>!<\/strong><\/p>\n\n\n\n<h3 class=\"wp-block-heading\">ENTENDA O CASO<\/h3>\n\n\n\n<p class=\"wp-block-paragraph\">A vit\u00f3ria do GP de Abu Dhabi e o t\u00edtulo em favor de Lewis Hamilton pareciam encaminhados. S\u00f3 que a hist\u00f3ria da corrida e da decis\u00e3o do campeonato mudou quando Nicholas Latifi bateu firme no guard-rail da curva 14 quando restavam cinco voltas para a bandeirada final. O safety-car entrou na pista e neutralizou a vantagem de 11s5 que Hamilton tinha para Verstappen.<\/p>\n\n\n\n<p class=\"wp-block-paragraph\">Naquele momento, a Red Bull deu o pulo do gato crucial para o t\u00edtulo do holand\u00eas ao aproveitar o per\u00edodo de safety-car para cham\u00e1-lo para trocar os pneus duros por compostos macios. Era o tudo ou nada para tentar superar Hamilton. Diferente dos taurinos, a Mercedes foi conservadora e n\u00e3o chamou o brit\u00e2nico para uma nova troca.<\/p>\n\n\n\n<p class=\"wp-block-paragraph\">Depois do pit-stop, Verstappen voltou em segundo, mas com cinco carros entre ele e Hamilton: Lando Norris, Fernando Alonso, Esteban Ocon, Charles Leclerc e Sebastian Vettel. Num primeiro momento, os retardat\u00e1rios n\u00e3o tiveram permiss\u00e3o para descontar a volta para o l\u00edder. Mas depois da chiadeira por parte da Red Bull, Michael Masi voltou atr\u00e1s e autorizou a medida. S\u00f3 que apenas os carros que estavam entre Hamilton e Verstappen foram autorizados a descontar a volta para o l\u00edder.<\/p>\n\n\n\n<p class=\"wp-block-paragraph\">Ainda sob per\u00edodo de safety-car, a Mercedes alegou que Verstappen colocou o carro ligeiramente \u00e0 frente da Mercedes de Hamilton, o que \u00e9 vetado pelo regulamento. Logo depois, na relargada, o holand\u00eas tirou proveito da melhor performance dos pneus macios contra os compostos duros de Hamilton e fez a ultrapassagem. Aguerrido, Lewis lutou para recuperar a posi\u00e7\u00e3o, mas n\u00e3o evitou o triunfo e o t\u00edtulo hist\u00f3rico obtido por Verstappen em Abu Dhabi.<\/p>\n\n\n\n<p class=\"wp-block-paragraph\">Imediatamente ap\u00f3s a derrota no GP de Abu Dhabi, a Mercedes dois protestos na dire\u00e7\u00e3o de prova contra o novo campe\u00e3o mundial Max Verstappen. A alega\u00e7\u00e3o da equipe alem\u00e3 \u00e9 de que o holand\u00eas violou o Artigo 48.8 do c\u00f3digo esportivo da FIA, que pro\u00edbe que os pilotos ultrapassem sob per\u00edodo de safety-car.<\/p>\n\n\n\n<p class=\"wp-block-paragraph\">A segunda alega\u00e7\u00e3o \u00e9 uma viola\u00e7\u00e3o do c\u00f3digo 48.12, que fala sobre os retardat\u00e1rios no per\u00edodo de safety-car, j\u00e1 que Lando Norris, Fernando Alonso, Esteban Ocon, Charles Leclerc e Sebastian Vettel foram autorizados a ultrapassarem os l\u00edderes e o safety-car, mas a corrida foi autorizada a ser reiniciada sem o espa\u00e7o de uma volta para que o pelot\u00e3o fizesse o esfor\u00e7o para se aproximar.<\/p>\n\n\n\n<figure class=\"wp-block-embed is-type-video is-provider-youtube wp-block-embed-youtube wp-embed-aspect-16-9 wp-has-aspect-ratio\"><div class=\"wp-block-embed__wrapper\">\n<iframe loading=\"lazy\" title=\"F1 EM ABU DHABI: VERSTAPPEN PASSA HAMILTON NO FIM E \u00c9 CAMPE\u00c3O! | Briefing\" width=\"500\" height=\"281\" src=\"https:\/\/www.youtube.com\/embed\/Z2axw8llDrc?feature=oembed\" frameborder=\"0\" allow=\"accelerometer; autoplay; clipboard-write; encrypted-media; gyroscope; picture-in-picture; web-share\" referrerpolicy=\"strict-origin-when-cross-origin\" allowfullscreen><\/iframe>\n<\/div><figcaption>F1 EM ABU DHABI: VERSTAPPEN PASSA HAMILTON NO FIM E \u00c9 CAMPE\u00c3O | Briefing<\/figcaption><\/figure>\n","protected":false},"excerpt":{"rendered":"<p>Protestos da Mercedes sacudiram o p\u00f3s-corrida da F\u00f3rmula 1 em Abu Dhabi ap\u00f3s o t\u00edtulo de Max Verstappen na pista. Um deles j\u00e1 foi resolvido e n\u00e3o deu em nada<\/p>\n","protected":false},"author":0,"featured_media":1000531906,"comment_status":"closed","ping_status":"closed","sticky":false,"template":"","format":"standard","meta":{"42wp_featured_image_caption":"","42wp_featured_image_credits":"","42wp_featured_video":"","42wp_featured_image_hidden":false,"42wp_authors_list":[],"footnotes":""},"categories":[2],"tags":[655,30279,156,25536,25424,24836,28285,87,203,82,204,150,1901],"42wp_author":[47110,47120],"class_list":["post-115625","post","type-post","status-publish","format-standard","has-post-thumbnail","hentry","category-f1","tag-christian-horner","tag-emirados-arabes-unidos","tag-f1-2021","tag-formula-1-2021-2","tag-gp-de-abu-dhabi","tag-grande-premio-2","tag-grandepremio","tag-lewis-hamilton","tag-max-verstappen","tag-mercedes","tag-red-bull","tag-toto-wolff","tag-yas-marina","42wp_author-fernando-silva","42wp_author-pedro-henrique-marum"],"_links":{"self":[{"href":"https:\/\/grandepremio.com\/br\/wp-json\/wp\/v2\/posts\/115625","targetHints":{"allow":["GET"]}}],"collection":[{"href":"https:\/\/grandepremio.com\/br\/wp-json\/wp\/v2\/posts"}],"about":[{"href":"https:\/\/grandepremio.com\/br\/wp-json\/wp\/v2\/types\/post"}],"replies":[{"embeddable":true,"href":"https:\/\/grandepremio.com\/br\/wp-json\/wp\/v2\/comments?post=115625"}],"version-history":[{"count":0,"href":"https:\/\/grandepremio.com\/br\/wp-json\/wp\/v2\/posts\/115625\/revisions"}],"wp:featuredmedia":[{"embeddable":true,"href":"https:\/\/grandepremio.com\/br\/wp-json\/wp\/v2\/media\/1000531906"}],"wp:attachment":[{"href":"https:\/\/grandepremio.com\/br\/wp-json\/wp\/v2\/media?parent=115625"}],"wp:term":[{"taxonomy":"category","embeddable":true,"href":"https:\/\/grandepremio.com\/br\/wp-json\/wp\/v2\/categories?post=115625"},{"taxonomy":"post_tag","embeddable":true,"href":"https:\/\/grandepremio.com\/br\/wp-json\/wp\/v2\/tags?post=115625"},{"taxonomy":"42wp_author","embeddable":true,"href":"https:\/\/grandepremio.com\/br\/wp-json\/wp\/v2\/42wp_author?post=115625"}],"curies":[{"name":"wp","href":"https:\/\/api.w.org\/{rel}","templated":true}]}}