{"id":115630,"date":"2021-12-12T14:32:40","date_gmt":"2021-12-12T17:32:40","guid":{"rendered":"https:\/\/grandepremio.com\/br\/noticias\/felipe-massa-desfecho-f1-abu-dhabi-bem-parecido-2008-so-acaba-bandeirada\/"},"modified":"2021-12-12T14:32:48","modified_gmt":"2021-12-12T17:32:48","slug":"felipe-massa-desfecho-f1-abu-dhabi-bem-parecido-2008-so-acaba-bandeirada","status":"publish","type":"post","link":"https:\/\/grandepremio.com\/br\/f1\/felipe-massa-desfecho-f1-abu-dhabi-bem-parecido-2008-so-acaba-bandeirada\/","title":{"rendered":"Massa v\u00ea desfecho da F1 em Abu Dhabi \u201cbem parecido\u201d com 2008: \u201cS\u00f3 acaba na bandeirada\u201d"},"content":{"rendered":"\n<figure class=\"wp-block-embed is-type-video is-provider-youtube wp-block-embed-youtube wp-embed-aspect-16-9 wp-has-aspect-ratio\"><div class=\"wp-block-embed__wrapper\">\n<iframe loading=\"lazy\" title=\"F1 EM ABU DHABI: VERSTAPPEN PASSA HAMILTON NO FIM E \u00c9 CAMPE\u00c3O! | Briefing\" width=\"500\" height=\"281\" src=\"https:\/\/www.youtube.com\/embed\/Z2axw8llDrc?feature=oembed\" frameborder=\"0\" allow=\"accelerometer; autoplay; clipboard-write; encrypted-media; gyroscope; picture-in-picture; web-share\" referrerpolicy=\"strict-origin-when-cross-origin\" allowfullscreen><\/iframe>\n<\/div><figcaption>F1 EM ABU DHABI: VERSTAPPEN PASSA HAMILTON NO FIM E \u00c9 CAMPE\u00c3O! | Briefing<br><\/figcaption><\/figure>\n\n\n\n<p class=\"wp-block-paragraph\">Se algu\u00e9m pode entender o sentimento de Lewis Hamilton neste domingo (12), este algu\u00e9m \u00e9 Felipe Massa. Afinal, h\u00e1 13 anos, o brasileiro viveu a experi\u00eancia de ter um t\u00edtulo da F\u00f3rmula 1 nas m\u00e3os e perder no espa\u00e7o de pouqu\u00edssimo tempo.<\/p>\n\n\n\n<p class=\"wp-block-paragraph\">Na \u00faltima etapa da temporada 2021, Hamilton chegou a ter o octacampeonato ao alcance das m\u00e3os, mas viu a sorte virar com cinco voltas para o fim, quando Nicholas Latifi bateu e provocou a entrada de um safety-car. Depois de dominar a corrida quase que de ponta a ponta, o brit\u00e2nico se viu com pneus desgastados e n\u00e3o teve como se defender de Max Verstappen, que tinha acabado de trocar para cal\u00e7ados macios e venceu para ficar com o t\u00edtulo da F1.<\/p>\n\n\n\n<figure class=\"wp-block-image size-large\"><img decoding=\"async\" src=\"https:\/\/www.grandepremio.com\/br\/wp-content\/uploads\/2020\/04\/20181161042359_felipe-massa_DMa.jpg\" alt=\"\" class=\"wp-image-351303\"\/><figcaption>Felipe Massa venceu em Interlagos em 2008, mas perdeu o t\u00edtulo por um ponto (Foto: Divulga\u00e7\u00e3o)<\/figcaption><\/figure>\n\n\n\n<p class=\"wp-block-paragraph\"><strong>LEIA TAMB\u00c9M<\/strong><br><strong>#\u00a0<a href=\"https:\/\/www.grandepremio.com\/br\/f1\/noticias\/max-verstappen-campeao-consolida-troca-de-guarda-fim-da-dinastia-lewis-hamilton-formula-1\/\">Campe\u00e3o, Verstappen consolida troca de guarda e fim da dinastia Hamilton na F1<\/a><\/strong><br><strong>#\u00a0<a href=\"https:\/\/www.grandepremio.com\/br\/f1\/noticias\/max-verstappen-triunfa-rivalidade-contra-nemesis-vida-apenas-24-anos\/\">Verstappen triunfa em rivalidade contra n\u00eamesis de uma vida apenas aos 24 anos<\/a><\/strong><br><strong>#\u00a0<a href=\"https:\/\/www.grandepremio.com\/br\/f1\/noticias\/verstappen-vence-batalha-ardua-primeiro-titulo-sinaliza-nova-era-f1\/\">Verstappen vence batalha \u00e1rdua em primeiro t\u00edtulo e sinaliza nova era na\u00a0<\/a><a href=\"https:\/\/www.grandepremio.com\/formula-1\/\" target=\"_blank\" rel=\"noreferrer noopener\">F\u00f3rmula 1<\/a><\/strong><br>#\u00a0<strong><a href=\"https:\/\/www.grandepremio.com\/br\/equipe\/f1\/2020\/red-bull-racing\/\" target=\"_blank\" rel=\"noreferrer noopener\">Red Bull<\/a><a href=\"https:\/\/www.grandepremio.com\/br\/f1\/noticias\/red-bull-enfim-entrega-carro-vencedor-e-da-condicao-de-titulo-a-verstappen-na-formula-1\/\">\u00a0enfim entrega carro vencedor e d\u00e1 condi\u00e7\u00e3o de t\u00edtulo a Verstappen na F1<\/a><\/strong><\/p>\n\n\n\n<p class=\"wp-block-paragraph\">Em 2008, Massa viveu algo parecido. Na final em Interlagos, o ent\u00e3o piloto da Ferrari chegou a receber a bandeirada como campe\u00e3o do mundo, mas a comemora\u00e7\u00e3o durou poucos segundos, j\u00e1 que o pr\u00f3prio Hamilton conseguiu passar Timo Glock \u2015 que tamb\u00e9m enfrentava dificuldades com os pneus \u2015 e acabou campe\u00e3o por apenas um ponto de margem.<\/p>\n\n\n\n<p class=\"wp-block-paragraph\">Antes de largar para a corrida 1 da Stock Car em Interlagos, Massa falou \u00e0 Band sobre as semelhan\u00e7as da situa\u00e7\u00e3o e elogiou o campeonato de Hamilton, mas considerou Verstappen merecedor do t\u00edtulo.<\/p>\n\n\n\n<p class=\"wp-block-paragraph\">\u201cFoi bem parecido\u201d, come\u00e7ou Felipe. \u201c\u00c9 l\u00f3gico que a gente n\u00e3o pode comparar uma coisa com a outra. Nada contra o Hamilton, acho que o campeonato que ele fez foi espetacular, mas \u00e9 isso a\u00ed, \u00e0s vezes as coisas acontecem porque tem de acontecer\u201d, seguiu.<\/p>\n\n\n\n<p class=\"wp-block-paragraph\">\u201cO Verstappen mereceu o t\u00edtulo, foi o piloto que mais venceu este ano\u201d, opinou. \u201cQuando come\u00e7ou a corrida, muita gente falou: \u2018Acho que a corrida agora j\u00e1 era\u2019. E eu falei: \u2018S\u00f3 acaba na bandeirada. Eu conhe\u00e7o bem\u2019. E foi na bandeirada. Mas parab\u00e9ns aos Verstappen, parab\u00e9ns aos Hamilton, parab\u00e9ns \u00e0 F\u00f3rmula 1, que fez um campeonato excepcional\u201d, encerrou.<\/p>\n\n\n\n<figure class=\"wp-block-video\"><video class=\"video-js vjs-big-play-centered\" data-gp-vjs=\"1\" controls src=\"https:\/\/www.grandepremio.com\/br\/wp-content\/uploads\/2021\/12\/Verstappen-x-Hamilton-ultima-volta.mp4\"><\/video><figcaption>A \u00faltima volta do GP de Abu Dhabi (V\u00eddeo: TSN)<\/figcaption><\/figure>\n","protected":false},"excerpt":{"rendered":"<p>Piloto brasileiro relembrou o desfecho do campeonato de 2008 e considerou que, embora n\u00e3o seja poss\u00edvel comparar as duas situa\u00e7\u00f5es, a experi\u00eancia de Hamilton neste fim de semana guarda semelhan\u00e7as com o que ele pr\u00f3prio viveu h\u00e1 13 anos<\/p>\n","protected":false},"author":0,"featured_media":1000531538,"comment_status":"closed","ping_status":"closed","sticky":false,"template":"","format":"standard","meta":{"42wp_featured_image_caption":"","42wp_featured_image_credits":"","42wp_featured_video":"","42wp_featured_image_hidden":false,"42wp_authors_list":[],"footnotes":""},"categories":[2],"tags":[147,156,504,24837,25536,29763,87,203,1901],"42wp_author":[47113],"class_list":["post-115630","post","type-post","status-publish","format-standard","has-post-thumbnail","hentry","category-f1","tag-f1","tag-f1-2021","tag-felipe-massa","tag-formula-1-2","tag-formula-1-2021-2","tag-formula-1-classificacao-2021","tag-lewis-hamilton","tag-max-verstappen","tag-yas-marina","42wp_author-juliana-tesser"],"_links":{"self":[{"href":"https:\/\/grandepremio.com\/br\/wp-json\/wp\/v2\/posts\/115630","targetHints":{"allow":["GET"]}}],"collection":[{"href":"https:\/\/grandepremio.com\/br\/wp-json\/wp\/v2\/posts"}],"about":[{"href":"https:\/\/grandepremio.com\/br\/wp-json\/wp\/v2\/types\/post"}],"replies":[{"embeddable":true,"href":"https:\/\/grandepremio.com\/br\/wp-json\/wp\/v2\/comments?post=115630"}],"version-history":[{"count":0,"href":"https:\/\/grandepremio.com\/br\/wp-json\/wp\/v2\/posts\/115630\/revisions"}],"wp:featuredmedia":[{"embeddable":true,"href":"https:\/\/grandepremio.com\/br\/wp-json\/wp\/v2\/media\/1000531538"}],"wp:attachment":[{"href":"https:\/\/grandepremio.com\/br\/wp-json\/wp\/v2\/media?parent=115630"}],"wp:term":[{"taxonomy":"category","embeddable":true,"href":"https:\/\/grandepremio.com\/br\/wp-json\/wp\/v2\/categories?post=115630"},{"taxonomy":"post_tag","embeddable":true,"href":"https:\/\/grandepremio.com\/br\/wp-json\/wp\/v2\/tags?post=115630"},{"taxonomy":"42wp_author","embeddable":true,"href":"https:\/\/grandepremio.com\/br\/wp-json\/wp\/v2\/42wp_author?post=115630"}],"curies":[{"name":"wp","href":"https:\/\/api.w.org\/{rel}","templated":true}]}}