{"id":115635,"date":"2021-12-12T14:00:18","date_gmt":"2021-12-12T17:00:18","guid":{"rendered":"https:\/\/grandepremio.com\/br\/noticias\/kimi-raikkonen-celebra-memorias-f1-ansioso-uma-vida-normal\/"},"modified":"2021-12-12T14:00:28","modified_gmt":"2021-12-12T17:00:28","slug":"kimi-raikkonen-celebra-memorias-f1-ansioso-uma-vida-normal","status":"publish","type":"post","link":"https:\/\/grandepremio.com\/br\/f1\/kimi-raikkonen-celebra-memorias-f1-ansioso-uma-vida-normal\/","title":{"rendered":"R\u00e4ikk\u00f6nen celebra mem\u00f3rias constru\u00eddas na F1, mas se diz \u201cansioso por uma vida normal\u201d"},"content":{"rendered":"\n<figure class=\"wp-block-embed is-type-video is-provider-youtube wp-block-embed-youtube wp-embed-aspect-16-9 wp-has-aspect-ratio\"><div class=\"wp-block-embed__wrapper\">\n<iframe loading=\"lazy\" title=\"F1 EM ABU DHABI: VERSTAPPEN PASSA HAMILTON NO FIM E \u00c9 CAMPE\u00c3O! | Briefing\" width=\"500\" height=\"281\" src=\"https:\/\/www.youtube.com\/embed\/Z2axw8llDrc?feature=oembed\" frameborder=\"0\" allow=\"accelerometer; autoplay; clipboard-write; encrypted-media; gyroscope; picture-in-picture; web-share\" referrerpolicy=\"strict-origin-when-cross-origin\" allowfullscreen><\/iframe>\n<\/div><figcaption>F1 EM ABU DHABI: VERSTAPPEN PASSA HAMILTON NO FIM E \u00c9 CAMPE\u00c3O! | Briefing<\/figcaption><\/figure>\n\n\n\n<p class=\"wp-block-paragraph\">Kimi R\u00e4ikk\u00f6nen encerrou a carreira na F1 com um abandono no <a href=\"https:\/\/www.grandepremio.com\/br\/f1\/noticias\/max-verstappen-passa-lewis-hamilton-ultima-volta-campeao-formula-1-abu-dhabi\/\">GP de Abu Dhabi deste domingo (12)<\/a>. Apesar do rev\u00e9s inesperado, o finland\u00eas saiu satisfeito com o apre\u00e7o que recebeu das pessoas e feliz por ter a \u201cvida normal\u201d pela qual ansiava.<\/p>\n\n\n\n<p class=\"wp-block-paragraph\">Campe\u00e3o da F\u00f3rmula 1 em 2007 com a Ferrari, R\u00e4ikk\u00f6nen encerrou a carreira em Yas Marina com um curr\u00edculo de 350 GPs, 19 temporadas, 21 vit\u00f3rias, 18 poles, 103 p\u00f3dios e 46 voltas mais r\u00e1pidas. A \u00faltima corrida, por\u00e9m, terminou com um abandono por conta de um problema t\u00e9cnico.<\/p>\n\n\n\n<p class=\"wp-block-paragraph\"><strong>\u25b6\ufe0f\u00a0Inscreva-se nos dois canais do GRANDE PR\u00caMIO no YouTube:\u00a0<a href=\"https:\/\/www.youtube.com\/channel\/UC9OlHEgxoaY6QY6nWPoiqQg?sub_confirmation=1\" target=\"_blank\" rel=\"noreferrer noopener\">GP<\/a>\u00a0|\u00a0<a href=\"https:\/\/www.youtube.com\/channel\/UC9csiS6q_C3C0FYhyr1rnFA?sub_confirmation=1\" target=\"_blank\" rel=\"noreferrer noopener\">GP2<\/a><\/strong><\/p>\n\n\n\n<figure class=\"wp-block-image size-large\"><img decoding=\"async\" src=\"https:\/\/www.grandepremio.com\/br\/wp-content\/uploads\/2021\/12\/large-2021-Abu-Dhabi-Grand-Prix-Friday-2-1024x683.jpg\" alt=\"KIMI R\u00c4IKK\u00d6NEN; ALFA ROMEO; F1; F\u00d3RMULA 1;\" class=\"wp-image-531628\"\/><figcaption>Kimi R\u00e4ikk\u00f6nen se despediu da F1 neste domingo (Foto: Alfa Romeo)<\/figcaption><\/figure>\n\n\n\n<p class=\"wp-block-paragraph\"><strong>LEIA TAMB\u00c9M<\/strong><br><strong>#\u00a0<a href=\"https:\/\/www.grandepremio.com\/br\/f1\/noticias\/max-verstappen-campeao-consolida-troca-de-guarda-fim-da-dinastia-lewis-hamilton-formula-1\/\">Campe\u00e3o, Verstappen consolida troca de guarda e fim da dinastia Hamilton na F1<\/a><\/strong><br><strong>#\u00a0<a href=\"https:\/\/www.grandepremio.com\/br\/f1\/noticias\/max-verstappen-triunfa-rivalidade-contra-nemesis-vida-apenas-24-anos\/\">Verstappen triunfa em rivalidade contra n\u00eamesis de uma vida apenas aos 24 anos<\/a><\/strong><br><strong>#\u00a0<a href=\"https:\/\/www.grandepremio.com\/br\/f1\/noticias\/verstappen-vence-batalha-ardua-primeiro-titulo-sinaliza-nova-era-f1\/\">Verstappen vence batalha \u00e1rdua em primeiro t\u00edtulo e sinaliza nova era na\u00a0<\/a><a href=\"https:\/\/www.grandepremio.com\/formula-1\/\" target=\"_blank\" rel=\"noreferrer noopener\">F\u00f3rmula 1<\/a><\/strong><br>#\u00a0<strong><a href=\"https:\/\/www.grandepremio.com\/br\/equipe\/f1\/2020\/red-bull-racing\/\" target=\"_blank\" rel=\"noreferrer noopener\">Red Bull<\/a><a href=\"https:\/\/www.grandepremio.com\/br\/f1\/noticias\/red-bull-enfim-entrega-carro-vencedor-e-da-condicao-de-titulo-a-verstappen-na-formula-1\/\">\u00a0enfim entrega carro vencedor e d\u00e1 condi\u00e7\u00e3o de t\u00edtulo a Verstappen na F1<\/a><\/strong><\/p>\n\n\n\n<p class=\"wp-block-paragraph\">Mesmo sem ver a bandeirada, Kimi saiu satisfeito, j\u00e1 que n\u00e3o sente que o resultado desta \u00faltima etapa de 2021 deixa um impacto na carreira.<\/p>\n\n\n\n<p class=\"wp-block-paragraph\">\u201cFoi bom ver tantas pessoas mostrando apre\u00e7o hoje, mesmo que a corrida n\u00e3o tenha sido como esper\u00e1vamos\u201d, disse R\u00e4ikk\u00f6nen. \u201cTivemos um problema depois do pit-stop, um problema t\u00e9cnico que fez com que termin\u00e1ssemos mais cedo hoje\u201d, seguiu.<\/p>\n\n\n\n<p class=\"wp-block-paragraph\">\u201cAs corridas s\u00e3o assim, as coisas falham, mas o resultado de hoje n\u00e3o influencia como me sinto em rela\u00e7\u00e3o a minha carreira\u201d, falou. \u201cEstou feliz em ir para uma vida normal, estou ansioso. Claro, vou sentir muita falta das \u00f3timas pessoas que conheci ao longo dos anos. 20 anos passaram muito r\u00e1pido, criei muitas grandes mem\u00f3rias, algumas boas, outras ruins, e isso vai ficar comigo para sempre\u201d, completou.<\/p>\n\n\n\n<figure class=\"wp-block-video\"><video class=\"video-js vjs-big-play-centered\" data-gp-vjs=\"1\" controls src=\"https:\/\/www.grandepremio.com\/br\/wp-content\/uploads\/2021\/12\/Verstappen-x-Hamilton-ultima-volta.mp4\"><\/video><figcaption>A \u00faltima volta do GP de Abu Dhabi (V\u00eddeo: TSN)<\/figcaption><\/figure>\n","protected":false},"excerpt":{"rendered":"<p>No adeus \u00e0 F\u00f3rmula 1, finland\u00eas admitiu que vai sentir saudades das pessoas, mas sublinhou que vai guardar para sempre as mem\u00f3rias que construiu ao longo da carreira<\/p>\n","protected":false},"author":0,"featured_media":1000531767,"comment_status":"closed","ping_status":"closed","sticky":false,"template":"","format":"standard","meta":{"42wp_featured_image_caption":"","42wp_featured_image_credits":"","42wp_featured_video":"","42wp_featured_image_hidden":false,"42wp_authors_list":[],"footnotes":""},"categories":[2],"tags":[1276,27040,147,156,24837,25536,29763,24834,87,203,1901],"42wp_author":[47113],"class_list":["post-115635","post","type-post","status-publish","format-standard","has-post-thumbnail","hentry","category-f1","tag-abu-dhabi","tag-calendario-formula-1-2021","tag-f1","tag-f1-2021","tag-formula-1-2","tag-formula-1-2021-2","tag-formula-1-classificacao-2021","tag-kimi-raikkonen-2","tag-lewis-hamilton","tag-max-verstappen","tag-yas-marina","42wp_author-juliana-tesser"],"_links":{"self":[{"href":"https:\/\/grandepremio.com\/br\/wp-json\/wp\/v2\/posts\/115635","targetHints":{"allow":["GET"]}}],"collection":[{"href":"https:\/\/grandepremio.com\/br\/wp-json\/wp\/v2\/posts"}],"about":[{"href":"https:\/\/grandepremio.com\/br\/wp-json\/wp\/v2\/types\/post"}],"replies":[{"embeddable":true,"href":"https:\/\/grandepremio.com\/br\/wp-json\/wp\/v2\/comments?post=115635"}],"version-history":[{"count":0,"href":"https:\/\/grandepremio.com\/br\/wp-json\/wp\/v2\/posts\/115635\/revisions"}],"wp:featuredmedia":[{"embeddable":true,"href":"https:\/\/grandepremio.com\/br\/wp-json\/wp\/v2\/media\/1000531767"}],"wp:attachment":[{"href":"https:\/\/grandepremio.com\/br\/wp-json\/wp\/v2\/media?parent=115635"}],"wp:term":[{"taxonomy":"category","embeddable":true,"href":"https:\/\/grandepremio.com\/br\/wp-json\/wp\/v2\/categories?post=115635"},{"taxonomy":"post_tag","embeddable":true,"href":"https:\/\/grandepremio.com\/br\/wp-json\/wp\/v2\/tags?post=115635"},{"taxonomy":"42wp_author","embeddable":true,"href":"https:\/\/grandepremio.com\/br\/wp-json\/wp\/v2\/42wp_author?post=115635"}],"curies":[{"name":"wp","href":"https:\/\/api.w.org\/{rel}","templated":true}]}}