{"id":115662,"date":"2021-12-12T06:12:04","date_gmt":"2021-12-12T09:12:04","guid":{"rendered":"https:\/\/grandepremio.com\/br\/noticias\/nikita-mazepin-testa-positivo-covid-19-fica-fora-gp-de-abu-dhabi-formula-1\/"},"modified":"2021-12-12T06:12:12","modified_gmt":"2021-12-12T09:12:12","slug":"nikita-mazepin-testa-positivo-covid-19-fica-fora-gp-de-abu-dhabi-formula-1","status":"publish","type":"post","link":"https:\/\/grandepremio.com\/br\/f1\/nikita-mazepin-testa-positivo-covid-19-fica-fora-gp-de-abu-dhabi-formula-1\/","title":{"rendered":"Mazepin testa positivo para Covid-19 e fica fora do GP de Abu Dhabi de F\u00f3rmula 1"},"content":{"rendered":"\n<figure class=\"wp-block-embed is-type-video is-provider-youtube wp-block-embed-youtube wp-embed-aspect-16-9 wp-has-aspect-ratio\"><div class=\"wp-block-embed__wrapper\">\n<iframe loading=\"lazy\" title=\"F1 EM ABU DHABI, CLASSIFICA\u00c7\u00c3O: VERSTAPPEN POLE, HAMILTON 2\u00b0 | Briefing\" width=\"500\" height=\"281\" src=\"https:\/\/www.youtube.com\/embed\/C5iciZOvxk0?feature=oembed\" frameborder=\"0\" allow=\"accelerometer; autoplay; clipboard-write; encrypted-media; gyroscope; picture-in-picture; web-share\" referrerpolicy=\"strict-origin-when-cross-origin\" allowfullscreen><\/iframe>\n<\/div><figcaption>F1 EM ABU DHABI, CLASSIFICA\u00c7\u00c3O: VERSTAPPEN POLE, HAMILTON 2\u00b0 | Briefing<\/figcaption><\/figure>\n\n\n\n<p class=\"wp-block-paragraph\">A temporada 2021 da F\u00f3rmula 1 terminou um dia antes do previsto para Nikita Mazepin. Na manh\u00e3 deste domingo (12), a Haas anunciou que o russo de 22 anos testou positivo para Covid-19 e, portanto, n\u00e3o poder\u00e1 correr no GP de Abu Dhabi de logo mais, com largada marcada para 10h (de Bras\u00edlia, GMT-3).<\/p>\n\n\n\n<p class=\"wp-block-paragraph\">A Haas informou que Mazepin est\u00e1 \u201cfisicamente bem, assintom\u00e1tico e vai se isolar e cumprir as normas determinadas pelas autoridades sanit\u00e1rias locais.<\/p>\n\n\n\n<p class=\"wp-block-paragraph\">Via Twitter, o piloto afirmou que est\u00e1 bem. \u201cOl\u00e1 a todos! Lamento informar que testei positivo para Covid. Estou completamente bem, mas n\u00e3o vou conseguir correr hoje. Desejo a todos os meus companheiros pilotos um fant\u00e1stico fim de temporada e envio gratid\u00e3o e amor a todos pelo apoio\u201d.<\/p>\n\n\n\n<figure class=\"wp-block-image size-large\"><img decoding=\"async\" src=\"https:\/\/www.grandepremio.com\/br\/wp-content\/uploads\/2021\/12\/haas-nikitamazepin-02-3-1024x683.jpg\" alt=\"\" class=\"wp-image-531193\"\/><figcaption>Nikita Mazepin est\u00e1 fora do GP de Abu Dhabi ap\u00f3s testar positivo para Covid-19 (Foto: Haas F1 Team)<\/figcaption><\/figure>\n\n\n\n<p class=\"wp-block-paragraph\"><strong>\u25b6\ufe0f\u00a0Inscreva-se nos dois canais do GRANDE PR\u00caMIO no YouTube:\u00a0<a href=\"https:\/\/www.youtube.com\/channel\/UC9OlHEgxoaY6QY6nWPoiqQg?sub_confirmation=1\" target=\"_blank\" rel=\"noreferrer noopener\">GP<\/a>\u00a0|\u00a0<a href=\"https:\/\/www.youtube.com\/channel\/UC9csiS6q_C3C0FYhyr1rnFA?sub_confirmation=1\" target=\"_blank\" rel=\"noreferrer noopener\">GP2<\/a><\/strong><\/p>\n\n\n\n<p class=\"wp-block-paragraph\">Mazepin n\u00e3o ter\u00e1 substituto logo mais para a \u00faltima corrida do ano. Segundo o artigo 31.1 do regulamento desportivo da FIA (Federa\u00e7\u00e3o Internacional de Automobilismo) para a F\u00f3rmula 1, um piloto s\u00f3 pode largar em um GP se tiver feito ao menos um treino livre ao longo do fim de semana. Nikita participou de todas as sess\u00f5es na sexta-feira e tamb\u00e9m no s\u00e1bado.<\/p>\n\n\n\n<p class=\"wp-block-paragraph\">O piloto da Haas ser\u00e1 o segundo na temporada 2021 a ficar fora de ao menos uma etapa da F\u00f3rmula 1 em raz\u00e3o da Covid-19. Em setembro, Kimi R\u00e4ikk\u00f6nen testou positivo e ficou fora dos GPs da Holanda e da It\u00e1lia, sendo substitu\u00eddo na Alfa Romeo por Robert Kubica.<\/p>\n\n\n\n<p class=\"wp-block-paragraph\">Desta forma, Mazepin encerra uma temporada de estreia na F\u00f3rmula 1 com destaque mais pelas rodadas e fechadas nos oponentes do que propriamente por uma grande performance na pista. Em sua \u00faltima classifica\u00e7\u00e3o, Nikita foi superado pelo companheiro de equipe, Mick Schumacher, em mais de 0s7. <a href=\"https:\/\/www.grandepremio.com\/br\/f1\/noticias\/confira-placar-dos-duelos-de-classificacao-entre-companheiros-de-equipe-da-f1-em-2021\/\">O alem\u00e3o largou \u00e0 frente do companheiro de equipe em 20 oportunidades, contra duas de Mazepin<\/a>.<\/p>\n\n\n\n<p class=\"wp-block-paragraph\">A decisiva e derradeira corrida desta imprevis\u00edvel temporada 2021 da\u00a0<a href=\"https:\/\/www.grandepremio.com\/formula-1\/\" target=\"_blank\" rel=\"noreferrer noopener\">F\u00f3rmula 1<\/a>\u00a0tem largada marcada para domingo, \u00e0s 10h (de Bras\u00edlia, GMT-3), com transmiss\u00e3o ao vivo da Band na TV aberta e do servi\u00e7o de streaming\u00a0<a href=\"https:\/\/www.grandepremio.com\/formula-1\/\" target=\"_blank\" rel=\"noreferrer noopener\">F1\u00a0<\/a>TV Pro. O\u00a0<strong>GRANDE PR\u00caMIO<\/strong>\u00a0acompanha a defini\u00e7\u00e3o do grande campe\u00e3o da F\u00f3rmula 1\u00a0<strong><a href=\"https:\/\/www.grandepremio.com\/br\/ao-vivo\/f1\/\">AO VIVO e em\u00a0<\/a><a href=\"https:\/\/www.grandepremio.com\/br\/ao-vivo\/\" target=\"_blank\" rel=\"noreferrer noopener\">TEMPO REAL<\/a><\/strong>.<\/p>\n\n\n\n<figure class=\"wp-block-video\"><video class=\"video-js vjs-big-play-centered\" data-gp-vjs=\"1\" controls src=\"https:\/\/www.grandepremio.com\/br\/wp-content\/uploads\/2021\/12\/F1Covid.mp4\"><\/video><figcaption>A F1 lan\u00e7a campanha para defender e incentivar vacina\u00e7\u00e3o contra a Covid-19 (V\u00eddeo: F1)<\/figcaption><\/figure>\n","protected":false},"excerpt":{"rendered":"<p>Nikita Mazepin \u00e9 baixa de \u00faltima hora para a prova derradeira da temporada 2021. O russo testou positivo para Covid-19, est\u00e1 fora da prova em Abu Dhabi e n\u00e3o ser\u00e1 substitu\u00eddo<\/p>\n","protected":false},"author":0,"featured_media":1000529557,"comment_status":"closed","ping_status":"closed","sticky":false,"template":"","format":"standard","meta":{"42wp_featured_image_caption":"","42wp_featured_image_credits":"","42wp_featured_video":"","42wp_featured_image_hidden":false,"42wp_authors_list":[],"footnotes":""},"categories":[2],"tags":[24858,147,156,24837,25536,25424,24836,119,116,1901],"42wp_author":[47110],"class_list":["post-115662","post","type-post","status-publish","format-standard","has-post-thumbnail","hentry","category-f1","tag-covid-19","tag-f1","tag-f1-2021","tag-formula-1-2","tag-formula-1-2021-2","tag-gp-de-abu-dhabi","tag-grande-premio-2","tag-haas","tag-nikita-mazepin","tag-yas-marina","42wp_author-fernando-silva"],"_links":{"self":[{"href":"https:\/\/grandepremio.com\/br\/wp-json\/wp\/v2\/posts\/115662","targetHints":{"allow":["GET"]}}],"collection":[{"href":"https:\/\/grandepremio.com\/br\/wp-json\/wp\/v2\/posts"}],"about":[{"href":"https:\/\/grandepremio.com\/br\/wp-json\/wp\/v2\/types\/post"}],"replies":[{"embeddable":true,"href":"https:\/\/grandepremio.com\/br\/wp-json\/wp\/v2\/comments?post=115662"}],"version-history":[{"count":0,"href":"https:\/\/grandepremio.com\/br\/wp-json\/wp\/v2\/posts\/115662\/revisions"}],"wp:featuredmedia":[{"embeddable":true,"href":"https:\/\/grandepremio.com\/br\/wp-json\/wp\/v2\/media\/1000529557"}],"wp:attachment":[{"href":"https:\/\/grandepremio.com\/br\/wp-json\/wp\/v2\/media?parent=115662"}],"wp:term":[{"taxonomy":"category","embeddable":true,"href":"https:\/\/grandepremio.com\/br\/wp-json\/wp\/v2\/categories?post=115662"},{"taxonomy":"post_tag","embeddable":true,"href":"https:\/\/grandepremio.com\/br\/wp-json\/wp\/v2\/tags?post=115662"},{"taxonomy":"42wp_author","embeddable":true,"href":"https:\/\/grandepremio.com\/br\/wp-json\/wp\/v2\/42wp_author?post=115662"}],"curies":[{"name":"wp","href":"https:\/\/api.w.org\/{rel}","templated":true}]}}