{"id":115698,"date":"2021-12-10T15:55:51","date_gmt":"2021-12-10T18:55:51","guid":{"rendered":"https:\/\/grandepremio.com\/br\/noticias\/confira-declaracoes-pilotos-sexta-feira-gp-abu-dhabi-f1\/"},"modified":"2021-12-10T15:56:05","modified_gmt":"2021-12-10T18:56:05","slug":"confira-declaracoes-pilotos-sexta-feira-gp-abu-dhabi-f1","status":"publish","type":"post","link":"https:\/\/grandepremio.com\/br\/f1\/confira-declaracoes-pilotos-sexta-feira-gp-abu-dhabi-f1\/","title":{"rendered":"Confira declara\u00e7\u00f5es dos pilotos ap\u00f3s sexta-feira do GP de Abu Dhabi de F1"},"content":{"rendered":"\n<figure class=\"wp-block-embed is-type-video is-provider-youtube wp-block-embed-youtube wp-embed-aspect-16-9 wp-has-aspect-ratio\"><div class=\"wp-block-embed__wrapper\">\n<iframe loading=\"lazy\" title=\"VERSTAPPEN x HAMILTON: A DECIS\u00c3O DA F1 2021 EST\u00c1 CHEGANDO | WGP\" width=\"500\" height=\"281\" src=\"https:\/\/www.youtube.com\/embed\/8MEKL4MX40E?feature=oembed\" frameborder=\"0\" allow=\"accelerometer; autoplay; clipboard-write; encrypted-media; gyroscope; picture-in-picture; web-share\" referrerpolicy=\"strict-origin-when-cross-origin\" allowfullscreen><\/iframe>\n<\/div><figcaption>VERSTAPPEN x HAMILTON: A DECIS\u00c3O DA F1 2021 EST\u00c1 CHEGANDO | WGP<\/figcaption><\/figure>\n\n\n\n<p class=\"wp-block-paragraph\"><a href=\"https:\/\/www.grandepremio.com\/br\/f1\/noticias\/lewis-hamilton-lidera-treino-livre-2-gp-abu-dhabi-max-verstappen-so-quarto\/\">Lewis Hamilton foi o mais r\u00e1pido no primeiro dia de treinos para o GP de Abu Dhabi de F\u00f3rmula 1<\/a>. O piloto da Mercedes cravou 1min23s691 na tarde desta sexta-feira (10) e fechou o dia em Yas Marina com 0s343 de margem para Esteban Ocon, o segundo colocado.<\/p>\n\n\n\n<p class=\"wp-block-paragraph\">0s392 mais lento que o companheiro de Mercedes, Valtteri Bottas ficou com a terceira coloca\u00e7\u00e3o, diante de Max Verstappen. O l\u00edder do campeonato fez a melhor volta em 1min24s332 e ficou a 0s641 do rival pelo t\u00edtulo.<\/p>\n\n\n\n<p class=\"wp-block-paragraph\"><strong>DECIS\u00c3O DA F\u00d3RMULA 1 2021<\/strong><br>#&nbsp;<strong><a href=\"https:\/\/www.grandepremio.com\/br\/f1\/noticias\/hamilton-deixa-inicio-irregular-para-tras-e-busca-octa-apos-recuperacao-historica\/\">Hamilton deixa in\u00edcio irregular para tr\u00e1s e busca octa ap\u00f3s recupera\u00e7\u00e3o hist\u00f3rica<\/a><\/strong><br>#&nbsp;<strong><a href=\"https:\/\/www.grandepremio.com\/br\/f1\/noticias\/max-verstappen-tenta-titulo-ano-quase-perfeito-mais-vitorias-jogo-duro\/\">Verstappen tenta t\u00edtulo em ano quase perfeito com mais vit\u00f3rias e jogo duro<\/a><\/strong><br>#&nbsp;<strong><a href=\"https:\/\/www.grandepremio.com\/br\/f1\/noticias\/mercedes-red-bull-mostram-garras-criam-irreversivel-clima-belico-na-f1-2021\/\">Mercedes e Red Bull mostram garras e criam irrevers\u00edvel clima b\u00e9lico na&nbsp;<\/a><a href=\"https:\/\/www.grandepremio.com\/formula-1\/\" target=\"_blank\" rel=\"noreferrer noopener\">F1&nbsp;<\/a><a href=\"https:\/\/www.grandepremio.com\/br\/f1\/noticias\/mercedes-red-bull-mostram-garras-criam-irreversivel-clima-belico-na-f1-2021\/\">2021<\/a><\/strong><br>#&nbsp;<strong><a href=\"https:\/\/www.grandepremio.com\/br\/f1\/noticias\/troca-troca-lewis-hamilton-max-verstappen-alternaram-tanto-lideranca-f1-2021\/\">Troca-troca: como Hamilton e Verstappen se alternaram tanto na lideran\u00e7a da F1?<\/a><\/strong><br>#&nbsp;<strong><a href=\"https:\/\/www.grandepremio.com\/br\/f1\/noticias\/max-verstappen-lewis-hamilton-cinco-tretas-definiram-roteiro-temporada-2021-f1\/\">Verstappen x Hamilton: cinco tretas que definiram roteiro da temporada 2021 da F1<\/a><\/strong><\/p>\n\n\n\n<figure class=\"wp-block-image size-large\"><img decoding=\"async\" src=\"https:\/\/www.grandepremio.com\/br\/wp-content\/uploads\/2021\/12\/FGPpeE0WYAMjAym-1024x683.jpg\" alt=\"LEWIS HAMILTON; MERCEDES; F1; F\u00d3RMULA 1; ABU DHABI;\" class=\"wp-image-531016\"\/><figcaption>Lewis Hamilton foi o mais r\u00e1pido da sexta-feira de F1 em Abu Dhabi (Foto: Mercedes)<\/figcaption><\/figure>\n\n\n\n<p class=\"wp-block-paragraph\">Sergio P\u00e9rez aparece na sequ\u00eancia, acompanhado por Fernando Alonso, Yuki Tsunoda, Charles Leclerc e Carlos Sainz Jr. Pierre Gasly fecha a lista dos dez mais r\u00e1pidos neste primeiro dia de atividades.<\/p>\n\n\n\n<p class=\"wp-block-paragraph\">Com 1min24s959, Daniel Ricciardo colocou a McLaren na 11\u00aa coloca\u00e7\u00e3o, diante de Antonio Giovinazzi, Lando Norris, Sebastian Vettel e Lance Stroll. <a href=\"https:\/\/www.grandepremio.com\/br\/f1\/noticias\/kimi-raikkonen-bate-alfa-romeo-guard-rail-causa-bandeira-vermelha-abu-dhabi\/\">Kimi R\u00e4ikk\u00f6nen bateu no fim do TL2<\/a>, mas acabou em 16\u00ba, diante de George Russell, Nicholas Latifi, Mick Schumacher e Nikita Mazepin. Jack Aitken participou do primeiro treino do dia e ficou com o \u00faltimo posto no combinado das atividades.<\/p>\n\n\n\n<p class=\"wp-block-paragraph\"><strong>Confira as declara\u00e7\u00f5es dos pilotos:<\/strong><\/p>\n\n\n\n<p class=\"wp-block-paragraph\"><strong>Lewis Hamilton, l\u00edder:<\/strong> <strong><a href=\"https:\/\/www.grandepremio.com\/br\/f1\/noticias\/lewis-hamilton-sexta-feira-boa-luta-dura-abu-dhabi\/\">Hamilton fala em sexta-feira boa, mas prev\u00ea luta dura em Abu Dhabi: \u201cVai ser apertado\u201d<\/a><\/strong><\/p>\n\n\n\n<p class=\"wp-block-paragraph\"><strong>Esteban Ocon, segundo:<\/strong> <strong><a href=\"https:\/\/www.grandepremio.com\/br\/f1\/noticias\/esteban-ocon-celebra-2-abu-dhabi-mostra-cautela\/\">Ocon celebra 2\u00ba em Abu Dhabi, mas mostra cautela: \u201cSeguiremos trabalhando duro\u201d<\/a><\/strong><\/p>\n\n\n\n<p class=\"wp-block-paragraph\"><strong>Valtteri Bottas, terceiro: <a href=\"https:\/\/www.grandepremio.com\/br\/f1\/noticias\/valtteri-bottas-culpa-sujeira-por-acidente-e-aprova-mudancas-em-abu-dhabi-melhor-do-que-antes\/\">Bottas culpa sujeira por acidente e aprova pista \u201cmelhor que antes\u201d em Abu Dhabi<\/a><\/strong><\/p>\n\n\n\n<figure class=\"wp-block-image size-large\"><img decoding=\"async\" src=\"https:\/\/www.grandepremio.com\/br\/wp-content\/uploads\/2021\/12\/SI202112100312_hires_jpeg_24bit_rgb-1024x683.jpg\" alt=\"\" class=\"wp-image-531047\"\/><figcaption>Max Verstappen ficou com a quarta coloca\u00e7\u00e3o (Foto: Dan Istitene\/Getty Images)<\/figcaption><\/figure>\n\n\n\n<p class=\"wp-block-paragraph\"><strong>\u25b6\ufe0f&nbsp;Inscreva-se nos dois canais do GRANDE PR\u00caMIO no YouTube:&nbsp;<a href=\"https:\/\/www.youtube.com\/channel\/UC9OlHEgxoaY6QY6nWPoiqQg?sub_confirmation=1\" target=\"_blank\" rel=\"noreferrer noopener\">GP<\/a>&nbsp;|&nbsp;<a href=\"https:\/\/www.youtube.com\/channel\/UC9csiS6q_C3C0FYhyr1rnFA?sub_confirmation=1\" target=\"_blank\" rel=\"noreferrer noopener\">GP2<\/a><\/strong><\/p>\n\n\n\n<p class=\"wp-block-paragraph\"><strong>Max Verstappen, quarto:<\/strong> <strong><a href=\"https:\/\/www.grandepremio.com\/br\/f1\/noticias\/max-verstappen-clara-falta-de-ritmo-red-bull-volta-rapida-abu-dhabi\/\">Verstappen v\u00ea &#8220;clara falta de ritmo&#8221; da Red Bull em volta r\u00e1pida em Abu Dhabi<\/a><\/strong><\/p>\n\n\n\n<p class=\"wp-block-paragraph\"><strong>Sergio P\u00e9rez, quinto:<\/strong> <strong><a href=\"https:\/\/www.grandepremio.com\/br\/f1\/noticias\/sergio-perez-questiona-mudancas-em-abu-dhabi-e-filtra-dados-para-melhorar-red-bull\/\">P\u00e9rez questiona mudan\u00e7as e duvida de melhora da pista em Abu Dhabi: &#8220;\u00c9 interroga\u00e7\u00e3o&#8221;<\/a><\/strong><\/p>\n\n\n\n<p class=\"wp-block-paragraph\"><strong>Fernando Alonso, sexto:<\/strong> <strong><a href=\"https:\/\/www.grandepremio.com\/br\/f1\/noticias\/fernando-alonso-cre-alpine-mais-foi-mostrado-tabela-sexta-abu-dhabi\/\">Alonso cr\u00ea que Alpine tem &#8220;mais do que foi mostrado na tabela&#8221; ap\u00f3s sexta em Abu Dhabi<\/a><\/strong><\/p>\n\n\n\n<p class=\"wp-block-paragraph\"><strong>Yuki Tsunoda, s\u00e9timo:<\/strong> \u201cJ\u00e1 guiei aqui no teste de jovens pilotos do ano passado e, claro, conhecer antes a pista sempre ajuda na minha abordagem ao fim de semana, o que n\u00e3o foi sempre o caso nesta temporada. Estou realmente curtindo o novo layout do circuito. Ainda temos algumas coisas em que trabalhar, mas acho que o ritmo at\u00e9 aqui foi bom. Coletamos muitos dados com os dois carros, ent\u00e3o estamos em uma boa situa\u00e7\u00e3o para seguirmos melhorando para amanh\u00e3. Minha meta \u00e9 avan\u00e7ar ao Q3 da classifica\u00e7\u00e3o, j\u00e1 que parecemos bem fortes aqui. Nosso ritmo de corrida tamb\u00e9m parece bom, ent\u00e3o precisamos apenas reunir tudo isso no momento importante\u201d.<\/p>\n\n\n\n<p class=\"wp-block-paragraph\"><strong>Charles Leclerc e Carlos Sainz Jr., oitavo e nono:<\/strong> <strong><a href=\"https:\/\/www.grandepremio.com\/br\/f1\/noticias\/carlos-sainz-inicio-duro-abu-dhabi-dia-todo-atras-do-equilibrio-do-carro\/\">Sainz lamenta in\u00edcio duro em Abu Dhabi: \u201cO dia todo atr\u00e1s do equil\u00edbrio do carro\u201d<\/a><\/strong><\/p>\n\n\n\n<p class=\"wp-block-paragraph\"><strong>Pierre Gasly, d\u00e9cimo:<\/strong> \u201cO layout \u00e9 realmente diferente, parece uma pista nova, com muito mais curvas de alta velocidade, ent\u00e3o \u00e9 realmente legal. Tentamos algumas coisas diferentes com o carro hoje, mas ainda n\u00e3o me senti t\u00e3o bem, ent\u00e3o temos dever de casa para fazer para amanh\u00e3\u201d.<\/p>\n\n\n\n<p class=\"wp-block-paragraph\"><strong>Daniel Ricciardo, 11\u00ba:<\/strong> &#8220;Hoje foi divertido, um novo desenho e algumas curvas novas para aprender. Gostei. Progredimos no segundo treino, mas ainda temos alguma coisinha para achar. No geral, o dia foi positivo, ent\u00e3o vamos reduzir a dist\u00e2ncia e fazer as melhorias para o s\u00e1bado.&#8221;<\/p>\n\n\n\n<figure class=\"wp-block-image size-large\"><img decoding=\"async\" src=\"https:\/\/www.grandepremio.com\/br\/wp-content\/uploads\/2021\/12\/FGQG-PvWQAMGCx-.jpg\" alt=\"KIMI R\u00c4IKK\u00d6NEN; ALFA ROMEO; TREINO LIVRE 2; GP DE ABU DHABI; YAS MARINA;\" class=\"wp-image-531039\"\/><figcaption>Kimi R\u00e4ikk\u00f6nen bateu forte na curva 14 no treino livre 2 em Abu Dhabi (Foto: Reprodu\u00e7\u00e3o)<\/figcaption><\/figure>\n\n\n\n<p class=\"wp-block-paragraph\"><strong>Antonio Giovinazzi, 12\u00ba:<\/strong> &#8220;Come\u00e7amos bem hoje e, no geral, foi um dia bom. Tivemos uma melhora decente do TL1 para o TL2 e, se der para repetirmos isso hoje \u00e0 noite, estaremos em boa posi\u00e7\u00e3o para a classifica\u00e7\u00e3o. O novo desenho da pista \u00e9 legal e divertido de guiar, porque substitu\u00edram as chicanes mais lentas e que n\u00e3o eram divertidas com esses carros r\u00e1pidos. N\u00e3o tenho certeza de que vai ajudar as ultrapassagens, mas \u00e9 bem mais veloz. Amanh\u00e3 ser\u00e1 interessante: queremos um resultado forte como em Jed\u00e1. A luta no pelot\u00e3o intermedi\u00e1rio ser\u00e1 apertada e vai ficar nos cent\u00e9simos, mas estou confiante que podemos ter um bom dia.&#8221;<\/p>\n\n\n\n<p class=\"wp-block-paragraph\"><strong>Lando Norris, 13\u00ba:<\/strong> &#8220;Um dia decente. Acho que aprendemos muito. Talvez a gente n\u00e3o esteja t\u00e3o r\u00e1pido, mas o carro pareceu relativamente decente, ent\u00e3o espero que a manh\u00e3 as coisas se ajustem um pouquinho e a gente encontre ritmo. Ent\u00e3o foi um dia positivo. Tamb\u00e9m foi legal guiar neste novo circuito. H\u00e1 algumas diferen\u00e7as &#8211; n\u00e3o s\u00f3 no desenho, mas tamb\u00e9m em como os pneus se comportam. \u00c9 algo com que temos de nos acostumar e temos os meninos e meninas para ver como maximizar tudo, incluindo os pneus e o acerto, para a classifica\u00e7\u00e3o de amanh\u00e3.&#8221;<\/p>\n\n\n\n<p class=\"wp-block-paragraph\"><strong>Sebastian Vettel, 14\u00ba:<\/strong> <strong><a href=\"https:\/\/www.grandepremio.com\/br\/f1\/noticias\/sebastian-vettel-pista-modificada-abu-dhabi-bom-desafio-aprova-primeira-impressao\/\">Vettel v\u00ea pista modificada de Abu Dhabi como \u201cbom desafio\u201d e aprova primeira impress\u00e3o<\/a><\/strong><\/p>\n\n\n\n<p class=\"wp-block-paragraph\"><strong>Lance Stroll, 15\u00ba:<\/strong> \u201cFoi bom experimentar o novo layout do circuito de Yas Marina hoje. \u00c9, definitivamente, mais r\u00e1pido e mais fluido, o que o torna legal e divertido de guiar. Conseguimos completar nosso programa hoje e conseguimos fazer algumas boas voltas. Aprendemos muito ao longo de duas sess\u00f5es, ent\u00e3o agora \u00e9 uma quest\u00e3o de revisar os dados e tentar extrair um pouco mais de performance antes da classifica\u00e7\u00e3o de amanh\u00e3\u201d.<\/p>\n\n\n\n<p class=\"wp-block-paragraph\"><strong>Kimi R\u00e4ikk\u00f6nen, 16\u00ba:<\/strong> &#8220;Era uma sexta-feira normal at\u00e9 a \u00faltima volta. Tentamos algumas coisas para ver o que acontece e o que funciona, assim como sempre fazemos. Terminamos quase todo o trabalho e, a\u00ed, teve o acidente. Perdi a traseira num lugar que n\u00e3o tinha \u00e1rea de escape e fui no muro. Essas coisas acontece. Foi interessante testar a pista depois das mudan\u00e7as. Mudar a pista \u00e9 bom e d\u00e1 para notar por que foram feitas, mas n\u00e3o sei se ultrapassar ser\u00e1 mais f\u00e1cil. No fim, \u00e9 assim que as coisas s\u00e3o, est\u00e1 diferente e temos de nos adaptar.&#8221;<\/p>\n\n\n\n<p class=\"wp-block-paragraph\"><strong>George Russell, 17\u00ba:<\/strong> \u201cFoi interessante testar as mudan\u00e7as no circuito e devo dizer que gostei delas. A pista \u00e9 agora mais r\u00e1pida e fluida e, portanto, melhor de guiar. No fim, por\u00e9m, \u00e9 tudo quest\u00e3o de tempo de volta. Estava um pouco fora do ritmo hoje, mas ainda senti que as minhas voltas foram bem decentes. Temos um pouco de trabalho a fazer para nos aproximarmos da Alfa Romeo e dos caras do pelot\u00e3o intermedi\u00e1rio, mas acho que tem mais tempo para vir de mim e \u00e9 natural encontrar mais tempo de volta ao longo do fim de semana. A meta \u00e9 classificar bem amanh\u00e3. Vamos trabalhar duro esta noite para fazer isso e terminar a temporada em alta\u201d.<\/p>\n\n\n\n<p class=\"wp-block-paragraph\"><strong>Nicholas Latifi, 18\u00ba:<\/strong> \u201c\u00c9 bom estar de volta a Yas Marina. Acho que a pista atualizada se encaixa um pouco mais ao nosso carro. \u00c9, definitivamente, mais divertida de guiar e mais flu\u00edda. Acredito que isso vai nos ajudar com a pilotagem tamb\u00e9m, ent\u00e3o espero que estejamos em uma posi\u00e7\u00e3o de tirar vantagem disso no domingo\u201d.<\/p>\n\n\n\n<p class=\"wp-block-paragraph\"><strong>Mick Schumacher, 19\u00ba:<\/strong> \u201cNo geral, correu bem. Consegui aprender a nova pista, que \u00e9 um pouco diferente de antes, mas, no geral, n\u00e3o mudou muito. Tem a mesma filosofia em termos de abordagem de algumas curvas ainda que, obviamente, a curva em si seja diferente. Est\u00e1 escuro, temos todas as luzes acesas, ent\u00e3o \u00e9 diferente e eu gostei de guiar aqui. Tem linhas diferentes que voc\u00ea pegar, especialmente na curva 9, ent\u00e3o acho que teremos varia\u00e7\u00f5es durante a volta e as ultrapassagens devem ser mais f\u00e1ceis. Acho que estamos mais pr\u00f3ximos do que no in\u00edcio do ano daqueles que est\u00e3o na nossa frente\u201d.<\/p>\n\n\n\n<p class=\"wp-block-paragraph\"><strong>Nikita Mazepin, 20\u00ba:<\/strong> \u201cGosto de Abu Dhabi. Gosto da pista e, obviamente, das pequenas mudan\u00e7as no layout para esta temporada. Foi interessante fazer algumas voltas e foi suave sem nenhum problema, apenas trabalhando no acerto como uma sexta-feira padr\u00e3o. Amava Abu Dhabi do jeito que era, acho que eram 21 curvas e agora s\u00e3o s\u00f3 16, ent\u00e3o \u00e9 uma pista um pouco mais curta da que amo, mas, mesmo assim, acho que \u00e9 boa\u201d.<\/p>\n\n\n\n<p class=\"wp-block-paragraph\"><strong>Jack Aitken, 21\u00ba:<\/strong> \u201cFoi realmente bom estar de volta ao carro depois de uma pausa t\u00e3o longa e sentir o progresso que fizemos ao longo do \u00faltimo ano. Passei muito tempo cuidando para que estivesse em cima do acerto do carro e de v\u00e1rios procedimentos, mas tudo correu muito suavemente e fiquei feliz por termos coletado dados valiosos. O carro pareceu bom de guiar neste layout atualizado da pista e estou satisfeito com o ritmo de hoje. Acho que a equipe far\u00e1 um bom progresso ao longo das pr\u00f3ximas sess\u00f5es, ent\u00e3o tomara que seja uma boa corrida para terminar a temporada\u201d.<\/p>\n\n\n\n<p class=\"wp-block-paragraph\">O pr\u00f3ximo fim de semana vai marcar o desfecho da temporada 2021 e vai definir o grande campe\u00e3o deste incr\u00edvel ano. O GP de Abu Dhabi acontece entre 10 e 12 de dezembro no circuito de&nbsp;<a href=\"https:\/\/www.grandepremio.com\/br\/etapa\/f1\/gp-de-abu-dhabi-formula-1-2020\/\" target=\"_blank\" rel=\"noreferrer noopener\">Yas Marina<\/a>. O&nbsp;<strong>GRANDE PR\u00caMIO<\/strong>&nbsp;acompanha tudo&nbsp;<strong><a href=\"https:\/\/www.grandepremio.com\/br\/ao-vivo\/f1\/\">AO VIVO e em&nbsp;<\/a><a href=\"https:\/\/www.grandepremio.com\/br\/ao-vivo\/\" target=\"_blank\" rel=\"noreferrer noopener\">TEMPO REAL<\/a><\/strong>.<\/p>\n\n\n\n<figure class=\"wp-block-embed is-type-video is-provider-youtube wp-block-embed-youtube wp-embed-aspect-16-9 wp-has-aspect-ratio\"><div class=\"wp-block-embed__wrapper\">\n<iframe loading=\"lazy\" title=\"VERSTAPPEN \u00c9 DURO OU SUJO CONTRA HAMILTON NA F1?\" width=\"500\" height=\"281\" src=\"https:\/\/www.youtube.com\/embed\/ZchtEy2AUcs?feature=oembed\" frameborder=\"0\" allow=\"accelerometer; autoplay; clipboard-write; encrypted-media; gyroscope; picture-in-picture; web-share\" referrerpolicy=\"strict-origin-when-cross-origin\" allowfullscreen><\/iframe>\n<\/div><figcaption>VERSTAPPEN \u00c9 DURO OU SUJO CONTRA HAMILTON NA F1?<\/figcaption><\/figure>\n","protected":false},"excerpt":{"rendered":"<p>Com 1min23s691, Lewis Hamilton foi o mais r\u00e1pido desta sexta-feira (10) em Yas Marina. Esteban Ocon e Valtteri Bottas formaram o top-3, com Max Verstappen aparecendo em quarto<\/p>\n","protected":false},"author":0,"featured_media":1000531094,"comment_status":"closed","ping_status":"closed","sticky":false,"template":"","format":"standard","meta":{"42wp_featured_image_caption":"","42wp_featured_image_credits":"","42wp_featured_video":"","42wp_featured_image_hidden":false,"42wp_authors_list":[],"footnotes":""},"categories":[2],"tags":[147,156,24837,25536,29763,87,203,1901],"42wp_author":[47113],"class_list":["post-115698","post","type-post","status-publish","format-standard","has-post-thumbnail","hentry","category-f1","tag-f1","tag-f1-2021","tag-formula-1-2","tag-formula-1-2021-2","tag-formula-1-classificacao-2021","tag-lewis-hamilton","tag-max-verstappen","tag-yas-marina","42wp_author-juliana-tesser"],"_links":{"self":[{"href":"https:\/\/grandepremio.com\/br\/wp-json\/wp\/v2\/posts\/115698","targetHints":{"allow":["GET"]}}],"collection":[{"href":"https:\/\/grandepremio.com\/br\/wp-json\/wp\/v2\/posts"}],"about":[{"href":"https:\/\/grandepremio.com\/br\/wp-json\/wp\/v2\/types\/post"}],"replies":[{"embeddable":true,"href":"https:\/\/grandepremio.com\/br\/wp-json\/wp\/v2\/comments?post=115698"}],"version-history":[{"count":0,"href":"https:\/\/grandepremio.com\/br\/wp-json\/wp\/v2\/posts\/115698\/revisions"}],"wp:featuredmedia":[{"embeddable":true,"href":"https:\/\/grandepremio.com\/br\/wp-json\/wp\/v2\/media\/1000531094"}],"wp:attachment":[{"href":"https:\/\/grandepremio.com\/br\/wp-json\/wp\/v2\/media?parent=115698"}],"wp:term":[{"taxonomy":"category","embeddable":true,"href":"https:\/\/grandepremio.com\/br\/wp-json\/wp\/v2\/categories?post=115698"},{"taxonomy":"post_tag","embeddable":true,"href":"https:\/\/grandepremio.com\/br\/wp-json\/wp\/v2\/tags?post=115698"},{"taxonomy":"42wp_author","embeddable":true,"href":"https:\/\/grandepremio.com\/br\/wp-json\/wp\/v2\/42wp_author?post=115698"}],"curies":[{"name":"wp","href":"https:\/\/api.w.org\/{rel}","templated":true}]}}