{"id":115739,"date":"2021-12-09T10:00:00","date_gmt":"2021-12-09T13:00:00","guid":{"rendered":"https:\/\/grandepremio.com\/br\/noticias\/as-corridas-do-fim-de-semana-na-tv-e-no-streaming-10-a-12-de-dezembro\/"},"modified":"2021-12-09T09:59:41","modified_gmt":"2021-12-09T12:59:41","slug":"as-corridas-do-fim-de-semana-na-tv-e-no-streaming-10-a-12-de-dezembro","status":"publish","type":"post","link":"https:\/\/grandepremio.com\/br\/programacao-tv\/as-corridas-do-fim-de-semana-na-tv-e-no-streaming-10-a-12-de-dezembro\/","title":{"rendered":"As corridas do fim de semana na TV e no streaming: 10 a 12 de dezembro"},"content":{"rendered":"\n<figure class=\"wp-block-embed is-type-video is-provider-youtube wp-block-embed-youtube wp-embed-aspect-16-9 wp-has-aspect-ratio\"><div class=\"wp-block-embed__wrapper\">\n<iframe loading=\"lazy\" title=\"A GRANDE FINAL DA F1, VERSTAPPEN x HAMILTON: QUEM SER\u00c1 CAMPE\u00c3O? | Paddock GP #271\" width=\"500\" height=\"281\" src=\"https:\/\/www.youtube.com\/embed\/dxS3lujpDpI?feature=oembed\" frameborder=\"0\" allow=\"accelerometer; autoplay; clipboard-write; encrypted-media; gyroscope; picture-in-picture; web-share\" referrerpolicy=\"strict-origin-when-cross-origin\" allowfullscreen><\/iframe>\n<\/div><\/figure>\n\n\n\n<p class=\"wp-block-paragraph\"><strong>Sexta-feira, 10 de dezembro<\/strong><\/p>\n\n\n\n<figure class=\"wp-block-table\"><table><tbody><tr><td>CATEGORIA<\/td><td>ETAPA<\/td><td>ATIVIDADE<\/td><td>HORA<\/td><td>EMISSORA<\/td><\/tr><tr><td>F\u00f3rmula 2<\/td><td>Abu Dhabi<\/td><td>Treino livre<\/td><td>04:35<\/td><td>F1 TV Pro<\/td><\/tr><tr><td>F\u00f3rmula 1<\/td><td>GP de Abu Dhabi<\/td><td>Treino livre 1<\/td><td>06:30<\/td><td>BandSports\/F1 TV Pro<\/td><\/tr><tr><td>F\u00f3rmula 1<\/td><td>GP de Abu Dhabi<\/td><td>Treino livre 2<\/td><td>10:00<\/td><td>BandSports\/F1 TV Pro<\/td><\/tr><tr><td>F\u00f3rmula 2<\/td><td>Abu Dhabi<\/td><td>Classifica\u00e7\u00e3o<\/td><td>11:30<\/td><td>BandSports\/F1 TV Pro<\/td><\/tr><\/tbody><\/table><\/figure>\n\n\n\n<p class=\"wp-block-paragraph\"><strong>S\u00e1bado, 11 de dezembro<\/strong><\/p>\n\n\n\n<figure class=\"wp-block-table\"><table><tbody><tr><td>CATEGORIA<\/td><td>ETAPA<\/td><td>ATIVIDADE<\/td><td>HORA<\/td><td>EMISSORA<\/td><\/tr><tr><td>F\u00f3rmula 2<\/td><td>Abu Dhabi<\/td><td>Corrida 1<\/td><td>05:20<\/td><td>BandSports\/F1 TV Pro<\/td><\/tr><tr><td>F\u00f3rmula 1<\/td><td>GP de Abu Dhabi<\/td><td>Treino livre 3<\/td><td>07:00<\/td><td>BandSports\/F1 TV Pro<\/td><\/tr><tr><td>F\u00f3rmula 1<\/td><td>GP de Abu Dhabi<\/td><td>Classifica\u00e7\u00e3o<\/td><td>10:00<\/td><td>Band\/BandSports\/F1 TV Pro<\/td><\/tr><tr><td>F\u00f3rmula 2<\/td><td>Abu Dhabi<\/td><td>Corrida 2<\/td><td>11:45<\/td><td>BandSports\/F1 TV Pro<\/td><\/tr><tr><td>Stock Light<\/td><td>Interlagos<\/td><td>Corrida 1<\/td><td>15:10<\/td><td>BandSports<\/td><\/tr><tr><td>Stock Car<\/td><td>Interlagos<\/td><td>Classifica\u00e7\u00e3o<\/td><td>15:55<\/td><td>SporTV 2<\/td><\/tr><\/tbody><\/table><\/figure>\n\n\n\n\n\n<p class=\"wp-block-paragraph\"><strong>Domingo, 12 de dezembro<\/strong><\/p>\n\n\n\n<figure class=\"wp-block-table\"><table><tbody><tr><td>CATEGORIA<\/td><td>ETAPA<\/td><td>ATIVIDADE<\/td><td>HORA<\/td><td>EMISSORA<\/td><\/tr><tr><td>F\u00f3rmula 2<\/td><td>Abu Dhabi<\/td><td>Corrida 3<\/td><td>06:00<\/td><td>BandSports\/F1 TV Pro<\/td><\/tr><tr><td>F\u00f3rmula 1<\/td><td>GP de Abu Dhabi<\/td><td>Corrida<\/td><td>10:00<\/td><td>Band\/F1 TV Pro<\/td><\/tr><tr><td>Stock Car<\/td><td>Interlagos<\/td><td>Corrida 1<\/td><td>13:40<\/td><td>Band\/SporTV2<\/td><\/tr><tr><td>Stock Car<\/td><td>Interlagos<\/td><td>Corrida 2<\/td><td>14:18<\/td><td>Band\/SporTV2<\/td><\/tr><tr><td>Stock Light<\/td><td>Interlagos<\/td><td>Corrida 2<\/td><td>15:40<\/td><td>Rede TV!\/Bandsports<\/td><\/tr><\/tbody><\/table><\/figure>\n\n\n\n<h3 class=\"wp-block-heading\"><strong>Programa\u00e7\u00e3o do GRANDE PR\u00caMIO<\/strong><\/h3>\n\n\n\n<figure class=\"wp-block-table\"><table><tbody><tr><td>PROGRAMA<\/td><td>ETAPA<\/td><td>ATIVIDADE<\/td><td>HORA<\/td><td>TRANSMISS\u00c3O<\/td><\/tr><tr><td>Briefing (SEX)<\/td><td>GP de Abu Dhabi<\/td><td>P\u00f3s-treinos livres<\/td><td>11:00<\/td><td><a href=\"https:\/\/bit.ly\/GPCanal\">GPTV (YouTube)<\/a><\/td><\/tr><tr><td>Briefing (SAB)<\/td><td>GP de Abu Dhabi<\/td><td>P\u00f3s-classifica\u00e7\u00e3o<\/td><td>11:00<\/td><td><a href=\"https:\/\/bit.ly\/GPCanal\">GPTV (YouTube)<\/a><\/td><\/tr><tr><td>Briefing (DOM)<\/td><td>GP de Abu Dhabi<\/td><td>Pr\u00e9-corrida<\/td><td>09:00<\/td><td><a href=\"https:\/\/bit.ly\/GPCanal\">GPTV (YouTube)<\/a><\/td><\/tr><tr><td>Briefing (DOM)<\/td><td>GP de Abu Dhabi<\/td><td>P\u00f3s-corrida<\/td><td>Ap\u00f3s a chegada<\/td><td><a href=\"https:\/\/bit.ly\/GPCanal\">GPTV (YouTube)<\/a><\/td><\/tr><\/tbody><\/table><\/figure>\n\n\n\n<figure class=\"wp-block-embed is-type-video is-provider-youtube wp-block-embed-youtube wp-embed-aspect-16-9 wp-has-aspect-ratio\"><div class=\"wp-block-embed__wrapper\">\n<iframe loading=\"lazy\" title=\"VERSTAPPEN \u00c9 DURO OU SUJO CONTRA HAMILTON NA F1?\" width=\"500\" height=\"281\" src=\"https:\/\/www.youtube.com\/embed\/ZchtEy2AUcs?feature=oembed\" frameborder=\"0\" allow=\"accelerometer; autoplay; clipboard-write; encrypted-media; gyroscope; picture-in-picture; web-share\" referrerpolicy=\"strict-origin-when-cross-origin\" allowfullscreen><\/iframe>\n<\/div><\/figure>\n","protected":false},"excerpt":{"rendered":"<p>A F\u00f3rmula 1 chega enfim ao \u00faltimo cap\u00edtulo da temporada 2021. E vem em grande estilo com a decis\u00e3o do t\u00edtulo entre Max Verstappen e Lewis Hamilton. Abu Dhabi ser\u00e1 palco do embate derradeiro, que ainda vive a defini\u00e7\u00e3o da F2. No Brasil, a Stock Car tamb\u00e9m vai conhecer o seu campe\u00e3o, com a etapa em Interlagos. Confira a programa\u00e7\u00e3o de TV e streaming<\/p>\n","protected":false},"author":0,"featured_media":1000530535,"comment_status":"closed","ping_status":"closed","sticky":false,"template":"","format":"standard","meta":{"42wp_featured_image_caption":"","42wp_featured_image_credits":"","42wp_featured_video":"","42wp_featured_image_hidden":false,"42wp_authors_list":[],"footnotes":""},"categories":[38],"tags":[1280,1553,147,156,24837,25081,87,203,26036,69,1170],"42wp_author":[47115],"class_list":["post-115739","post","type-post","status-publish","format-standard","has-post-thumbnail","hentry","category-programacao-tv","tag-band","tag-bandsports","tag-f1","tag-f1-2021","tag-formula-1-2","tag-horarios-da-f1-2","tag-lewis-hamilton","tag-max-verstappen","tag-programacao-de-tv","tag-stock-car","tag-stock-car-2021","42wp_author-evelyn-guimaraes"],"_links":{"self":[{"href":"https:\/\/grandepremio.com\/br\/wp-json\/wp\/v2\/posts\/115739","targetHints":{"allow":["GET"]}}],"collection":[{"href":"https:\/\/grandepremio.com\/br\/wp-json\/wp\/v2\/posts"}],"about":[{"href":"https:\/\/grandepremio.com\/br\/wp-json\/wp\/v2\/types\/post"}],"replies":[{"embeddable":true,"href":"https:\/\/grandepremio.com\/br\/wp-json\/wp\/v2\/comments?post=115739"}],"version-history":[{"count":0,"href":"https:\/\/grandepremio.com\/br\/wp-json\/wp\/v2\/posts\/115739\/revisions"}],"wp:featuredmedia":[{"embeddable":true,"href":"https:\/\/grandepremio.com\/br\/wp-json\/wp\/v2\/media\/1000530535"}],"wp:attachment":[{"href":"https:\/\/grandepremio.com\/br\/wp-json\/wp\/v2\/media?parent=115739"}],"wp:term":[{"taxonomy":"category","embeddable":true,"href":"https:\/\/grandepremio.com\/br\/wp-json\/wp\/v2\/categories?post=115739"},{"taxonomy":"post_tag","embeddable":true,"href":"https:\/\/grandepremio.com\/br\/wp-json\/wp\/v2\/tags?post=115739"},{"taxonomy":"42wp_author","embeddable":true,"href":"https:\/\/grandepremio.com\/br\/wp-json\/wp\/v2\/42wp_author?post=115739"}],"curies":[{"name":"wp","href":"https:\/\/api.w.org\/{rel}","templated":true}]}}