{"id":115767,"date":"2021-12-08T09:35:10","date_gmt":"2021-12-08T12:35:10","guid":{"rendered":"https:\/\/grandepremio.com\/br\/noticias\/mercedes-recua-desiste-parceria-empresa-envolvida-incendio-grenfell\/"},"modified":"2021-12-08T09:35:17","modified_gmt":"2021-12-08T12:35:17","slug":"mercedes-recua-desiste-parceria-empresa-envolvida-incendio-grenfell","status":"publish","type":"post","link":"https:\/\/grandepremio.com\/br\/f1\/mercedes-recua-desiste-parceria-empresa-envolvida-incendio-grenfell\/","title":{"rendered":"Mercedes recua e desiste de parceria com empresa envolvida no inc\u00eandio de Grenfell"},"content":{"rendered":"\n<figure class=\"wp-block-embed is-type-video is-provider-youtube wp-block-embed-youtube wp-embed-aspect-16-9 wp-has-aspect-ratio\"><div class=\"wp-block-embed__wrapper\">\n<iframe loading=\"lazy\" title=\"VERSTAPPEN MERECIA SER DESCLASSIFICADO POR BRAKE TEST EM HAMILTON?\" width=\"500\" height=\"281\" src=\"https:\/\/www.youtube.com\/embed\/lOhs0x2YgKE?feature=oembed\" frameborder=\"0\" allow=\"accelerometer; autoplay; clipboard-write; encrypted-media; gyroscope; picture-in-picture; web-share\" referrerpolicy=\"strict-origin-when-cross-origin\" allowfullscreen><\/iframe>\n<\/div><figcaption>VERSTAPPEN MERECIA SER DESCLASSIFICADO POR BRAKE TEST EM HAMILTON?<\/figcaption><\/figure>\n\n\n\n<p class=\"wp-block-paragraph\">Menos de uma semana ap\u00f3s anunciar um acordo de patroc\u00ednio com a gigante irlandesa da constru\u00e7\u00e3o civil Kingspan, a Mercedes voltou atr\u00e1s e anunciou que as duas partes desistiram e desfizeram o acerto. A desist\u00eancia vem ap\u00f3s press\u00e3o da comunidade envolvida com o desastre da Torre de Grenfell, em Londres.<\/p>\n\n\n\n<p class=\"wp-block-paragraph\"><strong>\u25b6\ufe0f\u00a0Inscreva-se nos dois canais do GRANDE PR\u00caMIO no YouTube:\u00a0<a href=\"https:\/\/www.youtube.com\/channel\/UC9OlHEgxoaY6QY6nWPoiqQg?sub_confirmation=1\" target=\"_blank\" rel=\"noreferrer noopener\">GP<\/a>\u00a0|\u00a0<a href=\"https:\/\/www.youtube.com\/channel\/UC9csiS6q_C3C0FYhyr1rnFA?sub_confirmation=1\" target=\"_blank\" rel=\"noreferrer noopener\">GP2<\/a><\/strong><\/p>\n\n\n\n<p class=\"wp-block-paragraph\">As duas empresas celebraram o acordo na \u00faltima quinta-feira, mas horas depois o grupo Grenfell United, formado pela comunidade afetada pela trag\u00e9dia que matou 72 pessoas em Londres, 2017, j\u00e1 <a href=\"https:\/\/www.grandepremio.com\/br\/f1\/noticias\/mercedes-desculpas-vitimas-tragedia-grenfell-criticas-patrocinio\/\">manifestou o desagrado com o acerto &#8220;realmente chocante&#8221;<\/a>, uma vez que a investiga\u00e7\u00e3o sobre o inc\u00eandio ainda segue em curso. Depois das v\u00edtimas, at\u00e9 membros do governo brit\u00e2nico, como o secret\u00e1rio nacional de habita\u00e7\u00e3o, Michael Gove, fizeram coro. Na sexta-feira, ent\u00e3o, Toto Wolff, diretor-executivo da Mercedes, assinou um pedido oficial de desculpas para os membros da comunidade. Agora, cinco dias depois, o acordo termina ap\u00f3s a Kingspan aparecer no bico do carro da Mercedes no <a href=\"https:\/\/www.grandepremio.com\/br\/f1\/noticias\/lewis-hamilton-derrota-max-verstappen-vence-caotico-gp-arabia-saudita-empata-formula-1-decisao-titulo\/\">GP da Ar\u00e1bia Saudita<\/a>.<\/p>\n\n\n\n<p class=\"wp-block-paragraph\">&#8220;As duas partes conclu\u00edram que n\u00e3o \u00e9 apropriado para a parceria seguir em frente no momento, apesar do impacto positivo que se pretendia, e, ent\u00e3o, concordamos em descontinuar com efeito imediato&#8221;, disse o time em comunicado.<\/p>\n\n\n\n<p class=\"wp-block-paragraph\">O grupo Grenfell United, que recebeu a promessa de uma reuni\u00e3o com Wolff no pedido de desculpas do fim de semana, conseguiu a conversa t\u00e3o logo o austr\u00edaco voltou \u00e0 Inglaterra ap\u00f3s a corrida do fim de semana. Logo ap\u00f3s o an\u00fancio da Mercedes, comemorou a decis\u00e3o.<\/p>\n\n\n\n<figure class=\"wp-block-image size-large\"><img decoding=\"async\" src=\"https:\/\/www.grandepremio.com\/br\/wp-content\/uploads\/2021\/12\/mercedes-valtteribottas-01-1-1024x682.jpg\" alt=\"\" class=\"wp-image-529822\"\/><figcaption>Mercedes desistiu ap\u00f3s press\u00e3o da comunidade afetada pela trag\u00e9dia (Foto: Mercedes)<\/figcaption><\/figure>\n\n\n\n<p class=\"wp-block-paragraph\"><strong>Conhe\u00e7a o canal do Grande Pr\u00eamio no YouTube! Clique\u00a0<a target=\"_blank\" href=\"https:\/\/youtube.com\/GrandePremioTV\" rel=\"noreferrer noopener\">aqui<\/a>.<\/strong><br><strong>Siga o Grande Pr\u00eamio no\u00a0<a target=\"_blank\" href=\"https:\/\/twitter.com\/grandepremio\" rel=\"noreferrer noopener\">Twitter\u00a0<\/a>e no\u00a0<a target=\"_blank\" href=\"https:\/\/instagram.com\/grandepremio\" rel=\"noreferrer noopener\">Instagram<\/a>!<\/strong><\/p>\n\n\n\n<p class=\"wp-block-paragraph\">&#8220;Estamos gratos com as not\u00edcias desta manh\u00e3 de que a Mercedes encerrou o acordo de patroc\u00ednio com a Kingspan com efeito imediato. Espero que isso mande uma mensagem clara de que pessoas devem ser colocadas \u00e0 frente de lucro. E, mais importante, queremos agradecer a todos que nos apoiaram e continuaram carregando nossa mensagem publicamente. Mostra, claramente, que algumas coisas podem ser atingidas por meio de um esfor\u00e7o coletivo. Esperamos, ainda, que sirva como um precedentes e outros repensem a rela\u00e7\u00e3o que t\u00eam com empresas como Arconic, Celotex e Rydon, sobre quem a investiga\u00e7\u00e3o sobre Grenfell descobriu evid\u00eancias assustadoras&#8221;, afirmou.<\/p>\n\n\n\n<p class=\"wp-block-paragraph\">No s\u00e1bado, questionado sobre o assunto, Lewis Hamilton j\u00e1 tinha dado ind\u00edcios de que a sequ\u00eancia do neg\u00f3cio estava em d\u00favida.<\/p>\n\n\n\n<p class=\"wp-block-paragraph\">&#8220;N\u00e3o tenho nada a ver com os contratos de patroc\u00ednio da equipe a n\u00e3o ser o da Tommy Hilfiger, que foi a \u00fanica que eu trouxe. [O acordo com a Kingspan] foi novidade para mim quando foi anunciado&#8221;, disse no s\u00e1bado do GP da Ar\u00e1bia Saudita. &#8220;Sei bem das consequ\u00eancias do inc\u00eandio e acompanho bem de perto todas as fam\u00edlias que foram afetadas pelo que aconteceu l\u00e1. Sabemos que as manifesta\u00e7\u00f5es e o apoio \u00e0s pessoas da comunidade s\u00e3o grandes. Infelizmente, meu nome fica associado [ao acordo] porque fica no meu carro, mas temos de ver ainda se vai continuar assim&#8221;, apontou o heptacampe\u00e3o, que j\u00e1 usou as redes sociais para lembrar a trag\u00e9dia de Grenfell em outras oportunidades.<\/p>\n\n\n\n<p class=\"wp-block-paragraph\">A trag\u00e9dia de Grenfell aconteceu em junho de 2017 e terminou com a morte de 72 pessoas no pr\u00e9dio de 24 andares. Foi o pior inc\u00eandio numa constru\u00e7\u00e3o residencial no Reino Unido desde a Segunda Guerra Mundial. A investiga\u00e7\u00e3o segue em curso mais de quatro anos depois &#8211; ningu\u00e9m ainda foi preso -, mas h\u00e1 um ano, em novembro, de 2020, o processo estabeleceu que o revestimento met\u00e1lico Kooltherm K15, produto da Kingspan, foi utilizado na torre. O produto, sabidamente para a companhia, n\u00e3o estava de acordo com o padr\u00e3o de seguran\u00e7a necess\u00e1rio contra fogo em constru\u00e7\u00f5es altas. Segundo o antigo diretor-t\u00e9cnico da Kingspan que supervisionou os testes do Kooltherm K15, o produto se tornava um &#8220;inferno ardente&#8221; em casos de inc\u00eandio. As investiga\u00e7\u00f5es mostraram ainda que a Kingspan tem um hist\u00f3rico longo de neglig\u00eancia com rela\u00e7\u00e3o \u00e0 produtos inflam\u00e1veis e vendia o Kooltherm K15 como menos inflam\u00e1vel do que realmente era.<\/p>\n\n\n\n<p class=\"wp-block-paragraph\">A defesa da Kingspan, que bastou para a Mercedes, \u00e9 que o isolante met\u00e1lico utilizado na constru\u00e7\u00e3o e maior parte da Grenfell era de uma concorrente, e que o Kooltherm K15 foi adotado numa pequena parte do pr\u00e9dio ap\u00f3s uma obra adicional e sem o conhecimento da companhia.<\/p>\n\n\n\n<figure class=\"wp-block-embed is-type-rich is-provider-spotify wp-block-embed-spotify wp-embed-aspect-21-9 wp-has-aspect-ratio\"><div class=\"wp-block-embed__wrapper\">\n<iframe title=\"Spotify Embed: Paddockast #132: A vida, a obra e o legado de Frank Williams na F\u00f3rmula 1\" style=\"border-radius: 12px\" width=\"100%\" height=\"152\" frameborder=\"0\" allowfullscreen allow=\"autoplay; clipboard-write; encrypted-media; fullscreen; picture-in-picture\" loading=\"lazy\" src=\"https:\/\/open.spotify.com\/embed\/episode\/47EqKkWisrtyefar4rfGlo?utm_source=oembed\"><\/iframe>\n<\/div><figcaption>Paddockast #132: A vida, a obra e o legado de Frank Williams na F\u00f3rmula 1<\/figcaption><\/figure>\n","protected":false},"excerpt":{"rendered":"<p>Press\u00e3o da comunidade de v\u00edtimas e sobreviventes do desastre fez com que Mercedes desistisse do patroc\u00ednio da Kingspan<\/p>\n","protected":false},"author":0,"featured_media":1000529816,"comment_status":"closed","ping_status":"closed","sticky":false,"template":"","format":"standard","meta":{"42wp_featured_image_caption":"","42wp_featured_image_credits":"","42wp_featured_video":"","42wp_featured_image_hidden":false,"42wp_authors_list":[],"footnotes":""},"categories":[2],"tags":[156,25536,24836,28285,26783,87,82],"42wp_author":[47120],"class_list":["post-115767","post","type-post","status-publish","format-standard","has-post-thumbnail","hentry","category-f1","tag-f1-2021","tag-formula-1-2021-2","tag-grande-premio-2","tag-grandepremio","tag-incendio","tag-lewis-hamilton","tag-mercedes","42wp_author-pedro-henrique-marum"],"_links":{"self":[{"href":"https:\/\/grandepremio.com\/br\/wp-json\/wp\/v2\/posts\/115767","targetHints":{"allow":["GET"]}}],"collection":[{"href":"https:\/\/grandepremio.com\/br\/wp-json\/wp\/v2\/posts"}],"about":[{"href":"https:\/\/grandepremio.com\/br\/wp-json\/wp\/v2\/types\/post"}],"replies":[{"embeddable":true,"href":"https:\/\/grandepremio.com\/br\/wp-json\/wp\/v2\/comments?post=115767"}],"version-history":[{"count":0,"href":"https:\/\/grandepremio.com\/br\/wp-json\/wp\/v2\/posts\/115767\/revisions"}],"wp:featuredmedia":[{"embeddable":true,"href":"https:\/\/grandepremio.com\/br\/wp-json\/wp\/v2\/media\/1000529816"}],"wp:attachment":[{"href":"https:\/\/grandepremio.com\/br\/wp-json\/wp\/v2\/media?parent=115767"}],"wp:term":[{"taxonomy":"category","embeddable":true,"href":"https:\/\/grandepremio.com\/br\/wp-json\/wp\/v2\/categories?post=115767"},{"taxonomy":"post_tag","embeddable":true,"href":"https:\/\/grandepremio.com\/br\/wp-json\/wp\/v2\/tags?post=115767"},{"taxonomy":"42wp_author","embeddable":true,"href":"https:\/\/grandepremio.com\/br\/wp-json\/wp\/v2\/42wp_author?post=115767"}],"curies":[{"name":"wp","href":"https:\/\/api.w.org\/{rel}","templated":true}]}}