{"id":115807,"date":"2021-12-06T09:08:41","date_gmt":"2021-12-06T12:08:41","guid":{"rendered":"https:\/\/grandepremio.com\/br\/noticias\/helmut-marko-critica-unilateral-fia-max-verstappen-punido-mostra-dentes\/"},"modified":"2021-12-06T09:08:48","modified_gmt":"2021-12-06T12:08:48","slug":"helmut-marko-critica-unilateral-fia-max-verstappen-punido-mostra-dentes","status":"publish","type":"post","link":"https:\/\/grandepremio.com\/br\/f1\/helmut-marko-critica-unilateral-fia-max-verstappen-punido-mostra-dentes\/","title":{"rendered":"Marko critica &#8220;unilateral&#8221; FIA: &#8220;Verstappen \u00e9 punido assim que mostra os dentes&#8221;"},"content":{"rendered":"\n<figure class=\"wp-block-video\"><video class=\"video-js vjs-big-play-centered\" data-gp-vjs=\"1\" controls src=\"https:\/\/www.grandepremio.com\/br\/wp-content\/uploads\/2021\/12\/VerstappenHamilton.mp4\"><\/video><figcaption>Verstappen diminuiu a velocidade no meio da pista e foi atingido por Hamilton em Jed\u00e1 (V\u00eddeo: Reprodu\u00e7\u00e3o\/F1TV)<\/figcaption><\/figure>\n\n\n\n<p class=\"wp-block-paragraph\">Helmut Marko saiu da Ar\u00e1bia Saudita incomodado com o que considera uma postura \u201cunilateral\u201d da FIA (Federa\u00e7\u00e3o Internacional de Automobilismo) com Max Verstappen. O consultor da Red Bull acredita que o l\u00edder do Mundial \u2015 empatado com Lewis Hamilton em 369,5 pontos \u2015 \u00e9 tratado com muito mais rigor do que o rival da Mercedes.<\/p>\n\n\n\n<p class=\"wp-block-paragraph\">Na prova de Jed\u00e1, Verstappen recebeu uma puni\u00e7\u00e3o de 5s por ganhar vantagem ao passar por fora da pista. Depois da disputa, <a href=\"https:\/\/www.grandepremio.com\/br\/f1\/noticias\/max-verstappen-punido-acidente-lewis-hamilton-mas-mantem-2o-lugar-arabia\/\">Max recebeu outros 10s<\/a>, agora por causado uma batida do rival. Ainda assim, <a href=\"https:\/\/www.grandepremio.com\/br\/f1\/noticias\/lewis-hamilton-derrota-max-verstappen-vence-caotico-gp-arabia-saudita-empata-formula-1-decisao-titulo\/\">manteve o segundo lugar na prova, diante de Valtteri Bottas e atr\u00e1s de Lewis<\/a>. <\/p>\n\n\n\n<p class=\"wp-block-paragraph\"><strong>LEIA TAMB\u00c9M<\/strong><br><strong><a href=\"https:\/\/www.grandepremio.com\/br\/f1\/noticias\/opiniao-gp-verstappen-x-hamilton-e-decisao-em-clima-de-guerra-com-equipes-no-auge\/\">+Opini\u00e3o GP: Verstappen x Hamilton \u00e9 decis\u00e3o em clima de guerra com equipes no auge<\/a><\/strong><\/p>\n\n\n\n<figure class=\"wp-block-image size-large\"><img decoding=\"async\" src=\"https:\/\/www.grandepremio.com\/br\/wp-content\/uploads\/2020\/05\/SI202108010395_news-1024x683.jpg\" alt=\"HELMUT MARKO; RED BULL; F\u00d3RMULA 1; CONSULTOR DA RED BULL;\" class=\"wp-image-517165\"\/><figcaption>Helmut Marko diz que acusa\u00e7\u00e3o da Mercedes sobre Verstappen \u00e9 &#8220;inacredit\u00e1vel&#8221; (Foto: Mark Thompson\/Red Bull Content Pool\/Getty Images)<\/figcaption><\/figure>\n\n\n\n<p class=\"wp-block-paragraph\"><strong>\u25b6\ufe0f\u00a0Inscreva-se nos dois canais do GRANDE PR\u00caMIO no YouTube:\u00a0<a href=\"https:\/\/www.youtube.com\/channel\/UC9OlHEgxoaY6QY6nWPoiqQg?sub_confirmation=1\" target=\"_blank\" rel=\"noreferrer noopener\">GP<\/a>\u00a0|\u00a0<a href=\"https:\/\/www.youtube.com\/channel\/UC9csiS6q_C3C0FYhyr1rnFA?sub_confirmation=1\" target=\"_blank\" rel=\"noreferrer noopener\">GP2<\/a><\/strong><\/p>\n\n\n\n<p class=\"wp-block-paragraph\">Perto do fim da corrida, Hamilton tentou passar, mas Verstappen espalhou e for\u00e7ou o #44 a recolher o carro. Como o holand\u00eas tinha sa\u00eddo da pista, a Red Bull orientou o piloto a entregar a posi\u00e7\u00e3o \u201cestrategicamente\u201d. Max, ent\u00e3o, ficou no centro da pista e diminuiu o ritmo. Com a falta de espa\u00e7o, Lewis tocou a traseira da Red Bull e quebrou um peda\u00e7o da asa dianteira.<\/p>\n\n\n\n<p class=\"wp-block-paragraph\">Verstappen cedeu a posi\u00e7\u00e3o pouco depois, mas deu o troco no brit\u00e2nico e manteve a lideran\u00e7a. Lewis, contudo, conseguiu a ultrapassagem e garantiu a vit\u00f3ria, o que resultou em um empate no Mundial de Pilotos.<\/p>\n\n\n\n<p class=\"wp-block-paragraph\">Marko, por\u00e9m, considera que n\u00e3o houve o brake test do qual a Mercedes se queixou e assegurou que os dados coletados pela Red Bull n\u00e3o indicam altera\u00e7\u00e3o na press\u00e3o dos freios.<\/p>\n\n\n\n<p class=\"wp-block-paragraph\">\u201cPrimeiro, podemos rebater esse suposto brake test com o qual Hamilton estava t\u00e3o irritado\u201d, disse Marko \u00e0 emissora alem\u00e3 Sky. \u201cQuase nunca vi algo t\u00e3o estranho. N\u00e3o h\u00e1 nenhuma mudan\u00e7a na press\u00e3o dos freios nos nossos dados. Hamilton apenas calculou mal. A\u00ed recebemos uma puni\u00e7\u00e3o e os pneus de Max ficaram danificados com dois grandes cortes\u201d, relatou.<\/p>\n\n\n\n<p class=\"wp-block-paragraph\">\u201cTivemos de ficar felizes apenas por cruzar a linha de chegada\u201d, resumiu.<\/p>\n\n\n\n<p class=\"wp-block-paragraph\">Falando \u00e0 austr\u00edaca ServusTV, o consultor de 78 anos foi ainda mais longe e acusou a FIA (Federa\u00e7\u00e3o Internacional de Automobilismo) de punir Verstappen por qualquer coisinha.<\/p>\n\n\n\n<p class=\"wp-block-paragraph\">\u201cIsso n\u00e3o pode continuar assim\u201d, disparou. \u201cAssim que Max mostra os dentes, ele recebe uma puni\u00e7\u00e3o, mas se Hamilton o coloca para fora da pista, aparentemente n\u00e3o tem nada de errado. N\u00e3o pode continuar assim. Isso \u00e9 inaceit\u00e1vel\u201d, frisou.<\/p>\n\n\n\n<p class=\"wp-block-paragraph\">\u201cNo momento, vamos avaliar tudo e reportar \u00e0 FIA certas coisas\u201d, anunciou.<\/p>\n\n\n\n<p class=\"wp-block-paragraph\">Ao jornal Bild, Helmut indicou que a Red Bull que oferecer evid\u00eancias para ter uma revis\u00e3o que permita puni\u00e7\u00e3o a Hamilton.<\/p>\n\n\n\n<p class=\"wp-block-paragraph\">\u201cEsperamos que tenha uma nova avalia\u00e7\u00e3o se conseguirmos substanciar nosso ponto de vista com fatos \u2015 e a\u00ed, tomara, exista uma puni\u00e7\u00e3o do lado de Hamilton\u201d, afirmou.<\/p>\n\n\n\n<p class=\"wp-block-paragraph\">Questionado se est\u00e1 no meio de mais dura luta pelo t\u00edtulo da F\u00f3rmula 1, Marko respondeu: \u201c[Ayrton] Senna versus [Alain] Prost foi s\u00f3 uma corrida em que eles bateram, em Suzuka. E n\u00f3s temos travado esses duelos com a Mercedes a meses. Mas n\u00e3o pode ser que existam decis\u00f5es unilaterais em um duelo assim\u201d.<\/p>\n\n\n\n<p class=\"wp-block-paragraph\">Ao ser indagado sobre o que esperava do GP de Abu Dhabi, Marko insistiu em uma revis\u00e3o, mas declarou que espera ver Verstappen de volta ao topo do p\u00f3dio.<\/p>\n\n\n\n<p class=\"wp-block-paragraph\">\u201cAntes de mais nada, eu espero que o resultado de hoje seja analisado outra vez e, no melhor caso, revisado. Mas temos de vencer a corrida\u201d, destacou.<\/p>\n\n\n\n<p class=\"wp-block-paragraph\">O consultor reconheceu, por fim, que a Mercedes deu um grande passo na Ar\u00e1bia Saudita no Mundial de Construtores, que agora lidera com 28 pontos de margem, com colocou o Mundial de Pilotos como prioridade.<\/p>\n\n\n\n<p class=\"wp-block-paragraph\">\u201cEle deram um passo enorme para hoje, mas nosso foco \u00e9 o campeonato de pilotos. N\u00e3o somos uma empresa de autom\u00f3veis\u201d, concluiu.<\/p>\n\n\n\n<p class=\"wp-block-paragraph\">O pr\u00f3ximo fim de semana vai marcar o desfecho da temporada 2021 e vai definir o grande campe\u00e3o deste incr\u00edvel ano. O GP de Abu Dhabi acontece entre 10 e 12 de dezembro no circuito de\u00a0<a href=\"https:\/\/www.grandepremio.com\/br\/etapa\/f1\/gp-de-abu-dhabi-formula-1-2020\/\" target=\"_blank\" rel=\"noreferrer noopener\">Yas Marina<\/a>. O\u00a0<strong>GRANDE PR\u00caMIO<\/strong>\u00a0acompanha tudo\u00a0<strong><a href=\"https:\/\/www.grandepremio.com\/br\/ao-vivo\/f1\/\">AO VIVO e em\u00a0<\/a><a href=\"https:\/\/www.grandepremio.com\/br\/ao-vivo\/\" target=\"_blank\" rel=\"noreferrer noopener\">TEMPO REAL<\/a><\/strong>.<\/p>\n\n\n\n<p class=\"wp-block-paragraph\"><strong>LEIA TAMB\u00c9M<br><a href=\"https:\/\/www.grandepremio.com\/br\/f1\/noticias\/lewis-hamilton-ve-max-verstappen-fora-dos-limites-em-jeda-e-diz-se-sentir-em-um-ringue-de-boxe\/\">+Hamilton v\u00ea Verstappen \u2018fora dos limites\u2019 e se sente em um \u2018ringue de boxe\u2019<\/a><br><a href=\"https:\/\/www.grandepremio.com\/br\/f1\/noticias\/2o-jeda-max-verstappen-reclama-excesso-punicoes-isso-nao-e-formula-1\/\">+Verstappen reclama de excesso de puni\u00e7\u00f5es em Jed\u00e1: \u2018Isso n\u00e3o \u00e9\u00a0<\/a><a href=\"https:\/\/www.grandepremio.com\/formula-1\/\" target=\"_blank\" rel=\"noreferrer noopener\">F\u00f3rmula 1<\/a>\u2019<br><a href=\"https:\/\/www.grandepremio.com\/br\/f1\/noticias\/mercedes-critica-max-verstappen-em-jeda-e-clama-so-queremos-um-campeonato-limpo\/\">+Mercedes\u00a0critica Verstappen e clama: \u2018S\u00f3 queremos um campeonato limpo\u2019<\/a><br><a href=\"https:\/\/www.grandepremio.com\/br\/f1\/noticias\/helmut-marko-red-bull-nao-aceita-resultado-arabia-saudita-circunstancias-estranhas\/\">+Marko n\u00e3o aceita resultado e v\u00ea \u201ccircunst\u00e2ncias estranhas\u201d contra a\u00a0<\/a><a href=\"https:\/\/www.grandepremio.com\/br\/equipe\/f1\/2020\/red-bull-racing\/\" target=\"_blank\" rel=\"noreferrer noopener\">Red Bull<\/a><\/strong><\/p>\n\n\n\n<figure class=\"wp-block-embed is-type-video is-provider-youtube wp-block-embed-youtube wp-embed-aspect-16-9 wp-has-aspect-ratio\"><div class=\"wp-block-embed__wrapper\">\n<iframe loading=\"lazy\" title=\"F1 NA AR\u00c1BIA: HAMILTON VENCE, VERSTAPPEN 2\u00b0: EMPATE NA DECIS\u00c3O | Briefing\" width=\"500\" height=\"281\" src=\"https:\/\/www.youtube.com\/embed\/lqfVstcks1w?feature=oembed\" frameborder=\"0\" allow=\"accelerometer; autoplay; clipboard-write; encrypted-media; gyroscope; picture-in-picture; web-share\" referrerpolicy=\"strict-origin-when-cross-origin\" allowfullscreen><\/iframe>\n<\/div><figcaption>F1 NA AR\u00c1BIA: HAMILTON VENCE, VERSTAPPEN 2\u00b0: EMPATE NA DECIS\u00c3O | Briefing<\/figcaption><\/figure>\n","protected":false},"excerpt":{"rendered":"<p>O consultor da Red Bull considerou que a FIA (Federa\u00e7\u00e3o Internacional de Automobilismo) \u00e9 mais severa com o holand\u00eas do que com Lewis Hamilton. O austr\u00edaco tamb\u00e9m planeja solicitar uma revis\u00e3o da corrida da Ar\u00e1bia Saudita<\/p>\n","protected":false},"author":0,"featured_media":1000530128,"comment_status":"closed","ping_status":"closed","sticky":false,"template":"","format":"standard","meta":{"42wp_featured_image_caption":"","42wp_featured_image_credits":"","42wp_featured_video":"","42wp_featured_image_hidden":false,"42wp_authors_list":[],"footnotes":""},"categories":[2],"tags":[147,156,103,24837,25536,29763,87,203,204],"42wp_author":[47113],"class_list":["post-115807","post","type-post","status-publish","format-standard","has-post-thumbnail","hentry","category-f1","tag-f1","tag-f1-2021","tag-fia","tag-formula-1-2","tag-formula-1-2021-2","tag-formula-1-classificacao-2021","tag-lewis-hamilton","tag-max-verstappen","tag-red-bull","42wp_author-juliana-tesser"],"_links":{"self":[{"href":"https:\/\/grandepremio.com\/br\/wp-json\/wp\/v2\/posts\/115807","targetHints":{"allow":["GET"]}}],"collection":[{"href":"https:\/\/grandepremio.com\/br\/wp-json\/wp\/v2\/posts"}],"about":[{"href":"https:\/\/grandepremio.com\/br\/wp-json\/wp\/v2\/types\/post"}],"replies":[{"embeddable":true,"href":"https:\/\/grandepremio.com\/br\/wp-json\/wp\/v2\/comments?post=115807"}],"version-history":[{"count":0,"href":"https:\/\/grandepremio.com\/br\/wp-json\/wp\/v2\/posts\/115807\/revisions"}],"wp:featuredmedia":[{"embeddable":true,"href":"https:\/\/grandepremio.com\/br\/wp-json\/wp\/v2\/media\/1000530128"}],"wp:attachment":[{"href":"https:\/\/grandepremio.com\/br\/wp-json\/wp\/v2\/media?parent=115807"}],"wp:term":[{"taxonomy":"category","embeddable":true,"href":"https:\/\/grandepremio.com\/br\/wp-json\/wp\/v2\/categories?post=115807"},{"taxonomy":"post_tag","embeddable":true,"href":"https:\/\/grandepremio.com\/br\/wp-json\/wp\/v2\/tags?post=115807"},{"taxonomy":"42wp_author","embeddable":true,"href":"https:\/\/grandepremio.com\/br\/wp-json\/wp\/v2\/42wp_author?post=115807"}],"curies":[{"name":"wp","href":"https:\/\/api.w.org\/{rel}","templated":true}]}}