{"id":115830,"date":"2021-12-05T17:44:13","date_gmt":"2021-12-05T20:44:13","guid":{"rendered":"https:\/\/grandepremio.com\/br\/noticias\/band-vice-lideranca-audiencia-gp-arabia-saudita-formula-1\/"},"modified":"2021-12-05T17:45:51","modified_gmt":"2021-12-05T20:45:51","slug":"band-vice-lideranca-audiencia-gp-arabia-saudita-formula-1","status":"publish","type":"post","link":"https:\/\/grandepremio.com\/br\/f1\/band-vice-lideranca-audiencia-gp-arabia-saudita-formula-1\/","title":{"rendered":"Band alcan\u00e7a vice-lideran\u00e7a na audi\u00eancia com pol\u00eamico GP da Ar\u00e1bia Saudita"},"content":{"rendered":"\n<figure class=\"wp-block-video\"><video class=\"video-js vjs-big-play-centered\" data-gp-vjs=\"1\" controls src=\"https:\/\/www.grandepremio.com\/br\/wp-content\/uploads\/2021\/12\/VerstappenHamilton.mp4\"><\/video><figcaption>Verstappen diminuiu a velocidade no meio da pista e foi atingido por Hamilton em Jed\u00e1 (V\u00eddeo: Reprodu\u00e7\u00e3o\/F1TV)<\/figcaption><\/figure>\n\n\n\n<p class=\"wp-block-paragraph\">A Band alcan\u00e7ou a vice-lideran\u00e7a na audi\u00eancia durante a transmiss\u00e3o do GP da Ar\u00e1bia Saudita de F\u00f3rmula 1 na tarde deste domingo (5). <a href=\"https:\/\/www.grandepremio.com\/br\/f1\/noticias\/lewis-hamilton-derrota-max-verstappen-vence-caotico-gp-arabia-saudita-empata-formula-1-decisao-titulo\/\">A prova, vencida por Lewis Hamilton depois de muita pol\u00eamica, duas bandeiras vermelhas e um incidente bastante controverso protagonizado por Max Verstappen<\/a> ao acionar a terceira marcha e frear o carro, na reta, \u00e0 frente do rival, <a href=\"https:\/\/teleguiado.com\/televisao\/band-volta-a-beliscar-a-vice-lideranca-com-gp-caotico-na-arabia-saudita\/\">rendeu \u00e0 emissora do Morumbi 5,8 pontos de m\u00e9dia e picos de 6,8 em n\u00fameros revelados pelo site Teleguiado<\/a> com os dados pr\u00e9vios de medi\u00e7\u00e3o pelo Kantar Ibope Media para a Grande S\u00e3o Paulo.<\/p>\n\n\n\n<p class=\"wp-block-paragraph\">A transmiss\u00e3o como um todo durou quase tr\u00eas horas: a pr\u00e9via, a partir de 14h (de Bras\u00edlia), e com a corrida propriamente dita e a festa do p\u00f3dio, entre 14h30 e 16h40. A corrida foi al\u00e9m do previsto em raz\u00e3o dos muitos incidentes e das duas interrup\u00e7\u00f5es com bandeira vermelha.<\/p>\n\n\n\n<p class=\"wp-block-paragraph\"><strong>\u25b6\ufe0f\u00a0Inscreva-se nos dois canais do GRANDE PR\u00caMIO no YouTube:\u00a0<a href=\"https:\/\/www.youtube.com\/channel\/UC9OlHEgxoaY6QY6nWPoiqQg?sub_confirmation=1\" target=\"_blank\" rel=\"noreferrer noopener\">GP<\/a>\u00a0|\u00a0<a href=\"https:\/\/www.youtube.com\/channel\/UC9csiS6q_C3C0FYhyr1rnFA?sub_confirmation=1\" target=\"_blank\" rel=\"noreferrer noopener\">GP2<\/a><\/strong><\/p>\n\n\n\n<figure class=\"wp-block-image size-large\"><img decoding=\"async\" src=\"https:\/\/www.grandepremio.com\/br\/wp-content\/uploads\/2021\/12\/SI202112050188_news-1024x681.jpg\" alt=\"MAX VERSTAPPEN; ESTEBAN OCON; LEWIS HAMILTON; GP DA AR\u00c1BIA SAUDITA; F1; F\u00d3RMULA 1;\" class=\"wp-image-530011\"\/><figcaption>O GP da Ar\u00e1bia Saudita colocou a Band na vice-lideran\u00e7a do Ibope em alguns momentos (Foto: Dan Mullan\/Getty Images\/Red Bull Content Pool)<\/figcaption><\/figure>\n\n\n\n<p class=\"wp-block-paragraph\">A <a href=\"https:\/\/teleguiado.com\/televisao\/band-volta-a-beliscar-a-vice-lideranca-com-gp-caotico-na-arabia-saudita\/\">Band, pelos n\u00fameros de pontua\u00e7\u00e3o m\u00e9dia, ficou em quarto lugar no ranking preliminar na Grande S\u00e3o Paulo e foi superada pela Globo, com 10,4 pontos, SBT, com 7,2, e pela Record, com 6,5.<\/a><\/p>\n\n\n\n<p class=\"wp-block-paragraph\">Entretanto, a emissora do Morumbi ocupou a terceira posi\u00e7\u00e3o no pr\u00e9-hora da corrida, se sustentou no top-3 por mais 44 minutos e subiu para a vice-lideran\u00e7a na audi\u00eancia em tr\u00eas oportunidades: \u00e0s 15h45, quando marcou 6,6 pontos de pico contra 8,2 da Globo; \u00e0s 15h46, com 6,7 contra 8,6; e \u00e0s 15h49, com o pico de 6,8 contra 8,3 da emissora carioca.<\/p>\n\n\n\n<p class=\"wp-block-paragraph\">Segundo o Kantar Ibope Media, cada ponto de audi\u00eancia representa 205.377 espectadores e 76.557 domic\u00edlios na regi\u00e3o da Grande S\u00e3o Paulo. \u00c9 o maior contingente do Painel Nacional de Televis\u00e3o, sistema nacional de medi\u00e7\u00e3o, por isso \u00e9 tomado como refer\u00eancia em termos de audi\u00eancia.<\/p>\n\n\n\n<p class=\"wp-block-paragraph\">O pr\u00f3ximo fim de semana vai marcar o desfecho da temporada 2021 e vai definir o grande campe\u00e3o deste incr\u00edvel ano. O GP de Abu Dhabi acontece entre 10 e 12 de dezembro no circuito de\u00a0<a href=\"https:\/\/www.grandepremio.com\/br\/etapa\/f1\/gp-de-abu-dhabi-formula-1-2020\/\" target=\"_blank\" rel=\"noreferrer noopener\">Yas Marina<\/a>. O\u00a0<strong>GRANDE PR\u00caMIO<\/strong>\u00a0acompanha tudo\u00a0<strong><a href=\"https:\/\/www.grandepremio.com\/br\/ao-vivo\/f1\/\">AO VIVO e em\u00a0<\/a><a href=\"https:\/\/www.grandepremio.com\/br\/ao-vivo\/\" target=\"_blank\" rel=\"noreferrer noopener\">TEMPO REAL<\/a><\/strong>.<\/p>\n\n\n\n<figure class=\"wp-block-embed is-type-video is-provider-youtube wp-block-embed-youtube wp-embed-aspect-16-9 wp-has-aspect-ratio\"><div class=\"wp-block-embed__wrapper\">\n<iframe loading=\"lazy\" title=\"F1 NA AR\u00c1BIA: HAMILTON VENCE, VERSTAPPEN 2\u00b0: EMPATE NA DECIS\u00c3O | Briefing\" width=\"500\" height=\"281\" src=\"https:\/\/www.youtube.com\/embed\/lqfVstcks1w?feature=oembed\" frameborder=\"0\" allow=\"accelerometer; autoplay; clipboard-write; encrypted-media; gyroscope; picture-in-picture; web-share\" referrerpolicy=\"strict-origin-when-cross-origin\" allowfullscreen><\/iframe>\n<\/div><figcaption>F1 NA AR\u00c1BIA: HAMILTON VENCE, VERSTAPPEN 2\u00b0: EMPATE NA DECIS\u00c3O | Briefing<\/figcaption><\/figure>\n","protected":false},"excerpt":{"rendered":"<p>A Band chegou a alcan\u00e7ar picos de quase 7 pontos de audi\u00eancia durante a transmiss\u00e3o do GP da Ar\u00e1bia Saudita na tarde deste domingo (5)<\/p>\n","protected":false},"author":0,"featured_media":1000529968,"comment_status":"closed","ping_status":"closed","sticky":false,"template":"","format":"standard","meta":{"42wp_featured_image_caption":"","42wp_featured_image_credits":"","42wp_featured_video":"","42wp_featured_image_hidden":false,"42wp_authors_list":[],"footnotes":""},"categories":[2],"tags":[1280,147,156,24837,25536,1224,26266,24836,4252,87,203,20372,3901,784],"42wp_author":[47110],"class_list":["post-115830","post","type-post","status-publish","format-standard","has-post-thumbnail","hentry","category-f1","tag-band","tag-f1","tag-f1-2021","tag-formula-1-2","tag-formula-1-2021-2","tag-globo","tag-gp-da-arabia-saudita","tag-grande-premio-2","tag-ibope","tag-lewis-hamilton","tag-max-verstappen","tag-record","tag-sbt","tag-tv","42wp_author-fernando-silva"],"_links":{"self":[{"href":"https:\/\/grandepremio.com\/br\/wp-json\/wp\/v2\/posts\/115830","targetHints":{"allow":["GET"]}}],"collection":[{"href":"https:\/\/grandepremio.com\/br\/wp-json\/wp\/v2\/posts"}],"about":[{"href":"https:\/\/grandepremio.com\/br\/wp-json\/wp\/v2\/types\/post"}],"replies":[{"embeddable":true,"href":"https:\/\/grandepremio.com\/br\/wp-json\/wp\/v2\/comments?post=115830"}],"version-history":[{"count":0,"href":"https:\/\/grandepremio.com\/br\/wp-json\/wp\/v2\/posts\/115830\/revisions"}],"wp:featuredmedia":[{"embeddable":true,"href":"https:\/\/grandepremio.com\/br\/wp-json\/wp\/v2\/media\/1000529968"}],"wp:attachment":[{"href":"https:\/\/grandepremio.com\/br\/wp-json\/wp\/v2\/media?parent=115830"}],"wp:term":[{"taxonomy":"category","embeddable":true,"href":"https:\/\/grandepremio.com\/br\/wp-json\/wp\/v2\/categories?post=115830"},{"taxonomy":"post_tag","embeddable":true,"href":"https:\/\/grandepremio.com\/br\/wp-json\/wp\/v2\/tags?post=115830"},{"taxonomy":"42wp_author","embeddable":true,"href":"https:\/\/grandepremio.com\/br\/wp-json\/wp\/v2\/42wp_author?post=115830"}],"curies":[{"name":"wp","href":"https:\/\/api.w.org\/{rel}","templated":true}]}}