{"id":115841,"date":"2021-12-05T13:59:12","date_gmt":"2021-12-05T16:59:12","guid":{"rendered":"https:\/\/grandepremio.com\/br\/noticias\/red-bull-mantem-caixa-de-cambio-evita-punicao-max-verstappen-arabia-saudita\/"},"modified":"2021-12-05T13:59:42","modified_gmt":"2021-12-05T16:59:42","slug":"red-bull-mantem-caixa-de-cambio-evita-punicao-max-verstappen-arabia-saudita","status":"publish","type":"post","link":"https:\/\/grandepremio.com\/br\/f1\/red-bull-mantem-caixa-de-cambio-evita-punicao-max-verstappen-arabia-saudita\/","title":{"rendered":"Red Bull mant\u00e9m caixa de c\u00e2mbio e evita puni\u00e7\u00e3o de Verstappen na Ar\u00e1bia Saudita"},"content":{"rendered":"\n<figure class=\"wp-block-video\"><video class=\"video-js vjs-big-play-centered\" data-gp-vjs=\"1\" controls src=\"https:\/\/www.grandepremio.com\/br\/wp-content\/uploads\/2021\/12\/F2-largada.mp4\"><\/video><figcaption>Largada da corrida de domingo da F2 na Ar\u00e1bia: Theo Pourchaire ficou parado e foi acertado por Enzo Fittipaldi (V\u00ecdeo: F2)<\/figcaption><\/figure>\n\n\n\n<p class=\"wp-block-paragraph\">O acidente de Max Verstappen nos segundos finais da classifica\u00e7\u00e3o na Ar\u00e1bia Saudita tirou a pole-position do holand\u00eas e causou preocupa\u00e7\u00e3o na Red Bull sobre poss\u00edveis trocas de componentes e puni\u00e7\u00f5es. Agora, por\u00e9m, a calma foi reestabelecida no time taurino.<\/p>\n\n\n\n<p class=\"wp-block-paragraph\">Neste domingo (5), por\u00e9m, a equipe confirmou que n\u00e3o foi necess\u00e1ria a troca da caixa de c\u00e2mbio do carro #33. Com isso, Verstappen mant\u00e9m a terceira posi\u00e7\u00e3o no grid de largada para a corrida em Jed\u00e1, logo atr\u00e1s de Lewis Hamilton e Valtteri Bottas.<\/p>\n\n\n\n<p class=\"wp-block-paragraph\">A medida \u00e9 um al\u00edvio para a Red Bull porque o cen\u00e1rio mostrava-se desfavor\u00e1vel ap\u00f3s a classifica\u00e7\u00e3o, quando o consultor Helmut Marko admitiu a possibilidade troca do componente e cogitava uma puni\u00e7\u00e3o de cinco posi\u00e7\u00f5es para Max no grid de largada.<\/p>\n\n\n\n<figure class=\"wp-block-image size-large\"><img decoding=\"async\" src=\"https:\/\/www.grandepremio.com\/br\/wp-content\/uploads\/2021\/12\/SI202112040278_news-1024x729.jpg\" alt=\"MAX VERSTAPPEN; RED BULL; F1; F\u00d3RMULA 1; GP DA AR\u00c1BIA SAUDITA;\" class=\"wp-image-529679\"\/><figcaption>Max Verstappen bateu no fim da classifica\u00e7\u00e3o do GP da Ar\u00e1bia Saudita (Foto: AFP)<\/figcaption><\/figure>\n\n\n\n<p class=\"wp-block-paragraph\"><strong>\u25b6\ufe0f&nbsp;Inscreva-se nos dois canais do GRANDE PR\u00caMIO no YouTube:&nbsp;<a href=\"https:\/\/www.youtube.com\/channel\/UC9OlHEgxoaY6QY6nWPoiqQg?sub_confirmation=1\" target=\"_blank\" rel=\"noreferrer noopener\">GP<\/a>&nbsp;|&nbsp;<a href=\"https:\/\/www.youtube.com\/channel\/UC9csiS6q_C3C0FYhyr1rnFA?sub_confirmation=1\" target=\"_blank\" rel=\"noreferrer noopener\">GP2<\/a><\/strong><\/p>\n\n\n\n<p class=\"wp-block-paragraph\">Vale lembrar que a Red Bull efetuou a \u00faltima troca da caixa de c\u00e2mbio prevista em regulamento justamente para a etapa da Ar\u00e1bia Saudita. Ap\u00f3s o acidente entre Hamilton e Verstappen no GP da It\u00e1lia, ambos fizeram a troca e utilizaram a mesma pe\u00e7a por seis corridas seguidas: R\u00fassia, Turquia, EUA, M\u00e9xico, Brasil e Catar, respeitando o n\u00famero m\u00ednimo de usos antes de uma nova altera\u00e7\u00e3o.<\/p>\n\n\n\n<p class=\"wp-block-paragraph\">Assim, antes da classifica\u00e7\u00e3o come\u00e7ar em Jed\u00e1, os dois concorrentes ao t\u00edtulo trocaram suas pe\u00e7as pelo que seria a \u00faltima vez.<\/p>\n\n\n\n<p class=\"wp-block-paragraph\">O GP da Ar\u00e1bia Saudita de&nbsp;<a href=\"https:\/\/www.grandepremio.com\/formula-1\/\" target=\"_blank\" rel=\"noreferrer noopener\">F\u00f3rmula 1<\/a>&nbsp;tem largada prevista para 14h (de Bras\u00edlia, GMT-3) deste domingo e ter\u00e1 transmiss\u00e3o ao vivo pela Band na TV aberta e pelo servi\u00e7o de streaming&nbsp;<a href=\"https:\/\/www.grandepremio.com\/formula-1\/\" target=\"_blank\" rel=\"noreferrer noopener\">F1&nbsp;<\/a>TV Pro. O&nbsp;<strong>GRANDE PR\u00caMIO<\/strong>&nbsp;acompanha tudo&nbsp;<strong><a href=\"https:\/\/www.grandepremio.com\/br\/ao-vivo\/f1\/\">AO VIVO e em&nbsp;<\/a><a href=\"https:\/\/www.grandepremio.com\/br\/ao-vivo\/\" target=\"_blank\" rel=\"noreferrer noopener\">TEMPO REAL<\/a><\/strong>.<\/p>\n\n\n\n<figure class=\"wp-block-embed is-type-video is-provider-youtube wp-block-embed-youtube wp-embed-aspect-16-9 wp-has-aspect-ratio\"><div class=\"wp-block-embed__wrapper\">\n<iframe loading=\"lazy\" title=\"F1 NA AR\u00c1BIA: ACIDENTE DE ENZO FITTIPALDI, ESQUENTA E PR\u00c9-CORRIDA EM JED\u00c1 | Briefing\" width=\"500\" height=\"281\" src=\"https:\/\/www.youtube.com\/embed\/54B-3aG0vnU?feature=oembed\" frameborder=\"0\" allow=\"accelerometer; autoplay; clipboard-write; encrypted-media; gyroscope; picture-in-picture; web-share\" referrerpolicy=\"strict-origin-when-cross-origin\" allowfullscreen><\/iframe>\n<\/div><figcaption>F1 NA AR\u00c1BIA: ACIDENTE DE ENZO FITTIPALDI, ESQUENTA E PR\u00c9-CORRIDA EM JED\u00c1 | Briefing<\/figcaption><\/figure>\n","protected":false},"excerpt":{"rendered":"<p>Depois do acidente de Max Verstappen na classifica\u00e7\u00e3o do GP da Ar\u00e1bia Saudita, a Red Bull investigou o carro e optou por manter a caixa de c\u00e2mbio para a corrida<\/p>\n","protected":false},"author":0,"featured_media":1000529671,"comment_status":"closed","ping_status":"closed","sticky":false,"template":"","format":"standard","meta":{"42wp_featured_image_caption":"","42wp_featured_image_credits":"","42wp_featured_video":"","42wp_featured_image_hidden":false,"42wp_authors_list":[],"footnotes":""},"categories":[2],"tags":[26271,147,156,642,24837,25536,26266,24836,26627,203,204,255],"42wp_author":[47135],"class_list":["post-115841","post","type-post","status-publish","format-standard","has-post-thumbnail","hentry","category-f1","tag-calendario-f1","tag-f1","tag-f1-2021","tag-f1-ao-vivo","tag-formula-1-2","tag-formula-1-2021-2","tag-gp-da-arabia-saudita","tag-grande-premio-2","tag-jeda","tag-max-verstappen","tag-red-bull","tag-temporada-f1","42wp_author-pedro-luis-cuenca"],"_links":{"self":[{"href":"https:\/\/grandepremio.com\/br\/wp-json\/wp\/v2\/posts\/115841","targetHints":{"allow":["GET"]}}],"collection":[{"href":"https:\/\/grandepremio.com\/br\/wp-json\/wp\/v2\/posts"}],"about":[{"href":"https:\/\/grandepremio.com\/br\/wp-json\/wp\/v2\/types\/post"}],"replies":[{"embeddable":true,"href":"https:\/\/grandepremio.com\/br\/wp-json\/wp\/v2\/comments?post=115841"}],"version-history":[{"count":0,"href":"https:\/\/grandepremio.com\/br\/wp-json\/wp\/v2\/posts\/115841\/revisions"}],"wp:featuredmedia":[{"embeddable":true,"href":"https:\/\/grandepremio.com\/br\/wp-json\/wp\/v2\/media\/1000529671"}],"wp:attachment":[{"href":"https:\/\/grandepremio.com\/br\/wp-json\/wp\/v2\/media?parent=115841"}],"wp:term":[{"taxonomy":"category","embeddable":true,"href":"https:\/\/grandepremio.com\/br\/wp-json\/wp\/v2\/categories?post=115841"},{"taxonomy":"post_tag","embeddable":true,"href":"https:\/\/grandepremio.com\/br\/wp-json\/wp\/v2\/tags?post=115841"},{"taxonomy":"42wp_author","embeddable":true,"href":"https:\/\/grandepremio.com\/br\/wp-json\/wp\/v2\/42wp_author?post=115841"}],"curies":[{"name":"wp","href":"https:\/\/api.w.org\/{rel}","templated":true}]}}