{"id":115878,"date":"2021-12-03T19:58:35","date_gmt":"2021-12-03T22:58:35","guid":{"rendered":"https:\/\/grandepremio.com\/br\/noticias\/mercedes-ve-chance-de-titulo-nas-maos-e-destaca-objetivo-vencer-as-duas-corridas\/"},"modified":"2022-05-08T16:05:39","modified_gmt":"2022-05-08T19:05:39","slug":"mercedes-ve-chance-de-titulo-nas-maos-e-destaca-objetivo-vencer-as-duas-corridas","status":"publish","type":"post","link":"https:\/\/grandepremio.com\/br\/f1\/mercedes-ve-chance-de-titulo-nas-maos-e-destaca-objetivo-vencer-as-duas-corridas\/","title":{"rendered":"Mercedes v\u00ea chance de t\u00edtulo &#8220;nas m\u00e3os&#8221; e destaca objetivo: &#8220;Vencer as duas corridas&#8221;"},"content":{"rendered":"\n<figure class=\"wp-block-embed is-type-video is-provider-youtube wp-block-embed-youtube wp-embed-aspect-16-9 wp-has-aspect-ratio\"><div class=\"wp-block-embed__wrapper\">\n<iframe loading=\"lazy\" title=\"F1 NA AR\u00c1BIA: HAMILTON DOMINA, LECLERC BATE FORTE | Briefing\" width=\"500\" height=\"281\" src=\"https:\/\/www.youtube.com\/embed\/sP7ta3kU81k?feature=oembed\" frameborder=\"0\" allow=\"accelerometer; autoplay; clipboard-write; encrypted-media; gyroscope; picture-in-picture; web-share\" referrerpolicy=\"strict-origin-when-cross-origin\" allowfullscreen><\/iframe>\n<\/div><figcaption>F1 NA AR\u00c1BIA: HAMILTON DOMINA, LECLERC BATE FORTE | Briefing<\/figcaption><\/figure>\n\n\n\n<p class=\"wp-block-paragraph\">A Mercedes come\u00e7ou bem no primeiro dia de atividades do GP da Ar\u00e1bia Saudita, e <a href=\"https:\/\/www.grandepremio.com\/br\/f1\/noticias\/lewis-hamilton-fecha-na-frente-sexta-feira-treinos-formula-1-apos-batida-forte-charles-leclerc-jeda\/\" target=\"_blank\" rel=\"noreferrer noopener\">liderou os dois treinos livres desta sexta-feira (03)<\/a> \u2014 ainda que tenha apresentado rendimento pr\u00f3ximo ao da Red Bull. Em um campeonato imprevis\u00edvel, em que tudo pode acontecer, o chefe da escuderia alem\u00e3, Toto Wolff, reconheceu que a vit\u00f3ria de Max Verstappen na Cidade do M\u00e9xico abalou a confian\u00e7a do time, que possui em Jed\u00e1 a oportunidade de alcan\u00e7ar o holand\u00eas na lideran\u00e7a do Mundial de Pilotos.<\/p>\n\n\n\n<p class=\"wp-block-paragraph\">&#8220;Nunca desistimos, mas depois do M\u00e9xico as perspectivas eram sombrias do ponto de vista da probabilidade&#8221;, admitiu. &#8220;\u00c9 muito melhor aqui, temos a chance do t\u00edtulo em nossas m\u00e3os e isso \u00e9 super empolgante. E divertido, tamb\u00e9m, obviamente com todas as press\u00f5es que v\u00eam com isso&#8221;, destacou.<\/p>\n\n\n\n<p class=\"wp-block-paragraph\">Wolff reconhece, no entanto, que a virada no campeonato n\u00e3o ser\u00e1 f\u00e1cil. A Red Bull apresentou um carro no mesmo n\u00edvel da Mercedes em 2021, e em muitos momentos da temporada, superior. Para se ter uma ideia, Verstappen completou todas as corridas que conseguiu terminar em primeiro ou segundo lugar, exceto na Hungria \u2014 quando foi abalroado por Valtteri Bottas logo na primeira curva e <a href=\"https:\/\/www.grandepremio.com\/br\/f1\/noticias\/honda-confirma-motores-max-verstappen-sergio-perez-hungria-danos-irreparaveis\/\" target=\"_blank\" rel=\"noreferrer noopener\">teve &#8220;danos irrepar\u00e1veis&#8221; no motor<\/a>, que estava sendo usado pela primeira vez.<\/p>\n\n\n\n<p class=\"wp-block-paragraph\"><strong>\u25b6\ufe0f\u00a0Inscreva-se nos dois canais do GRANDE PR\u00caMIO no YouTube:\u00a0<a href=\"https:\/\/www.youtube.com\/channel\/UC9OlHEgxoaY6QY6nWPoiqQg?sub_confirmation=1\" target=\"_blank\" rel=\"noreferrer noopener\">GP<\/a>\u00a0|\u00a0<a href=\"https:\/\/www.youtube.com\/channel\/UC9csiS6q_C3C0FYhyr1rnFA?sub_confirmation=1\" target=\"_blank\" rel=\"noreferrer noopener\">GP2<\/a><\/strong><\/p>\n\n\n\n<figure class=\"wp-block-image size-large\"><img decoding=\"async\" src=\"https:\/\/www.grandepremio.com\/br\/wp-content\/uploads\/2021\/11\/M252904-1024x683.jpg\" alt=\"TOTO WOLFF; GUERRA; MERCEDES;\" class=\"wp-image-526147\"\/><figcaption>Toto Wolff v\u00ea briga entre Mercedes e Red Bull afunilar cada vez mais (Foto: Steve Etherington\/Mercedes)<\/figcaption><\/figure>\n\n\n\n<p class=\"wp-block-paragraph\">&#8220;\u00c9 muito simples, precisamos vencer as duas corridas&#8221;, salientou. &#8220;Este \u00e9 o resumo simplificado. Estamos oito pontos atr\u00e1s e s\u00f3 precisamos trazer a cada final de semana, como fizemos no Brasil e no Catar, nossa melhor forma. S\u00f3 se fizermos isso, teremos chance de ganhar o campeonato. Portanto, no papel, as chances est\u00e3o contra n\u00f3s&#8221;, afirmou.<\/p>\n\n\n\n<p class=\"wp-block-paragraph\">&#8220;Mas, em resumo, nunca imaginamos que estar\u00edamos sequer jogando pelo campeonato nessa fase da temporada&#8221;, admitiu. &#8220;Tivemos dois finais de semana de corrida fant\u00e1sticos e s\u00f3 precisamos de mais para lutar por este campeonato&#8221;, disse.<\/p>\n\n\n\n<p class=\"wp-block-paragraph\">O chefe de equipe da Mercedes aproveitou para destacar a possibilidade de os resultados dos treinos livres n\u00e3o refletirem a real velocidade dos carros na corrida de domingo, j\u00e1 que n\u00e3o \u00e9 poss\u00edvel medir o n\u00edvel de intensidade de todos os pilotos. Wolff ainda relembrou as vezes em que Red Bull ou Mercedes conseguiram encontrar solu\u00e7\u00f5es que aumentaram suas velocidades de um dia para o outro.<\/p>\n\n\n\n<p class=\"wp-block-paragraph\">&#8220;\u00c9 muito dif\u00edcil dizer nessa fase, porque sexta-feira pode muitas vezes ser bastante enganador&#8221;, destacou. &#8220;Voc\u00ea n\u00e3o sabe quais modos de motor as pessoas est\u00e3o executando e sempre vimos grandes passos de nossos concorrentes e de n\u00f3s mesmos de sexta para s\u00e1bado&#8221;, reconheceu.<\/p>\n\n\n\n<p class=\"wp-block-paragraph\"><strong>Conhe\u00e7a o canal do Grande Pr\u00eamio no YouTube! Clique\u00a0<a target=\"_blank\" href=\"https:\/\/youtube.com\/GrandePremioTV\" rel=\"noreferrer noopener\">aqui<\/a>.<\/strong><br><strong>Siga o Grande Pr\u00eamio no\u00a0<a target=\"_blank\" href=\"https:\/\/twitter.com\/grandepremio\" rel=\"noreferrer noopener\">Twitter\u00a0<\/a>e no\u00a0<a target=\"_blank\" href=\"https:\/\/instagram.com\/grandepremio\" rel=\"noreferrer noopener\">Instagram<\/a>!<\/strong><\/p>\n\n\n\n<figure class=\"wp-block-image size-large\"><img decoding=\"async\" src=\"https:\/\/www.grandepremio.com\/br\/wp-content\/uploads\/2021\/12\/mercedes-lewishamilton-02-1024x683.jpg\" alt=\"\" class=\"wp-image-529508\"\/><figcaption>Lewis Hamilton liderou as duas sess\u00f5es de treino livre desta sexta-feira, na Ar\u00e1bia Saudita (Foto: Mercedes)<\/figcaption><\/figure>\n\n\n\n<p class=\"wp-block-paragraph\">Por fim, o austr\u00edaco disse estar em um meio-termo: nem dando &#8216;pulinhos&#8217; de alegria, nem irritado com o rendimento. &#8220;Ent\u00e3o, eu n\u00e3o gostaria nem de pular de exuber\u00e2ncia de como foi bom, nem ficar muito preocupado&#8221;, pesou. &#8220;\u00c9 realmente apenas trabalhar duro e chegar com um carro amanh\u00e3 que seja t\u00e3o bom quanto pode ser&#8221;, encerrou o chefe da Mercedes.<\/p>\n\n\n\n<p class=\"wp-block-paragraph\">A\u00a0<a href=\"https:\/\/www.grandepremio.com\/formula-1\/\" target=\"_blank\" rel=\"noreferrer noopener\">F\u00f3rmula 1<\/a>\u00a0volta a acelerar em\u00a0<a href=\"https:\/\/www.grandepremio.com\/br\/etapa\/f1\/gp-da-arabia-saudita-formula-1-2021\/\" target=\"_blank\" rel=\"noreferrer noopener\">Jed\u00e1<\/a>\u00a0neste s\u00e1bado. O treino livre 3 acontece \u00e0s 11h (de Bras\u00edlia, GMT-3), enquanto a classifica\u00e7\u00e3o est\u00e1 marcada para 14h, sempre com\u00a0<a href=\"https:\/\/formula1aovivo.com\/\" target=\"_blank\" rel=\"noreferrer noopener\">transmiss\u00e3o<\/a>\u00a0<a href=\"https:\/\/formula1aovivo.com\/\" target=\"_blank\" rel=\"noreferrer noopener\">ao vivo<\/a>\u00a0da emissora por assinatura BandSports e do servi\u00e7o de streaming\u00a0<a href=\"https:\/\/www.grandepremio.com\/formula-1\/\" target=\"_blank\" rel=\"noreferrer noopener\">F1\u00a0<\/a>TV Pro. O\u00a0<strong>GRANDE PR\u00caMIO\u00a0<\/strong>acompanha\u00a0<a href=\"https:\/\/www.grandepremio.com\/br\/ao-vivo\/f1\/gp-da-arabia-saudita-de-f1-2021-treinos-livres-ao-vivo-online-gratis-tempo-real-hoje\/\">AO VIVO e em TEMPO REAL<\/a>\u00a0todas as atividades de pista do GP da Ar\u00e1bia Saudita de\u00a0<a href=\"https:\/\/www.grandepremio.com\/formula-1\/\" target=\"_blank\" rel=\"noreferrer noopener\">F\u00f3rmula 1<\/a>.\u00a0<a href=\"https:\/\/www.grandepremio.com\/br\/f1\/\">Siga tudo aqui<\/a>.<\/p>\n\n\n\n<figure class=\"wp-block-video\"><video class=\"video-js vjs-big-play-centered\" data-gp-vjs=\"1\" controls src=\"https:\/\/www.grandepremio.com\/br\/wp-content\/uploads\/2021\/12\/LeclercCrashSaudiArabia.mp4\"><\/video><figcaption>Charles Leclerc sofreu acidente fort\u00edssimo no fim do TL2 em Jed\u00e1 (V\u00eddeo: Reprodu\u00e7\u00e3o)<\/figcaption><\/figure>\n\n\n\n<p class=\"wp-block-paragraph\"><\/p>\n","protected":false},"excerpt":{"rendered":"<p>Chefe da Mercedes, Toto Wolff destacou mudan\u00e7a de dire\u00e7\u00e3o do campeonato ap\u00f3s GP do M\u00e9xico, vencido por Max Verstappen, e disse esperar vit\u00f3rias da Mercedes em Ar\u00e1bia Saudita e Abu Dhabi<\/p>\n","protected":false},"author":0,"featured_media":1000470815,"comment_status":"closed","ping_status":"closed","sticky":false,"template":"","format":"standard","meta":{"42wp_featured_image_caption":"","42wp_featured_image_credits":"","42wp_featured_video":"","42wp_featured_image_hidden":false,"42wp_authors_list":[],"footnotes":""},"categories":[2],"tags":[147,156,24837,31243,24836,28285,26627,87,203,82,204,150],"42wp_author":[47142],"class_list":["post-115878","post","type-post","status-publish","format-standard","has-post-thumbnail","hentry","category-f1","tag-f1","tag-f1-2021","tag-formula-1-2","tag-gp-da-arabia-saudita-3","tag-grande-premio-2","tag-grandepremio","tag-jeda","tag-lewis-hamilton","tag-max-verstappen","tag-mercedes","tag-red-bull","tag-toto-wolff","42wp_author-jp-nascimento"],"_links":{"self":[{"href":"https:\/\/grandepremio.com\/br\/wp-json\/wp\/v2\/posts\/115878","targetHints":{"allow":["GET"]}}],"collection":[{"href":"https:\/\/grandepremio.com\/br\/wp-json\/wp\/v2\/posts"}],"about":[{"href":"https:\/\/grandepremio.com\/br\/wp-json\/wp\/v2\/types\/post"}],"replies":[{"embeddable":true,"href":"https:\/\/grandepremio.com\/br\/wp-json\/wp\/v2\/comments?post=115878"}],"version-history":[{"count":0,"href":"https:\/\/grandepremio.com\/br\/wp-json\/wp\/v2\/posts\/115878\/revisions"}],"wp:featuredmedia":[{"embeddable":true,"href":"https:\/\/grandepremio.com\/br\/wp-json\/wp\/v2\/media\/1000470815"}],"wp:attachment":[{"href":"https:\/\/grandepremio.com\/br\/wp-json\/wp\/v2\/media?parent=115878"}],"wp:term":[{"taxonomy":"category","embeddable":true,"href":"https:\/\/grandepremio.com\/br\/wp-json\/wp\/v2\/categories?post=115878"},{"taxonomy":"post_tag","embeddable":true,"href":"https:\/\/grandepremio.com\/br\/wp-json\/wp\/v2\/tags?post=115878"},{"taxonomy":"42wp_author","embeddable":true,"href":"https:\/\/grandepremio.com\/br\/wp-json\/wp\/v2\/42wp_author?post=115878"}],"curies":[{"name":"wp","href":"https:\/\/api.w.org\/{rel}","templated":true}]}}