{"id":115912,"date":"2021-12-02T12:02:13","date_gmt":"2021-12-02T15:02:13","guid":{"rendered":"https:\/\/grandepremio.com\/br\/noticias\/wayne-rainey-visita-frank-williams-acidente-mudou-vida\/"},"modified":"2021-12-02T12:02:21","modified_gmt":"2021-12-02T15:02:21","slug":"wayne-rainey-visita-frank-williams-acidente-mudou-vida","status":"publish","type":"post","link":"https:\/\/grandepremio.com\/br\/motogp\/wayne-rainey-visita-frank-williams-acidente-mudou-vida\/","title":{"rendered":"Rainey lembra visita de Frank Williams ap\u00f3s acidente: \u201cMomento que mudou minha vida\u201d"},"content":{"rendered":"\n<figure class=\"wp-block-embed is-type-video is-provider-youtube wp-block-embed-youtube wp-embed-aspect-16-9 wp-has-aspect-ratio\"><div class=\"wp-block-embed__wrapper\">\n<iframe loading=\"lazy\" title=\"DESCOMPLICADA E PERFEITINHA, DUCATI ACIONA ALARME DE RIVAIS NA MOTOGP | GP \u00e0s 10\" width=\"500\" height=\"281\" src=\"https:\/\/www.youtube.com\/embed\/GqyDfpGfMNI?feature=oembed\" frameborder=\"0\" allow=\"accelerometer; autoplay; clipboard-write; encrypted-media; gyroscope; picture-in-picture; web-share\" referrerpolicy=\"strict-origin-when-cross-origin\" allowfullscreen><\/iframe>\n<\/div><figcaption>DESCOMPLICADA E PERFEITINHA, DUCATI ACIONA ALARME DE RIVAIS NA MOTOGP | GP \u00e0s 10<\/figcaption><\/figure>\n\n\n\n<p class=\"wp-block-paragraph\">Wayne Rainey destacou que o impacto de Frank Williams no mundo do esporte a motor vai al\u00e9m da F\u00f3rmula 1. O tricampe\u00e3o das 500cc recordou a visita que recebeu do veterano quando ainda se recuperava de um s\u00e9rio acidente e definiu como um \u201cmomento que mudou minha vida\u201d.<\/p>\n\n\n\n<p class=\"wp-block-paragraph\">Em 1993, Rainey sofreu uma queda em Misano, acabou lesionando a coluna e ficou parapl\u00e9gico. Anos antes, em 1986, Frank tinha ficado quadripl\u00e9gico depois de um acidente de tr\u00e2nsito.<\/p>\n\n\n\n<p class=\"wp-block-paragraph\"><strong>\u25b6\ufe0f\u00a0Inscreva-se nos dois canais do GRANDE PR\u00caMIO no YouTube:\u00a0<a href=\"https:\/\/www.youtube.com\/channel\/UC9OlHEgxoaY6QY6nWPoiqQg?sub_confirmation=1\" target=\"_blank\" rel=\"noreferrer noopener\">GP<\/a>\u00a0|\u00a0<a href=\"https:\/\/www.youtube.com\/channel\/UC9csiS6q_C3C0FYhyr1rnFA?sub_confirmation=1\" target=\"_blank\" rel=\"noreferrer noopener\">GP2<\/a><\/strong><\/p>\n\n\n\n<figure class=\"wp-block-image size-large\"><img decoding=\"async\" src=\"https:\/\/www.grandepremio.com\/br\/wp-content\/uploads\/2018\/09\/2018911711328_Rainey2_II.jpg\" alt=\"\" class=\"wp-image-140577\"\/><figcaption>Vida de Rainey mudou ap\u00f3s acidente em Misano (Foto: Reprodu\u00e7\u00e3o)<\/figcaption><\/figure>\n\n\n\n<p class=\"wp-block-paragraph\"><strong>RANKING GP<\/strong><br><strong>#\u00a0<a href=\"https:\/\/www.grandepremio.com\/br\/web-stories\/motogp\/ranking-gp-notas-pilotos-motogp-temporada-2021\/\">As notas dos pilotos da\u00a0<\/a><a href=\"https:\/\/www.grandepremio.com\/br\/motogp\/\" target=\"_blank\" rel=\"noreferrer noopener\">MotoGP<\/a><a href=\"https:\/\/www.grandepremio.com\/br\/web-stories\/motogp\/ranking-gp-notas-pilotos-motogp-temporada-2021\/\">\u00a0na temporada 2021<\/a><\/strong><\/p>\n\n\n\n<figure class=\"wp-block-embed is-type-rich is-provider-spotify wp-block-embed-spotify wp-embed-aspect-21-9 wp-has-aspect-ratio\"><div class=\"wp-block-embed__wrapper\">\n<iframe title=\"Spotify Embed: Paddockast Especial | A hist\u00f3ria e o legado de Valentino Rossi\" style=\"border-radius: 12px\" width=\"100%\" height=\"152\" frameborder=\"0\" allowfullscreen allow=\"autoplay; clipboard-write; encrypted-media; fullscreen; picture-in-picture\" loading=\"lazy\" src=\"https:\/\/open.spotify.com\/embed\/episode\/1l3VDDFecOWPNXL1jAlyxS?utm_source=oembed\"><\/iframe>\n<\/div><\/figure>\n\n\n\n<p class=\"wp-block-paragraph\">Ciente da condi\u00e7\u00e3o de Wayne, Williams optou por visit\u00e1-lo na reabilita\u00e7\u00e3o e ofereceu conselhos que transformaram a vida do norte-americano. <a href=\"https:\/\/www.grandepremio.com\/br\/f1\/noticias\/lenda-formula-1-frank-williams-morre-aos-79-anos-na-inglaterra\/\">Frank morreu no \u00faltimo domingo, aos 79 anos<\/a>.<\/p>\n\n\n\n<p class=\"wp-block-paragraph\">\u201cDepois da minha les\u00e3o, passei por uma cirurgia na coluna para colocar algumas hastes\u201d, disse Rainey \u00e0 revista brit\u00e2nica Autosport. \u201cFiquei, basicamente, engessado por cerca de seis semanas no hospital. E quando tiraram aquilo, pude ir para o que chamam de centro de reabilita\u00e7\u00e3o, que \u00e9 quando o trabalho de verdade come\u00e7a. \u00c9 onde voc\u00ea meio que aprende como viver a vida em uma cadeira de rodas e todos os desafios que v\u00e3o desde se alimentar a se vestir e todas as outras coisas\u201d, seguiu.<\/p>\n\n\n\n<p class=\"wp-block-paragraph\">\u201cAcho que foram seis semanas no primeiro hospital, mas no centro de reabilita\u00e7\u00e3o eles queriam que eu ficasse l\u00e1 por dois meses. Fiquei tr\u00eas semanas e a\u00ed recebi uma mensagem de que Frank queria me visitar. Ent\u00e3o, na \u00e9poca, eu estava lutando, tentando entender como seria a minha vida\u201d, recordou. \u201cQuando Frank chegou, eu vi como ele se portava. Ele chegou no quarto onde eu estava, eu vi a confian\u00e7a que ele tinha e foi um momento que mudou a minha vida, porque ele me disse: \u2018Wayne, voc\u00ea est\u00e1 basicamente fudido, mas o melhor que pode fazer \u00e9 voltar a fazer o que voc\u00ea ama, que s\u00e3o as corridas\u2019\u201d, relatou.<\/p>\n\n\n\n<p class=\"wp-block-paragraph\">Rainey deixou a reabilita\u00e7\u00e3o uma semana depois do encontro e manteve contato com Williams ao longo dos anos.<\/p>\n\n\n\n<p class=\"wp-block-paragraph\">\u201cEu fui visitar Frank algumas vezes na f\u00e1brica dele e fui em algumas corridas de F1 como convidado dele e sa\u00ed com ele. Com Frank e eu, na maior parte do nosso relacionamento, a primeira coisa que ele dizia quando convers\u00e1vamos era: \u2018Como est\u00e1 sua sa\u00fade?\u2019. Toda vez ele parecia verdadeiramente preocupado, pois se a sa\u00fade est\u00e1 boa, voc\u00ea pode fazer qualquer coisa que queira na vida. Ele sempre frisava para eu me cuidar. Muitas coisas podem acontecer quando voc\u00ea vive em uma cadeira como n\u00f3s vivemos, ent\u00e3o ele defendia que cuid\u00e1ssemos da sa\u00fade primeiro\u201d, falou.<\/p>\n\n\n\n<p class=\"wp-block-paragraph\">Assim como Frank, Wayne tamb\u00e9m seguiu ligado ao esporte. De 1994 a 1998, ele tocou uma equipe nas 250cc e nas 500cc com a ajuda de Kenny Roberts. Quando voltou as Estados Unidos, trabalhou para levar a MotoGP a Laguna Seca em 2003 e, desde 2015, comanda o MotoAmerica, o campeonato local de onde sa\u00edram nomes como Garrett Gerloff, Joe Roberts, Cameron Beaubier e Sean Dylan Kelly.<\/p>\n\n\n\n<p class=\"wp-block-paragraph\">\u201cFui tricampe\u00e3o, tinha 33 anos e com essa mudan\u00e7a dr\u00e1stica na minha vida, n\u00e3o tinha muito um caminho a seguir. N\u00e3o tinha muitas pessoas para conversar ou pessoas que eu respeitasse, que entendessem a mentalidade do mundo das corridas. Frank, ele era um competidor de n\u00edvel mundial quando se machucou, e vi que dava para manter a mente funcionando com as corridas e o corpo seguiria\u201d, declarou Rainey. \u201cVoltar l\u00e1 e colocar a cabe\u00e7a para focar no lado do neg\u00f3cio das corridas, e fazer isso na minha situa\u00e7\u00e3o, n\u00e3o sabia para onde isso ia me levar. Acabei virando propriet\u00e1rio de equipe, a\u00ed quando decidi parar de viajar o mundo, voltei para os Estados Unidos e ajudei a organizar o GP dos Estamos Unidos em Laguna Seca\u201d, afirmou.<\/p>\n\n\n\n<p class=\"wp-block-paragraph\">\u201cE agora sou presidente do MotoAmerica e estamos indo para o oitavo. Ent\u00e3o, sem aquela conversa com Frank naquele dia, tenho certeza que nada disso teria acontecido comigo na minha carreira\u201d, concluiu.<\/p>\n\n\n\n<p class=\"wp-block-paragraph\"><strong>LEIA TAMB\u00c9M<\/strong><br>#&nbsp;<strong><a href=\"https:\/\/www.grandepremio.com\/br\/motogp\/noticias\/ducati-jejum-mostra-forca-inedita-motogp-assusta-2022\/\">Ducati segue no jejum, mas mostra for\u00e7a in\u00e9dita na&nbsp;<\/a><a href=\"https:\/\/www.grandepremio.com\/br\/motogp\/\" target=\"_blank\" rel=\"noreferrer noopener\">MotoGP<\/a><a href=\"https:\/\/www.grandepremio.com\/br\/motogp\/noticias\/ducati-jejum-mostra-forca-inedita-motogp-assusta-2022\/\">&nbsp;e j\u00e1 assusta para 2022<\/a><\/strong><br>#&nbsp;<strong><a href=\"https:\/\/www.grandepremio.com\/br\/equipe\/motogp\/2020\/monster-energy-yamaha-motogp\/\" target=\"_blank\" rel=\"noreferrer noopener\">Yamaha<\/a><a href=\"https:\/\/www.grandepremio.com\/br\/motogp\/noticias\/yamaha-vence-com-fabio-quartararo-mas-precisa-ficar-alerta-deficiencias-motogp-2022\/\">&nbsp;vence com Quartararo, mas precisa ficar alerta com defici\u00eancias para 2022<\/a><\/strong><br>#&nbsp;<strong><a href=\"https:\/\/www.grandepremio.com\/br\/motogp\/noticias\/suzuki-estaciona-sem-comando-davide-brivio-faz-temporada-apagada-motogp-2021\/\">Suzuki estaciona sem comando de Brivio e faz temporada apagada na MotoGP 2021<\/a><\/strong><br>#&nbsp;<strong><a href=\"https:\/\/www.grandepremio.com\/br\/motogp\/noticias\/marc-marquez-mais-menos-honda-sofre-motogp-busca-rumo-2022\/\">Com&nbsp;M\u00e1rquez&nbsp;mais ou menos, Honda sofre na MotoGP e busca rumo para 2022<\/a><\/strong><br>#&nbsp;<strong><a href=\"https:\/\/www.grandepremio.com\/br\/motogp\/noticias\/ktm-vence-decepciona-abaixo-expectativa-temporada-2021-motogp\/\">KTM at\u00e9 vence, mas decepciona e fica abaixo da expectativa na MotoGP em 2021<\/a><\/strong><br>#&nbsp;<strong><a href=\"https:\/\/www.grandepremio.com\/br\/motogp\/noticias\/aprilia-cresce-com-podio-mas-construcao-de-dupla-forte-pilotos-grande-acerto-2021\/\">Aprilia cresce com p\u00f3dio, mas constru\u00e7\u00e3o de dupla forte de pilotos \u00e9 grande acerto<\/a><\/strong><br>#&nbsp;<strong><a href=\"https:\/\/www.grandepremio.com\/br\/motogp\/noticias\/efeito-drive-to-survive-motogp-escolhe-momento-ideal-serie-streaming\/\">Por efeito \u2018Drive to Survive\u2019, MotoGP escolhe momento ideal para s\u00e9rie&nbsp;<\/a><a href=\"https:\/\/formula1aovivo.com\/\" target=\"_blank\" rel=\"noreferrer noopener\">no streaming<\/a><\/strong><\/p>\n\n\n\n<figure class=\"wp-block-image\"><a href=\"https:\/\/www.grandepremio.com\/br\/valentino-rossi-46\/\"><img decoding=\"async\" src=\"https:\/\/www.grandepremio.com\/br\/wp-content\/uploads\/2020\/05\/WhatsApp-Image-2021-11-16-at-10.55.29-1024x486.jpeg\" alt=\"\" class=\"wp-image-526003\"\/><\/a><figcaption><a href=\"https:\/\/www.grandepremio.com\/br\/valentino-rossi-46\/\"><strong>GRANDE PR\u00caMIO<\/strong>&nbsp;lan\u00e7a especial que celebra carreira de Valentino Rossi.&nbsp;<strong>ACESSE<\/strong><\/a><\/figcaption><\/figure>\n\n\n\n<figure class=\"wp-block-embed is-type-video is-provider-youtube wp-block-embed-youtube wp-embed-aspect-16-9 wp-has-aspect-ratio\"><div class=\"wp-block-embed__wrapper\">\n<iframe loading=\"lazy\" title=\"O QUE ESPERAR DE PETRUCCI NA NOVA AVENTURA NO DAKAR | GP \u00e0s 10\" width=\"500\" height=\"281\" src=\"https:\/\/www.youtube.com\/embed\/sbdE1f1B_Jk?feature=oembed\" frameborder=\"0\" allow=\"accelerometer; autoplay; clipboard-write; encrypted-media; gyroscope; picture-in-picture; web-share\" referrerpolicy=\"strict-origin-when-cross-origin\" allowfullscreen><\/iframe>\n<\/div><figcaption>O QUE ESPERAR DE PETRUCCI NA NOVA AVENTURA NO DAKAR | GP \u00e0s 10<\/figcaption><\/figure>\n","protected":false},"excerpt":{"rendered":"<p>Tricampe\u00e3o das 500cc, o norte-americano lembrou a visita que recebeu de Frank Williams ainda na reabilita\u00e7\u00e3o ap\u00f3s o acidente em Misano em 1993 que o deixou parapl\u00e9gico. Rainey considerou que Frank teve um papel vital na trajet\u00f3ria profissional que seguiu ap\u00f3s o acidente<\/p>\n","protected":false},"author":0,"featured_media":0,"comment_status":"closed","ping_status":"closed","sticky":false,"template":"","format":"standard","meta":{"42wp_featured_image_caption":"","42wp_featured_image_credits":"","42wp_featured_video":"","42wp_featured_image_hidden":false,"42wp_authors_list":[],"footnotes":""},"categories":[8],"tags":[218,79,78,490,28765,28764,25819,28345,28766,26690],"42wp_author":[47113],"class_list":["post-115912","post","type-post","status-publish","format-standard","hentry","category-motogp","tag-frank-williams","tag-moto-gp","tag-motogp","tag-motogp-2021","tag-motogp-2021-calendario","tag-motogp-classificacao-2021","tag-motogp-hoje","tag-motogp-horarios","tag-motogp-standings","tag-pilotos-motogp","42wp_author-juliana-tesser"],"_links":{"self":[{"href":"https:\/\/grandepremio.com\/br\/wp-json\/wp\/v2\/posts\/115912","targetHints":{"allow":["GET"]}}],"collection":[{"href":"https:\/\/grandepremio.com\/br\/wp-json\/wp\/v2\/posts"}],"about":[{"href":"https:\/\/grandepremio.com\/br\/wp-json\/wp\/v2\/types\/post"}],"replies":[{"embeddable":true,"href":"https:\/\/grandepremio.com\/br\/wp-json\/wp\/v2\/comments?post=115912"}],"version-history":[{"count":0,"href":"https:\/\/grandepremio.com\/br\/wp-json\/wp\/v2\/posts\/115912\/revisions"}],"wp:attachment":[{"href":"https:\/\/grandepremio.com\/br\/wp-json\/wp\/v2\/media?parent=115912"}],"wp:term":[{"taxonomy":"category","embeddable":true,"href":"https:\/\/grandepremio.com\/br\/wp-json\/wp\/v2\/categories?post=115912"},{"taxonomy":"post_tag","embeddable":true,"href":"https:\/\/grandepremio.com\/br\/wp-json\/wp\/v2\/tags?post=115912"},{"taxonomy":"42wp_author","embeddable":true,"href":"https:\/\/grandepremio.com\/br\/wp-json\/wp\/v2\/42wp_author?post=115912"}],"curies":[{"name":"wp","href":"https:\/\/api.w.org\/{rel}","templated":true}]}}