{"id":115920,"date":"2021-12-02T07:17:45","date_gmt":"2021-12-02T10:17:45","guid":{"rendered":"https:\/\/grandepremio.com\/br\/noticias\/chefe-testa-positivo-covid-19-desfalca-williams-gp-arabia-saudita\/"},"modified":"2021-12-02T07:27:11","modified_gmt":"2021-12-02T10:27:11","slug":"chefe-testa-positivo-covid-19-desfalca-williams-gp-arabia-saudita","status":"publish","type":"post","link":"https:\/\/grandepremio.com\/br\/f1\/chefe-testa-positivo-covid-19-desfalca-williams-gp-arabia-saudita\/","title":{"rendered":"Chefe testa positivo para Covid-19 e desfalca Williams no GP da Ar\u00e1bia Saudita"},"content":{"rendered":"\n<figure class=\"wp-block-embed is-type-video is-provider-youtube wp-block-embed-youtube wp-embed-aspect-16-9 wp-has-aspect-ratio\"><div class=\"wp-block-embed__wrapper\">\n<iframe loading=\"lazy\" title=\"COMO BOTTAS E P\u00c9REZ VIRARAM V\u00cdTIMAS DAS EXPECTATIVAS ALHEIAS? | GP \u00e0s 10\" width=\"500\" height=\"281\" src=\"https:\/\/www.youtube.com\/embed\/raOLeYqyaNQ?feature=oembed\" frameborder=\"0\" allow=\"accelerometer; autoplay; clipboard-write; encrypted-media; gyroscope; picture-in-picture; web-share\" referrerpolicy=\"strict-origin-when-cross-origin\" allowfullscreen><\/iframe>\n<\/div><figcaption>COMO BOTTAS E P\u00c9REZ VIRARAM V\u00cdTIMAS DAS EXPECTATIVAS ALHEIAS? | GP \u00e0s 10<\/figcaption><\/figure>\n\n\n\n<p class=\"wp-block-paragraph\">Jost Capito n\u00e3o estar\u00e1 com a Williams no GP da Ar\u00e1bia Saudita deste fim de semana. Diretor-executivo e chefe do time, o alem\u00e3o testou positivo para Covid-19 antes de viajar para Jed\u00e1 e ter\u00e1 de seguir no Reino Unido cumprindo os protocolos de sa\u00fade estabelecidos pelas autoridades locais.<\/p>\n\n\n\n<p class=\"wp-block-paragraph\">Em um comunicado enviado \u00e0 imprensa, a Williams confirmou que Capito foi infectado pelo novo coronav\u00edrus, mas garantiu que o restante a equipe n\u00e3o foi impactada.<\/p>\n\n\n\n<p class=\"wp-block-paragraph\"><strong>\u25b6\ufe0f\u00a0Inscreva-se nos dois canais do GRANDE PR\u00caMIO no YouTube:\u00a0<a href=\"https:\/\/www.youtube.com\/channel\/UC9OlHEgxoaY6QY6nWPoiqQg?sub_confirmation=1\" target=\"_blank\" rel=\"noreferrer noopener\">GP<\/a>\u00a0|\u00a0<a href=\"https:\/\/www.youtube.com\/channel\/UC9csiS6q_C3C0FYhyr1rnFA?sub_confirmation=1\" target=\"_blank\" rel=\"noreferrer noopener\">GP2<\/a><\/strong><\/p>\n\n\n\n<figure class=\"wp-block-image size-large\"><img decoding=\"async\" src=\"https:\/\/www.grandepremio.com\/br\/wp-content\/uploads\/2021\/03\/Ev5unHdXcAUDHf0-1024x685.jpg\" alt=\"JOST CAPITO; WILLIAMS; F\u00d3RMULA 1; F1 2021;\" class=\"wp-image-454352\"\/><figcaption>Jost Capito testou positivo para Covid-19 (Foto: Williams)<\/figcaption><\/figure>\n\n\n\n<p class=\"wp-block-paragraph\"><strong>LEIA TAMB\u00c9M<\/strong><br><strong><a href=\"https:\/\/www.grandepremio.com\/br\/f1\/noticias\/honda-recomenda-troca-motor-max-verstappen-arabia-saudita-red-bull-quer-evitar-punicao\/\">+Honda recomenda troca de motor para Verstappen, mas\u00a0<\/a><a href=\"https:\/\/www.grandepremio.com\/br\/equipe\/f1\/2020\/red-bull-racing\/\" target=\"_blank\" rel=\"noreferrer noopener\">Red Bull<\/a><a href=\"https:\/\/www.grandepremio.com\/br\/f1\/noticias\/honda-recomenda-troca-motor-max-verstappen-arabia-saudita-red-bull-quer-evitar-punicao\/\">\u00a0quer evitar puni\u00e7\u00e3o<\/a><\/strong><\/p>\n\n\n\n<p class=\"wp-block-paragraph\">\u201cA Williams confirma que o diretor-executivo e chefe da equipe, Jost Capito, testou positive para Covid-19 antes de viajar para Jed\u00e1 para o GP da Ar\u00e1bia Saudita deste fim de semana\u201d, disse o comunicado. \u201cJost agora est\u00e1 seguindo o protocolo das autoridades de sa\u00fade do Reino Unido. N\u00e3o houve um impacto maior no pessoal da William Racing e a equipe continuar\u00e1 a operar na pista conforme o planejado\u201d, completou.<\/p>\n\n\n\n<p class=\"wp-block-paragraph\">No in\u00edcio de setembro, o <a href=\"https:\/\/www.grandepremio.com\/br\/f1\/noticias\/por-precaucao-williams-isola-jost-capito-do-paddock-zandvoort-apos-jantar-com-kimi-raikkonen\/\">dirigente tinha sido colocado em isolamento em Zandvoort ap\u00f3s um jantar com Kimi R\u00e4ikk\u00f6nen<\/a>, que foi afastado do GP da Holanda na ocasi\u00e3o ap\u00f3s testar positivo. Na \u00e9poca, Jost n\u00e3o tinha sido contaminado.<\/p>\n\n\n\n<p class=\"wp-block-paragraph\">De acordo com a plataforma Our World in Data, ligada \u00e0 universidade de Oxford, o Reino Unido enfrenta uma alta no n\u00famero de casos de Covid-19. Dados computados pela OMS (Organiza\u00e7\u00e3o Mundial de Sa\u00fade), mostram que o Reino Unido soma um total de 10.228.776 casos, com 144.969 mortes.<\/p>\n\n\n\n<p class=\"wp-block-paragraph\">A Williams, ali\u00e1s, chega para esta pen\u00faltima etapa da temporada ainda sob o impacto da <a href=\"https:\/\/www.grandepremio.com\/br\/f1\/noticias\/lenda-formula-1-frank-williams-morre-aos-79-anos-na-inglaterra\/\">morte de Frank Williams<\/a>, no \u00faltimo domingo, aos 79 anos.<\/p>\n\n\n\n<figure class=\"wp-block-embed is-type-video is-provider-youtube wp-block-embed-youtube wp-embed-aspect-16-9 wp-has-aspect-ratio\"><div class=\"wp-block-embed__wrapper\">\n<iframe loading=\"lazy\" title=\"OS CARROS MAIS IC\u00d4NICOS DA WILLIAMS E A F1 NA AR\u00c1BIA SAUDITA | TT GP #41\" width=\"500\" height=\"281\" src=\"https:\/\/www.youtube.com\/embed\/-zyhF8eIK6I?feature=oembed\" frameborder=\"0\" allow=\"accelerometer; autoplay; clipboard-write; encrypted-media; gyroscope; picture-in-picture; web-share\" referrerpolicy=\"strict-origin-when-cross-origin\" allowfullscreen><\/iframe>\n<\/div><figcaption>OS CARROS MAIS IC\u00d4NICOS DA WILLIAMS E A F1 NA AR\u00c1BIA SAUDITA | TT GP #41<\/figcaption><\/figure>\n","protected":false},"excerpt":{"rendered":"<p>Jost Capito testou positivo antes de viajar para Jed\u00e1 para a inaugural prova saudita e segue no Reino Unido cumprindo os protocolos estabelecidos pelas autoridades de sa\u00fade<\/p>\n","protected":false},"author":0,"featured_media":1000505473,"comment_status":"closed","ping_status":"closed","sticky":false,"template":"","format":"standard","meta":{"42wp_featured_image_caption":"","42wp_featured_image_credits":"","42wp_featured_video":"","42wp_featured_image_hidden":false,"42wp_authors_list":[],"footnotes":""},"categories":[2],"tags":[24858,147,156,24837,25536,29763,14195,215],"42wp_author":[47113],"class_list":["post-115920","post","type-post","status-publish","format-standard","has-post-thumbnail","hentry","category-f1","tag-covid-19","tag-f1","tag-f1-2021","tag-formula-1-2","tag-formula-1-2021-2","tag-formula-1-classificacao-2021","tag-jost-capito","tag-williams","42wp_author-juliana-tesser"],"_links":{"self":[{"href":"https:\/\/grandepremio.com\/br\/wp-json\/wp\/v2\/posts\/115920","targetHints":{"allow":["GET"]}}],"collection":[{"href":"https:\/\/grandepremio.com\/br\/wp-json\/wp\/v2\/posts"}],"about":[{"href":"https:\/\/grandepremio.com\/br\/wp-json\/wp\/v2\/types\/post"}],"replies":[{"embeddable":true,"href":"https:\/\/grandepremio.com\/br\/wp-json\/wp\/v2\/comments?post=115920"}],"version-history":[{"count":0,"href":"https:\/\/grandepremio.com\/br\/wp-json\/wp\/v2\/posts\/115920\/revisions"}],"wp:featuredmedia":[{"embeddable":true,"href":"https:\/\/grandepremio.com\/br\/wp-json\/wp\/v2\/media\/1000505473"}],"wp:attachment":[{"href":"https:\/\/grandepremio.com\/br\/wp-json\/wp\/v2\/media?parent=115920"}],"wp:term":[{"taxonomy":"category","embeddable":true,"href":"https:\/\/grandepremio.com\/br\/wp-json\/wp\/v2\/categories?post=115920"},{"taxonomy":"post_tag","embeddable":true,"href":"https:\/\/grandepremio.com\/br\/wp-json\/wp\/v2\/tags?post=115920"},{"taxonomy":"42wp_author","embeddable":true,"href":"https:\/\/grandepremio.com\/br\/wp-json\/wp\/v2\/42wp_author?post=115920"}],"curies":[{"name":"wp","href":"https:\/\/api.w.org\/{rel}","templated":true}]}}