{"id":115945,"date":"2021-12-01T08:28:52","date_gmt":"2021-12-01T11:28:52","guid":{"rendered":"https:\/\/grandepremio.com\/br\/noticias\/ktm-confirma-guidotti-como-substituto-de-leitner-na-chefia-da-equipe-na-motogp\/"},"modified":"2021-12-01T08:34:25","modified_gmt":"2021-12-01T11:34:25","slug":"ktm-confirma-guidotti-como-substituto-de-leitner-na-chefia-da-equipe-na-motogp","status":"publish","type":"post","link":"https:\/\/grandepremio.com\/br\/motogp\/ktm-confirma-guidotti-como-substituto-de-leitner-na-chefia-da-equipe-na-motogp\/","title":{"rendered":"KTM confirma Guidotti como substituto de Leitner na chefia da equipe na MotoGP"},"content":{"rendered":"\n<figure class=\"wp-block-embed is-type-video is-provider-youtube wp-block-embed-youtube wp-embed-aspect-16-9 wp-has-aspect-ratio\"><div class=\"wp-block-embed__wrapper\">\n<iframe loading=\"lazy\" title=\"DESCOMPLICADA E PERFEITINHA, DUCATI ACIONA ALARME DE RIVAIS NA MOTOGP | GP \u00e0s 10\" width=\"500\" height=\"281\" src=\"https:\/\/www.youtube.com\/embed\/GqyDfpGfMNI?feature=oembed\" frameborder=\"0\" allow=\"accelerometer; autoplay; clipboard-write; encrypted-media; gyroscope; picture-in-picture; web-share\" referrerpolicy=\"strict-origin-when-cross-origin\" allowfullscreen><\/iframe>\n<\/div><figcaption>DESCOMPLICADA E PERFEITINHA, DUCATI ACIONA ALARME DE RIVAIS NA MOTOGP | GP \u00e0s 10<\/figcaption><\/figure>\n\n\n\n<p class=\"wp-block-paragraph\">A KTM tem um novo chefe de equipe na MotoGP para 2022. A marca austr\u00edaca confirmou nesta quarta-feira (1) a contrata\u00e7\u00e3o de Francesco Guidotti para assumir o <a href=\"https:\/\/www.grandepremio.com\/br\/motogp\/noticias\/ktm-reorganiza-comando-motogp-anuncia-saida-mike-leitner-chefia\/\">posto deixado vago por Mike Leitner<\/a>. Trata-se na verdade de um reencontro entre o italiano e a marca.<\/p>\n\n\n\n<p class=\"wp-block-paragraph\">O italiano de 49 anos supervisionou a marca austr\u00edaca no Mundial de Motovelocidade por quatro anos na \u00e9poca das extintas 125cc e 250cc. Depois, passou dois anos no Mundial de Superbike. Desde de 2012, Guidotti atuava como chefe da Pramac, equipe sat\u00e9lite da Ducati.<\/p>\n\n\n\n<p class=\"wp-block-paragraph\"><strong>\u25b6\ufe0f\u00a0Inscreva-se nos dois canais do GRANDE PR\u00caMIO no YouTube:\u00a0<a href=\"https:\/\/www.youtube.com\/channel\/UC9OlHEgxoaY6QY6nWPoiqQg?sub_confirmation=1\" target=\"_blank\" rel=\"noreferrer noopener\">GP<\/a>\u00a0|\u00a0<a href=\"https:\/\/www.youtube.com\/channel\/UC9csiS6q_C3C0FYhyr1rnFA?sub_confirmation=1\" target=\"_blank\" rel=\"noreferrer noopener\">GP2<\/a><\/strong><\/p>\n\n\n\n<figure class=\"wp-block-image size-large\"><img decoding=\"async\" src=\"https:\/\/www.grandepremio.com\/br\/wp-content\/uploads\/2021\/12\/Francesco-Guidotti-Pit-Beirer-1024x683.jpg\" alt=\"\" class=\"wp-image-528968\"\/><figcaption>Francesco Guidotti e Pit Beirer assinaram o acordo (Foto: KTM)<\/figcaption><\/figure>\n\n\n\n<p class=\"wp-block-paragraph\"><strong>RANKING GP<\/strong><br><strong>#\u00a0<a href=\"https:\/\/www.grandepremio.com\/br\/web-stories\/motogp\/ranking-gp-notas-pilotos-motogp-temporada-2021\/\">As notas dos pilotos da\u00a0<\/a><a href=\"https:\/\/www.grandepremio.com\/br\/motogp\/\" target=\"_blank\" rel=\"noreferrer noopener\">MotoGP<\/a><a href=\"https:\/\/www.grandepremio.com\/br\/web-stories\/motogp\/ranking-gp-notas-pilotos-motogp-temporada-2021\/\">\u00a0na temporada 2021<\/a><\/strong><\/p>\n\n\n\n<figure class=\"wp-block-embed is-type-rich is-provider-spotify wp-block-embed-spotify wp-embed-aspect-21-9 wp-has-aspect-ratio\"><div class=\"wp-block-embed__wrapper\">\n<iframe title=\"Spotify Embed: Paddockast Especial | A hist\u00f3ria e o legado de Valentino Rossi\" style=\"border-radius: 12px\" width=\"100%\" height=\"152\" frameborder=\"0\" allowfullscreen allow=\"autoplay; clipboard-write; encrypted-media; fullscreen; picture-in-picture\" loading=\"lazy\" src=\"https:\/\/open.spotify.com\/embed\/episode\/1l3VDDFecOWPNXL1jAlyxS?utm_source=oembed\"><\/iframe>\n<\/div><\/figure>\n\n\n\n<p class=\"wp-block-paragraph\">A chegada de Guidotti para assumir o posto que era de Leitner n\u00e3o chega como novidade, j\u00e1 que tinha sido antecipada na semana passada pelo jornal italiano La Gazzetta dello Sport.<\/p>\n\n\n\n<p class=\"wp-block-paragraph\">\u201cFui chefe de equipe da KTM entre 2006 e 2009 e a\u00ed acumulei uma valiosa experi\u00eancia em outro campeonato antes de voltar \u00e0 MotoGP. Agora posso completar o c\u00edrculo!\u201d, disse Guidotti. \u201cA KTM sempre foi muito ambiciosa e faminta em seus programas de corrida e podemos ver que isso n\u00e3o \u00e9 diferente na MotoGP\u201d, seguiu.<\/p>\n\n\n\n<p class=\"wp-block-paragraph\">\u201c\u00c9 incr\u00edvel o que eles conquistaram em t\u00e3o pouco tempo e ainda h\u00e1 muito que fazer. Estou muito feliz em estar de volta e em fazer parte desta luta por mais sucesso\u201d, completou.<\/p>\n\n\n\n<p class=\"wp-block-paragraph\">Direto da divis\u00e3o esportiva da KTM, Pit Beirer ressaltou que Francesco conhece a filosofia da KTM e apostou que o italiano da Toscana d\u00e1 uma contribui\u00e7\u00e3o para levar a marca austr\u00edaca a um novo momento.<\/p>\n\n\n\n<p class=\"wp-block-paragraph\">\u201c\u00c9 um prazer ter Francesco de volta conosco e algu\u00e9m que conhece nossa cultura e maneira de correr da KTM\u201d, come\u00e7ou Beirer. \u201cN\u00f3s quer\u00edamos renovar nossa estrutura de gest\u00e3o na MotoGP e sentimos que a contribui\u00e7\u00e3o e as ideias dele nos dar\u00e3o um novo momento na nossa sexta temporada no grid\u201d, apostou.<\/p>\n\n\n\n<p class=\"wp-block-paragraph\">\u201cCom pessoas como Francesco, Fabiano Sterlacchini, Herv\u00e9 Poncharal, Jens Hainbach e Aki Jo, sabemos que temos a melhor lideran\u00e7a para nos ajudar a renovar e atingir mais marcos para a companhia na MotoGP\u201d, concluiu.<\/p>\n\n\n\n<p class=\"wp-block-paragraph\">A KTM teve uma temporada decepcionante em 2021. Depois de tr\u00eas vit\u00f3rias no ano passado, a casa austr\u00edaca celebrou um triunfo de Miguel Oliveira e outro de Brad Binder, mas, no geral, <a href=\"https:\/\/www.grandepremio.com\/br\/motogp\/noticias\/ktm-vence-decepciona-abaixo-expectativa-temporada-2021-motogp\/\">teve um ano de performance fraca da RC16<\/a>.<\/p>\n\n\n\n<p class=\"wp-block-paragraph\"><strong>LEIA TAMB\u00c9M<\/strong><br>#\u00a0<strong><a href=\"https:\/\/www.grandepremio.com\/br\/motogp\/noticias\/ducati-jejum-mostra-forca-inedita-motogp-assusta-2022\/\">Ducati segue no jejum, mas mostra for\u00e7a in\u00e9dita na\u00a0<\/a><a href=\"https:\/\/www.grandepremio.com\/br\/motogp\/\" target=\"_blank\" rel=\"noreferrer noopener\">MotoGP<\/a><a href=\"https:\/\/www.grandepremio.com\/br\/motogp\/noticias\/ducati-jejum-mostra-forca-inedita-motogp-assusta-2022\/\">\u00a0e j\u00e1 assusta para 2022<\/a><\/strong><br>#\u00a0<strong><a href=\"https:\/\/www.grandepremio.com\/br\/equipe\/motogp\/2020\/monster-energy-yamaha-motogp\/\" target=\"_blank\" rel=\"noreferrer noopener\">Yamaha<\/a><a href=\"https:\/\/www.grandepremio.com\/br\/motogp\/noticias\/yamaha-vence-com-fabio-quartararo-mas-precisa-ficar-alerta-deficiencias-motogp-2022\/\">\u00a0vence com Quartararo, mas precisa ficar alerta com defici\u00eancias para 2022<\/a><\/strong><br>#\u00a0<strong><a href=\"https:\/\/www.grandepremio.com\/br\/motogp\/noticias\/suzuki-estaciona-sem-comando-davide-brivio-faz-temporada-apagada-motogp-2021\/\">Suzuki estaciona sem comando de Brivio e faz temporada apagada na MotoGP 2021<\/a><\/strong><br>#\u00a0<strong><a href=\"https:\/\/www.grandepremio.com\/br\/motogp\/noticias\/marc-marquez-mais-menos-honda-sofre-motogp-busca-rumo-2022\/\">Com\u00a0M\u00e1rquez\u00a0mais ou menos, Honda sofre na MotoGP e busca rumo para 2022<\/a><\/strong><br>#\u00a0<strong><a href=\"https:\/\/www.grandepremio.com\/br\/motogp\/noticias\/ktm-vence-decepciona-abaixo-expectativa-temporada-2021-motogp\/\">KTM at\u00e9 vence, mas decepciona e fica abaixo da expectativa na MotoGP em 2021<\/a><\/strong><br>#\u00a0<strong><a href=\"https:\/\/www.grandepremio.com\/br\/motogp\/noticias\/aprilia-cresce-com-podio-mas-construcao-de-dupla-forte-pilotos-grande-acerto-2021\/\">Aprilia cresce com p\u00f3dio, mas constru\u00e7\u00e3o de dupla forte de pilotos \u00e9 grande acerto<\/a><\/strong><br># <strong><a href=\"https:\/\/www.grandepremio.com\/br\/motogp\/noticias\/efeito-drive-to-survive-motogp-escolhe-momento-ideal-serie-streaming\/\">Por efeito \u2018Drive to Survive\u2019, MotoGP escolhe momento ideal para s\u00e9rie no streaming<\/a><\/strong><\/p>\n\n\n\n<figure class=\"wp-block-image\"><a href=\"https:\/\/www.grandepremio.com\/br\/valentino-rossi-46\/\"><img decoding=\"async\" src=\"https:\/\/www.grandepremio.com\/br\/wp-content\/uploads\/2020\/05\/WhatsApp-Image-2021-11-16-at-10.55.29-1024x486.jpeg\" alt=\"\" class=\"wp-image-526003\"\/><\/a><figcaption><a href=\"https:\/\/www.grandepremio.com\/br\/valentino-rossi-46\/\"><strong>GRANDE PR\u00caMIO<\/strong>&nbsp;lan\u00e7a especial que celebra carreira de Valentino Rossi.&nbsp;<strong>ACESSE<\/strong><\/a><\/figcaption><\/figure>\n\n\n\n<figure class=\"wp-block-embed is-type-video is-provider-youtube wp-block-embed-youtube wp-embed-aspect-16-9 wp-has-aspect-ratio\"><div class=\"wp-block-embed__wrapper\">\n<iframe loading=\"lazy\" title=\"O QUE ESPERAR DE PETRUCCI NA NOVA AVENTURA NO DAKAR | GP \u00e0s 10\" width=\"500\" height=\"281\" src=\"https:\/\/www.youtube.com\/embed\/sbdE1f1B_Jk?feature=oembed\" frameborder=\"0\" allow=\"accelerometer; autoplay; clipboard-write; encrypted-media; gyroscope; picture-in-picture; web-share\" referrerpolicy=\"strict-origin-when-cross-origin\" allowfullscreen><\/iframe>\n<\/div><figcaption>O QUE ESPERAR DE PETRUCCI NA NOVA AVENTURA NO DAKAR | GP \u00e0s 10<\/figcaption><\/figure>\n","protected":false},"excerpt":{"rendered":"<p>A casa de Mattighofen confirmou nesta quarta-feira (1) a chegada do ex-Pramac para assumir a chefia da equipe na MotoGP<\/p>\n","protected":false},"author":0,"featured_media":1000502890,"comment_status":"closed","ping_status":"closed","sticky":false,"template":"","format":"standard","meta":{"42wp_featured_image_caption":"","42wp_featured_image_credits":"","42wp_featured_video":"","42wp_featured_image_hidden":false,"42wp_authors_list":[],"footnotes":""},"categories":[8],"tags":[27212,24854,132,79,78,490,28765,28764,25819,28345,28766,26690],"42wp_author":[47113],"class_list":["post-115945","post","type-post","status-publish","format-standard","has-post-thumbnail","hentry","category-motogp","tag-calendario-motogp-2021","tag-classificacao-motogp-2","tag-ktm","tag-moto-gp","tag-motogp","tag-motogp-2021","tag-motogp-2021-calendario","tag-motogp-classificacao-2021","tag-motogp-hoje","tag-motogp-horarios","tag-motogp-standings","tag-pilotos-motogp","42wp_author-juliana-tesser"],"_links":{"self":[{"href":"https:\/\/grandepremio.com\/br\/wp-json\/wp\/v2\/posts\/115945","targetHints":{"allow":["GET"]}}],"collection":[{"href":"https:\/\/grandepremio.com\/br\/wp-json\/wp\/v2\/posts"}],"about":[{"href":"https:\/\/grandepremio.com\/br\/wp-json\/wp\/v2\/types\/post"}],"replies":[{"embeddable":true,"href":"https:\/\/grandepremio.com\/br\/wp-json\/wp\/v2\/comments?post=115945"}],"version-history":[{"count":0,"href":"https:\/\/grandepremio.com\/br\/wp-json\/wp\/v2\/posts\/115945\/revisions"}],"wp:featuredmedia":[{"embeddable":true,"href":"https:\/\/grandepremio.com\/br\/wp-json\/wp\/v2\/media\/1000502890"}],"wp:attachment":[{"href":"https:\/\/grandepremio.com\/br\/wp-json\/wp\/v2\/media?parent=115945"}],"wp:term":[{"taxonomy":"category","embeddable":true,"href":"https:\/\/grandepremio.com\/br\/wp-json\/wp\/v2\/categories?post=115945"},{"taxonomy":"post_tag","embeddable":true,"href":"https:\/\/grandepremio.com\/br\/wp-json\/wp\/v2\/tags?post=115945"},{"taxonomy":"42wp_author","embeddable":true,"href":"https:\/\/grandepremio.com\/br\/wp-json\/wp\/v2\/42wp_author?post=115945"}],"curies":[{"name":"wp","href":"https:\/\/api.w.org\/{rel}","templated":true}]}}