{"id":115947,"date":"2021-12-01T05:00:00","date_gmt":"2021-12-01T08:00:00","guid":{"rendered":"https:\/\/grandepremio.com\/br\/noticias\/caio-collet-confirma-permanencia-academia-alpine-foca-titulo-f3-2022\/"},"modified":"2021-11-30T17:37:24","modified_gmt":"2021-11-30T20:37:24","slug":"caio-collet-confirma-permanencia-academia-alpine-foca-titulo-f3-2022","status":"publish","type":"post","link":"https:\/\/grandepremio.com\/br\/f3\/caio-collet-confirma-permanencia-academia-alpine-foca-titulo-f3-2022\/","title":{"rendered":"Collet confirma perman\u00eancia na academia da Alpine e foca no t\u00edtulo da F3 2022"},"content":{"rendered":"\n<figure class=\"wp-block-embed is-type-video is-provider-youtube wp-block-embed-youtube wp-embed-aspect-16-9 wp-has-aspect-ratio\"><div class=\"wp-block-embed__wrapper\">\n<iframe loading=\"lazy\" title=\"KIKO PORTO PERTO DO T\u00cdTULO E CAIO COLLET VAI BEM NA F3 | GIRO BR #24\" width=\"500\" height=\"281\" src=\"https:\/\/www.youtube.com\/embed\/nwny2X1x_hY?feature=oembed\" frameborder=\"0\" allow=\"accelerometer; autoplay; clipboard-write; encrypted-media; gyroscope; picture-in-picture; web-share\" referrerpolicy=\"strict-origin-when-cross-origin\" allowfullscreen><\/iframe>\n<\/div><\/figure>\n\n\n\n<p class=\"wp-block-paragraph\">Caio Collet faz parte do programa de jovens pilotos da Alpine e \u00e9 uma das principais esperan\u00e7as do Brasil por uma vaga na F\u00f3rmula 1 nas pr\u00f3ximas temporadas. Nono na F3 2021 com dois p\u00f3dios conquistados, o paulista parte para 2022 atr\u00e1s da disputa da ta\u00e7a da categoria e, consequentemente, da vaga na F2 em 2023.<\/p>\n\n\n\n<p class=\"wp-block-paragraph\">Em entrevista exclusiva ao <strong>GRANDE PR\u00caMIO<\/strong>, o piloto de 19 anos confirmou que segue com a Alpine no ano que vem, ainda que n\u00e3o tenha fechado oficialmente com algum time para a F3 2022.<\/p>\n\n\n\n<p class=\"wp-block-paragraph\">&#8220;Seguiremos juntos no ano que vem. Ainda estamos acertando os detalhes, mas sigo na academia para 2022 e o objetivo n\u00e3o muda: \u00e9 buscar o t\u00edtulo da F\u00f3rmula 3&#8221;, afirmou Caio.<\/p>\n\n\n\n<figure class=\"wp-block-image size-large\"><img decoding=\"async\" src=\"https:\/\/www.grandepremio.com\/br\/wp-content\/uploads\/2021\/06\/Caio-Collet-6-e1624377255181-1024x805.jpg\" alt=\"CAIO COLLET; F\u00d3RMULA 3; PAUL RICARD; CORRIDA 3;\" class=\"wp-image-486000\"\/><figcaption>Caio Collet fez dois p\u00f3dios neste seu ano de estreia na F\u00f3rmula 3, apoiado pela Alpine (Foto: Sebastiaan Rozendaal\/Dutch Photo Agency)<\/figcaption><\/figure>\n\n\n\n<p class=\"wp-block-paragraph\">Collet, que admitiu que a temporada 2021, de estreia na F3, &#8220;deixou um pouquinho a desejar&#8221;, espera encarar 2022 mais pronto, conhecendo melhor o terreno em que est\u00e1 pisando. No fim, Caio ainda foi o segundo melhor novato, perdendo apenas para Victor Martins, companheiro na MP e rival de muitos anos em outras categorias.<\/p>\n\n\n\n<p class=\"wp-block-paragraph\">&#8220;\u00c9 o que a gente tem em mente [melhorar no segundo ano de categoria], como foi o que aconteceu l\u00e1 na F-Renault, quando ganhei o t\u00edtulo de novatos no primeiro ano e, no segundo, disputei o t\u00edtulo at\u00e9 o fim, acabando vice. \u00c9 meu objetivo, claro. Ainda n\u00e3o tenho equipe fechada, mas \u00e9 meu objetivo pessoal e de todos que est\u00e3o ao meu lado: batalhar pelo t\u00edtulo at\u00e9 o final e tentar trazer esse para o Brasil&#8221;, completou.<\/p>\n\n\n\n<p class=\"wp-block-paragraph\"><strong>\u25b6\ufe0f\u00a0Inscreva-se nos dois canais do GRANDE PR\u00caMIO no YouTube:\u00a0<a href=\"https:\/\/www.youtube.com\/channel\/UC9OlHEgxoaY6QY6nWPoiqQg?sub_confirmation=1\" target=\"_blank\" rel=\"noreferrer noopener\">GP<\/a>\u00a0|\u00a0<a href=\"https:\/\/www.youtube.com\/channel\/UC9csiS6q_C3C0FYhyr1rnFA?sub_confirmation=1\" target=\"_blank\" rel=\"noreferrer noopener\">GP2<\/a><\/strong><\/p>\n\n\n\n<p class=\"wp-block-paragraph\"><strong>LEIA TAMB\u00c9M<\/strong><br><strong><a href=\"https:\/\/www.grandepremio.com\/br\/f1\/noticias\/honda-recomenda-troca-motor-max-verstappen-arabia-saudita-red-bull-quer-evitar-punicao\/\">+Honda recomenda troca de motor para Verstappen, mas\u00a0<\/a><a href=\"https:\/\/www.grandepremio.com\/br\/equipe\/f1\/2020\/red-bull-racing\/\" target=\"_blank\" rel=\"noreferrer noopener\">Red Bull<\/a>\u00a0quer evitar puni\u00e7\u00e3o<\/strong><\/p>\n\n\n\n<figure class=\"wp-block-embed is-type-video is-provider-youtube wp-block-embed-youtube wp-embed-aspect-16-9 wp-has-aspect-ratio\"><div class=\"wp-block-embed__wrapper\">\n<iframe loading=\"lazy\" title=\"CAIO COLLET FECHA TEMPORADA NA F3. COMO FOI O DESEMPENHO? | GP \u00e0s 10\" width=\"500\" height=\"281\" src=\"https:\/\/www.youtube.com\/embed\/2p-tXBg7SGQ?feature=oembed\" frameborder=\"0\" allow=\"accelerometer; autoplay; clipboard-write; encrypted-media; gyroscope; picture-in-picture; web-share\" referrerpolicy=\"strict-origin-when-cross-origin\" allowfullscreen><\/iframe>\n<\/div><\/figure>\n","protected":false},"excerpt":{"rendered":"<p>Caio Collet confirmou ao GRANDE PR\u00caMIO que seguir\u00e1 no programa de jovens da Alpine em 2022 e admitiu que a meta n\u00e3o pode ser outra que n\u00e3o a ta\u00e7a da F\u00f3rmula 3 na pr\u00f3xima temporada<\/p>\n","protected":false},"author":0,"featured_media":1000512093,"comment_status":"closed","ping_status":"closed","sticky":false,"template":"","format":"standard","meta":{"42wp_featured_image_caption":"","42wp_featured_image_credits":"","42wp_featured_video":"","42wp_featured_image_hidden":false,"42wp_authors_list":[],"footnotes":""},"categories":[10],"tags":[20491,448,1008,26641,29657,24945,26907,29653,486],"42wp_author":[47117],"class_list":["post-115947","post","type-post","status-publish","format-standard","has-post-thumbnail","hentry","category-f3","tag-alpine","tag-caio-collet","tag-f3","tag-f3-2021","tag-f3-2022","tag-formula-3-2","tag-formula-3-2021","tag-formula-3-2022","tag-victor-martins","42wp_author-gabriel-curty"],"_links":{"self":[{"href":"https:\/\/grandepremio.com\/br\/wp-json\/wp\/v2\/posts\/115947","targetHints":{"allow":["GET"]}}],"collection":[{"href":"https:\/\/grandepremio.com\/br\/wp-json\/wp\/v2\/posts"}],"about":[{"href":"https:\/\/grandepremio.com\/br\/wp-json\/wp\/v2\/types\/post"}],"replies":[{"embeddable":true,"href":"https:\/\/grandepremio.com\/br\/wp-json\/wp\/v2\/comments?post=115947"}],"version-history":[{"count":0,"href":"https:\/\/grandepremio.com\/br\/wp-json\/wp\/v2\/posts\/115947\/revisions"}],"wp:featuredmedia":[{"embeddable":true,"href":"https:\/\/grandepremio.com\/br\/wp-json\/wp\/v2\/media\/1000512093"}],"wp:attachment":[{"href":"https:\/\/grandepremio.com\/br\/wp-json\/wp\/v2\/media?parent=115947"}],"wp:term":[{"taxonomy":"category","embeddable":true,"href":"https:\/\/grandepremio.com\/br\/wp-json\/wp\/v2\/categories?post=115947"},{"taxonomy":"post_tag","embeddable":true,"href":"https:\/\/grandepremio.com\/br\/wp-json\/wp\/v2\/tags?post=115947"},{"taxonomy":"42wp_author","embeddable":true,"href":"https:\/\/grandepremio.com\/br\/wp-json\/wp\/v2\/42wp_author?post=115947"}],"curies":[{"name":"wp","href":"https:\/\/api.w.org\/{rel}","templated":true}]}}