{"id":115960,"date":"2021-11-30T12:04:44","date_gmt":"2021-11-30T15:04:44","guid":{"rendered":"https:\/\/grandepremio.com\/br\/noticias\/ruben-cardenas-supera-adversarios-inicio-vence-etapa-alsace-pro1\/"},"modified":"2021-11-30T12:04:49","modified_gmt":"2021-11-30T15:04:49","slug":"ruben-cardenas-supera-adversarios-inicio-vence-etapa-alsace-pro1","status":"publish","type":"post","link":"https:\/\/grandepremio.com\/br\/esports\/ruben-cardenas-supera-adversarios-inicio-vence-etapa-alsace-pro1\/","title":{"rendered":"Cardenas supera advers\u00e1rios no in\u00edcio e vence etapa de Alsace da Pro1"},"content":{"rendered":"\n<p class=\"wp-block-paragraph\">Em parceria com o\u00a0<strong>GRANDE PR\u00caMIO<\/strong>, a ApexGT Racing League (ARL) realizou a sexta etapa da oitava temporada da categoria Pro1, principal competi\u00e7\u00e3o de GT Sport do Brasil.\u00a0Na prova disputada na \u00faltima segunda-feira (29), no circuito de Alsace, na Fran\u00e7a, a vit\u00f3ria ficou nas m\u00e3os do panamenho Ruben Cardenas. Foi o primeiro triunfo na temporada.<\/p>\n\n\n\n<p class=\"wp-block-paragraph\">Piloto da SVV, Cardenas largou na terceira posi\u00e7\u00e3o e superou os concorrentes Paulo Nagai e Bosco Morbeck ainda nas voltas iniciais. Tamb\u00e9m soube se valer da melhor estrat\u00e9gia na hora da troca de pneus. Nagai e Vin\u00edcius Neto fecharam o p\u00f3dio.<\/p>\n\n\n\n<p class=\"wp-block-paragraph\"><strong>\u25b6\ufe0f\u00a0Inscreva-se nos dois canais do GRANDE PR\u00caMIO no YouTube:\u00a0<a href=\"https:\/\/www.youtube.com\/channel\/UC9OlHEgxoaY6QY6nWPoiqQg?sub_confirmation=1\" target=\"_blank\" rel=\"noreferrer noopener\">GP<\/a>\u00a0|\u00a0<a href=\"https:\/\/www.youtube.com\/channel\/UC9csiS6q_C3C0FYhyr1rnFA?sub_confirmation=1\" target=\"_blank\" rel=\"noreferrer noopener\">GP2<\/a><\/strong><\/p>\n\n\n\n<figure class=\"wp-block-image size-large\"><img decoding=\"async\" src=\"https:\/\/www.grandepremio.com\/br\/wp-content\/uploads\/2021\/11\/7143281932029166608_0-1024x576.jpg\" alt=\"\" class=\"wp-image-528847\"\/><figcaption>Ruben Cardenas venceu em Alsace (Foto: GT Sport\/ApexGT)<\/figcaption><\/figure>\n\n\n\n<p class=\"wp-block-paragraph\"><strong>Conhe\u00e7a o canal do Grande Pr\u00eamio no YouTube! Clique\u00a0<a target=\"_blank\" href=\"https:\/\/youtube.com\/GrandePremioTV\" rel=\"noreferrer noopener\">aqui<\/a>.<br>Siga o Grande Pr\u00eamio no\u00a0<a target=\"_blank\" href=\"https:\/\/twitter.com\/grandepremio\" rel=\"noreferrer noopener\">Twitter\u00a0<\/a>e no\u00a0<a target=\"_blank\" href=\"https:\/\/instagram.com\/grandepremio\" rel=\"noreferrer noopener\">Instagram<\/a>!<\/strong><\/p>\n\n\n\n<p class=\"wp-block-paragraph\">Marcos Lima foi quarto, seguido por Arthur Nunes e pelo l\u00edder do campeonato Angel Inostroza. Rafael Brej\u00e3o, Leonardo Martins, Rodrigo Lorenzo e Bosco Morbeck fecharam o top-10.<\/p>\n\n\n\n<p class=\"wp-block-paragraph\">O p\u00f3dio manteve Vin\u00edcius Neto na disputa pelo t\u00edtulo, reduzindo a vantagem de Inostroza para 29 pontos. A final da temporada 8 ser\u00e1 realizada no dia 6 de dezembro, no circuito fict\u00edcio de Dragon Trail, na Cro\u00e1cia. O\u00a0<strong>GRANDE PR\u00caMIO<\/strong>\u00a0transmite\u00a0<a href=\"https:\/\/formula1aovivo.com\/\" target=\"_blank\" rel=\"noreferrer noopener\">ao vivo<\/a>\u00a0no YouTube.<\/p>\n\n\n\n<p class=\"wp-block-paragraph\"><strong>Confira a reprise da prova:<\/strong><\/p>\n\n\n\n<figure class=\"wp-block-embed is-type-video is-provider-youtube wp-block-embed-youtube wp-embed-aspect-16-9 wp-has-aspect-ratio\"><div class=\"wp-block-embed__wrapper\">\n<iframe loading=\"lazy\" title=\"GRAN TURISMO SPORT | DIVIS\u00c3O PR\u00d3 1 ARL - APEX GT\/GRANDE PR\u00caMIO | 6\u00aa ETAPA\" width=\"500\" height=\"281\" src=\"https:\/\/www.youtube.com\/embed\/7tDnezMaBPM?feature=oembed\" frameborder=\"0\" allow=\"accelerometer; autoplay; clipboard-write; encrypted-media; gyroscope; picture-in-picture; web-share\" referrerpolicy=\"strict-origin-when-cross-origin\" allowfullscreen><\/iframe>\n<\/div><figcaption>GRAN TURISMO SPORT | DIVIS\u00c3O PR\u00d3 1 ARL &#8211; APEX GT\/GRANDE PR\u00caMIO | 6\u00aa ETAPA<\/figcaption><\/figure>\n\n\n\n<p class=\"wp-block-paragraph\"><strong>Confira a classifica\u00e7\u00e3o do campeonato:<\/strong><\/p>\n\n\n\n<figure class=\"wp-block-table\"><table><tbody><tr><td>&nbsp;<\/td><td>&nbsp;<\/td><td>&nbsp;<\/td><td>Vit\u00f3rias<\/td><td>Pontos<\/td><\/tr><tr><td>1<\/td><td>Angel Inostroza<\/td><td>Yasheat<\/td><td>4<\/td><td>162<\/td><\/tr><tr><td>2<\/td><td>Vinicius Neto<\/td><td>Spartan<\/td><td>0<\/td><td>133<\/td><\/tr><tr><td>3<\/td><td>Adriano Carrazza<\/td><td>KOA<\/td><td>0<\/td><td>97<\/td><\/tr><tr><td>4<\/td><td>Arthur Nunes<\/td><td>GRID<\/td><td>0<\/td><td>85<\/td><\/tr><tr><td>5<\/td><td>Rafael Brej\u00e3o<\/td><td>USR<\/td><td>1<\/td><td>82<\/td><\/tr><tr><td>6<\/td><td>Jo\u00e3o Pess\u00f4a<\/td><td>GRID<\/td><td>0<\/td><td>78<\/td><\/tr><tr><td>7<\/td><td>Ruben Cardenas<\/td><td>SVV<\/td><td>1<\/td><td>75<\/td><\/tr><tr><td>8<\/td><td>Marcos Lima<\/td><td>USR<\/td><td>0<\/td><td>66<\/td><\/tr><tr><td>9<\/td><td>Fernando Uhlick<\/td><td>MYTH<\/td><td>0<\/td><td>64<\/td><\/tr><tr><td>10<\/td><td>Paulo Nagai<\/td><td>GRID<\/td><td>0<\/td><td>60<\/td><\/tr><tr><td>11<\/td><td>Leonardo Martins<\/td><td>GRID<\/td><td>0<\/td><td>47<\/td><\/tr><tr><td>12<\/td><td>Douglas Soarez<\/td><td>SVRT<\/td><td>0<\/td><td>47<\/td><\/tr><tr><td>13<\/td><td>Rodrigo Lorenzo<\/td><td>KOA<\/td><td>0<\/td><td>46<\/td><\/tr><tr><td>14<\/td><td>Ariel Todi<\/td><td>DVM<\/td><td>0<\/td><td>21<\/td><\/tr><tr><td>15<\/td><td>Bosco Morbeck<\/td><td>GRID<\/td><td>0<\/td><td>17<\/td><\/tr><\/tbody><\/table><\/figure>\n","protected":false},"excerpt":{"rendered":"<p>Ruben Cardenas ultrapassou oponentes nas voltas iniciais e saiu com a vit\u00f3ria na pen\u00faltima etapa da temporada 8 da ARL. Angel Inostroza segue l\u00edder antes da corrida final<\/p>\n","protected":false},"author":0,"featured_media":1000528849,"comment_status":"closed","ping_status":"closed","sticky":false,"template":"","format":"standard","meta":{"42wp_featured_image_caption":"","42wp_featured_image_credits":"","42wp_featured_video":"","42wp_featured_image_hidden":false,"42wp_authors_list":[],"footnotes":""},"categories":[34],"tags":[],"42wp_author":[47119],"class_list":["post-115960","post","type-post","status-publish","format-standard","has-post-thumbnail","hentry","category-esports","42wp_author-gabriel-carvalho"],"_links":{"self":[{"href":"https:\/\/grandepremio.com\/br\/wp-json\/wp\/v2\/posts\/115960","targetHints":{"allow":["GET"]}}],"collection":[{"href":"https:\/\/grandepremio.com\/br\/wp-json\/wp\/v2\/posts"}],"about":[{"href":"https:\/\/grandepremio.com\/br\/wp-json\/wp\/v2\/types\/post"}],"replies":[{"embeddable":true,"href":"https:\/\/grandepremio.com\/br\/wp-json\/wp\/v2\/comments?post=115960"}],"version-history":[{"count":0,"href":"https:\/\/grandepremio.com\/br\/wp-json\/wp\/v2\/posts\/115960\/revisions"}],"wp:featuredmedia":[{"embeddable":true,"href":"https:\/\/grandepremio.com\/br\/wp-json\/wp\/v2\/media\/1000528849"}],"wp:attachment":[{"href":"https:\/\/grandepremio.com\/br\/wp-json\/wp\/v2\/media?parent=115960"}],"wp:term":[{"taxonomy":"category","embeddable":true,"href":"https:\/\/grandepremio.com\/br\/wp-json\/wp\/v2\/categories?post=115960"},{"taxonomy":"post_tag","embeddable":true,"href":"https:\/\/grandepremio.com\/br\/wp-json\/wp\/v2\/tags?post=115960"},{"taxonomy":"42wp_author","embeddable":true,"href":"https:\/\/grandepremio.com\/br\/wp-json\/wp\/v2\/42wp_author?post=115960"}],"curies":[{"name":"wp","href":"https:\/\/api.w.org\/{rel}","templated":true}]}}