{"id":115989,"date":"2021-11-29T06:58:56","date_gmt":"2021-11-29T09:58:56","guid":{"rendered":"https:\/\/grandepremio.com\/br\/noticias\/mercedes-layout-temporada-despedida-defesa-do-titulo-formula-e\/"},"modified":"2021-11-29T06:59:05","modified_gmt":"2021-11-29T09:59:05","slug":"mercedes-layout-temporada-despedida-defesa-do-titulo-formula-e","status":"publish","type":"post","link":"https:\/\/grandepremio.com\/br\/formula-e\/mercedes-layout-temporada-despedida-defesa-do-titulo-formula-e\/","title":{"rendered":"Mercedes revela layout para temporada de despedida e defesa do t\u00edtulo na F\u00f3rmula E"},"content":{"rendered":"\n<figure class=\"wp-block-embed is-type-video is-provider-youtube wp-block-embed-youtube wp-embed-aspect-16-9 wp-has-aspect-ratio\"><div class=\"wp-block-embed__wrapper\">\n<iframe loading=\"lazy\" title=\"MERCEDES DEVERIA TROCAR BOTTAS POR RUSSELL NA RETA FINAL DA F1 2021?\" width=\"500\" height=\"281\" src=\"https:\/\/www.youtube.com\/embed\/Rr_a1IMd5sc?feature=oembed\" frameborder=\"0\" allow=\"accelerometer; autoplay; clipboard-write; encrypted-media; gyroscope; picture-in-picture; web-share\" referrerpolicy=\"strict-origin-when-cross-origin\" allowfullscreen><\/iframe>\n<\/div><figcaption>MERCEDES DEVERIA TROCAR BOTTAS POR RUSSELL NA RETA FINAL DA F1 2021?<\/figcaption><\/figure>\n\n\n\n<p class=\"wp-block-paragraph\">A F\u00f3rmula E acelera a partir desta segunda-feira (29) para a abertura dos testes de pr\u00e9-temporada no aut\u00f3dromo Ricardo Tormo, em Val\u00eancia, na Espanha. Campe\u00e3 entre as equipes e com Nyck de Vries em 2021, a Mercedes abre sua jornada pela defesa dos dois t\u00edtulos da categoria dos carros el\u00e9tricos justamente no ano em que vai se despedir do certame. No \u00faltimo fim de semana, \u00e0s v\u00e9speras do in\u00edcio dos testes, a campe\u00e3 revelou o habitual layout prateado com o qual vai disputar a temporada 2022 com De Vries e Stoffel Vandoorne.<\/p>\n\n\n\n<p class=\"wp-block-paragraph\">O Mercedes Silver Arrow 02 tem as mesmas bases da temporada passada, mas ganhou, al\u00e9m pequenas atualiza\u00e7\u00f5es no layout, tamb\u00e9m uma mudan\u00e7a no software para garantir o aumento de pot\u00eancia no modo corrida em 20 kW, como manda o regulamento para a oitava temporada da F\u00f3rmula E, a \u00faltima da chamada Gen2 dos carros da categoria.<\/p>\n\n\n\n<p class=\"wp-block-paragraph\"><strong>LEIA TAMB\u00c9M<\/strong><br><strong><a href=\"https:\/\/www.grandepremio.com\/br\/f1\/noticias\/lenda-formula-1-frank-williams-morre-aos-79-anos-na-inglaterra\/\">+Lenda da F\u00f3rmula 1, Frank Williams morre aos 79 anos na Inglaterra<\/a><\/strong><br><strong><a href=\"https:\/\/www.grandepremio.com\/br\/f1\/noticias\/lendario-amado-respeitado-mundo-esporte-motor-reage-morte-frank-williams\/\">+Lend\u00e1rio, amado e respeitado: mundo do esporte a motor reage \u00e0 morte de Williams<\/a><\/strong><\/p>\n\n\n\n<figure class=\"wp-block-image size-large\"><img decoding=\"async\" src=\"https:\/\/www.grandepremio.com\/br\/wp-content\/uploads\/2021\/11\/FFWPAVYX0AAWiKP-1024x576.jpg\" alt=\"MERCEDES; F\u00d3RMULA E; VAL\u00caNCIA;\" class=\"wp-image-528522\"\/><figcaption>A Mercedes vai para seu \u00faltimo ano na F\u00f3rmula E com o habitual layout prateado (Foto: Mercedes)<\/figcaption><\/figure>\n\n\n\n<p class=\"wp-block-paragraph\"><strong>\u25b6\ufe0f\u00a0Inscreva-se nos dois canais do GRANDE PR\u00caMIO no YouTube:\u00a0<a href=\"https:\/\/www.youtube.com\/channel\/UC9OlHEgxoaY6QY6nWPoiqQg?sub_confirmation=1\" target=\"_blank\" rel=\"noreferrer noopener\">GP<\/a>\u00a0|\u00a0<a href=\"https:\/\/www.youtube.com\/channel\/UC9csiS6q_C3C0FYhyr1rnFA?sub_confirmation=1\" target=\"_blank\" rel=\"noreferrer noopener\">GP2<\/a><\/strong><\/p>\n\n\n\n<p class=\"wp-block-paragraph\">O projeto do carro, assinado por Nick Chester, diretor-t\u00e9cnico da Mercedes na F\u00f3rmula E, trabalhou nos pequenos ajustes para permitir que o b\u00f3lido seja competitivo desde a primeira corrida do ano.<\/p>\n\n\n\n<p class=\"wp-block-paragraph\">\u201cO carro est\u00e1 homologado, ent\u00e3o a geometria b\u00e1sica est\u00e1 ajustada, embora ainda haja algum trabalho que possa ser feito no que diz respeito ao acerto mec\u00e2nico. Podemos fazer mais desenvolvimentos para acert\u00e1-lo conforme nosso entendimento aumenta. \u00c9 para isso que estamos trabalhando tamb\u00e9m no mapeamento, sobre como vamos operar os sistemas do carro e como podemos desenvolver o software internamente enquanto aumentamos nosso entendimento dos pneus e do carro e o que podemos tirar de proveito em cima disso\u201d, disse o engenheiro.<\/p>\n\n\n\n<p class=\"wp-block-paragraph\">A dupla da Mercedes permanece inalterada neste terceiro ano da equipe na categoria. De Vries, que depois de conquistar o t\u00edtulo em 2021 at\u00e9 surgiu no radar da Alfa Romeo e da Williams, segue vinculado \u00e0 equipe alem\u00e3 ao lado de Vandoorne. Os dois competidores continuam a ocupar o posto de reserva na escuderia da F\u00f3rmula 1.<\/p>\n\n\n\n<figure class=\"wp-block-image size-large\"><img decoding=\"async\" src=\"https:\/\/www.grandepremio.com\/br\/wp-content\/uploads\/2021\/11\/FFV_xZqX0AEtE5u-1024x683.jpg\" alt=\"MERCEDES; F\u00d3RMULA E; VAL\u00caNCIA;\" class=\"wp-image-528521\"\/><figcaption>A Mercedes est\u00e1 de sa\u00edda ao fim da temporada 2022 da F\u00f3rmula E (Foto: Mercedes)<\/figcaption><\/figure>\n\n\n\n<p class=\"wp-block-paragraph\">Liderada por Ian James na F\u00f3rmula E, a Mercedes definiu para 2022 os mesmos objetivos que foram alcan\u00e7ados na temporada deste ano.<\/p>\n\n\n\n<p class=\"wp-block-paragraph\">\u201cN\u00e3o acho que nossa abordagem mude significativamente agora em termos de deixarmos de ser os ca\u00e7adores para nos tornarmos os ca\u00e7ados. Sabemos o qu\u00e3o parelho \u00e9 este campeonato e o qu\u00e3o forte \u00e9 a concorr\u00eancia. Vai ser outra batalha dif\u00edcil at\u00e9 o fim\u201d, disse.<\/p>\n\n\n\n<p class=\"wp-block-paragraph\">\u201cA press\u00e3o est\u00e1 sempre l\u00e1, mas quando vejo as longas horas em que todos est\u00e3o trabalhando no momento, fico feliz por ver que ainda existe dentro da equipe uma vontade real de atingir nosso potencial m\u00e1ximo\u201d, salientou.<\/p>\n\n\n\n<p class=\"wp-block-paragraph\">Depois dos testes desta semana, a F\u00f3rmula E vai se preparar para a abertura do campeonato, em Diriyah, na Ar\u00e1bia Saudita, nos dias 28 e 29 de janeiro de 2022. Ao todo, est\u00e3o programadas 16 corridas, com a temporada a se encerrar nos dias 13 e 14 de agosto em Seul, capital da Coreia do Sul.<\/p>\n\n\n\n<figure class=\"wp-block-video\"><video class=\"video-js vjs-big-play-centered\" data-gp-vjs=\"1\" controls src=\"https:\/\/www.grandepremio.com\/br\/wp-content\/uploads\/2021\/11\/Audi-F1.mp4\"><\/video><figcaption>Como seria a pintura de um carro da Audi na F\u00f3rmula 1 com nova configura\u00e7\u00e3o (V\u00eddeo: Chris Paul Design)<\/figcaption><\/figure>\n","protected":false},"excerpt":{"rendered":"<p>Um dia antes da abertura da pr\u00e9-temporada da F\u00f3rmula E, em Val\u00eancia, a Mercedes apresentou o carro com o qual vai buscar novos t\u00edtulos de Construtores e de Pilotos na categoria dos carros el\u00e9tricos em 2022<\/p>\n","protected":false},"author":0,"featured_media":1000528522,"comment_status":"closed","ping_status":"closed","sticky":false,"template":"","format":"standard","meta":{"42wp_featured_image_caption":"","42wp_featured_image_credits":"","42wp_featured_video":"","42wp_featured_image_hidden":false,"42wp_authors_list":[],"footnotes":""},"categories":[19],"tags":[25000,28327,24836,82],"42wp_author":[47110],"class_list":["post-115989","post","type-post","status-publish","format-standard","has-post-thumbnail","hentry","category-formula-e","tag-formula-e-2","tag-formula-e-2022","tag-grande-premio-2","tag-mercedes","42wp_author-fernando-silva"],"_links":{"self":[{"href":"https:\/\/grandepremio.com\/br\/wp-json\/wp\/v2\/posts\/115989","targetHints":{"allow":["GET"]}}],"collection":[{"href":"https:\/\/grandepremio.com\/br\/wp-json\/wp\/v2\/posts"}],"about":[{"href":"https:\/\/grandepremio.com\/br\/wp-json\/wp\/v2\/types\/post"}],"replies":[{"embeddable":true,"href":"https:\/\/grandepremio.com\/br\/wp-json\/wp\/v2\/comments?post=115989"}],"version-history":[{"count":0,"href":"https:\/\/grandepremio.com\/br\/wp-json\/wp\/v2\/posts\/115989\/revisions"}],"wp:featuredmedia":[{"embeddable":true,"href":"https:\/\/grandepremio.com\/br\/wp-json\/wp\/v2\/media\/1000528522"}],"wp:attachment":[{"href":"https:\/\/grandepremio.com\/br\/wp-json\/wp\/v2\/media?parent=115989"}],"wp:term":[{"taxonomy":"category","embeddable":true,"href":"https:\/\/grandepremio.com\/br\/wp-json\/wp\/v2\/categories?post=115989"},{"taxonomy":"post_tag","embeddable":true,"href":"https:\/\/grandepremio.com\/br\/wp-json\/wp\/v2\/tags?post=115989"},{"taxonomy":"42wp_author","embeddable":true,"href":"https:\/\/grandepremio.com\/br\/wp-json\/wp\/v2\/42wp_author?post=115989"}],"curies":[{"name":"wp","href":"https:\/\/api.w.org\/{rel}","templated":true}]}}