{"id":116004,"date":"2021-11-28T08:31:29","date_gmt":"2021-11-28T11:31:29","guid":{"rendered":"https:\/\/grandepremio.com\/br\/noticias\/dakar-2022-rota-divulgada-inicio-ano-novo-final-jeda\/"},"modified":"2021-11-28T08:31:35","modified_gmt":"2021-11-28T11:31:35","slug":"dakar-2022-rota-divulgada-inicio-ano-novo-final-jeda","status":"publish","type":"post","link":"https:\/\/grandepremio.com\/br\/rally\/dakar-2022-rota-divulgada-inicio-ano-novo-final-jeda\/","title":{"rendered":"Dakar 2022 tem rota divulgada com in\u00edcio no ano novo e final em Jed\u00e1"},"content":{"rendered":"\n<figure class=\"wp-block-embed is-type-video is-provider-youtube wp-block-embed-youtube wp-embed-aspect-16-9 wp-has-aspect-ratio\"><div class=\"wp-block-embed__wrapper\">\n<iframe loading=\"lazy\" title=\"HAMILTON COM MERCEDES &amp;apos;MEGA DIVA&amp;apos;: RED BULL AINDA RESPIRA NA F1 2021?\" width=\"500\" height=\"281\" src=\"https:\/\/www.youtube.com\/embed\/K3C1uKc4okE?feature=oembed\" frameborder=\"0\" allow=\"accelerometer; autoplay; clipboard-write; encrypted-media; gyroscope; picture-in-picture; web-share\" referrerpolicy=\"strict-origin-when-cross-origin\" allowfullscreen><\/iframe>\n<\/div><figcaption>HAMILTON COM MERCEDES &#8216;MEGA DIVA&#8217;: RED BULL AINDA RESPIRA NA F1 2021?<\/figcaption><\/figure>\n\n\n\n<p class=\"wp-block-paragraph\">A Amaury Sport Organisation (ASO) divulgou, neste domingo (28), a rota da edi\u00e7\u00e3o 2022 do Dakar. O rali mais popular do esporte a motor seguir\u00e1 realizado na Ar\u00e1bia Saudita, e assim como nas duas edi\u00e7\u00f5es mais recentes, ter\u00e1 12 especiais no Oriente M\u00e9dio durante duas semanas, com um dia de descanso entre a competi\u00e7\u00e3o, em Riad.<\/p>\n\n\n\n<p class=\"wp-block-paragraph\">Os 1065 competidores, divididos em 578 ve\u00edculos, v\u00e3o percorrer a dist\u00e2ncia de 8.375 km neste per\u00edodo, 4.258 km correspondendo especiais. O rali ser\u00e1 in\u00edcio com um pr\u00f3logo em Jed\u00e1 no dia 1 de janeiro, que define a ordem de largada para a primeira especial, que come\u00e7a e termina em Ha&#8217;il.<\/p>\n\n\n\n<p class=\"wp-block-paragraph\">A especial seguinte \u00e9 em dire\u00e7\u00e3o a Al Artawiyah, na primeira parte do est\u00e1gio conhecido como maratona, onde os competidores n\u00e3o podem receber assist\u00eancia externa. A segunda parte da especial ser\u00e1 de 554 km at\u00e9 Al Qaisumah, antes de partirem para a capital saudita Riad, que tamb\u00e9m sedia o dia de descanso.<\/p>\n\n\n\n<p class=\"wp-block-paragraph\"><strong>\u25b6\ufe0f\u00a0Inscreva-se nos dois canais do GRANDE PR\u00caMIO no YouTube:\u00a0<a href=\"https:\/\/www.youtube.com\/channel\/UC9OlHEgxoaY6QY6nWPoiqQg?sub_confirmation=1\" target=\"_blank\" rel=\"noreferrer noopener\">GP<\/a>\u00a0|\u00a0<a href=\"https:\/\/www.youtube.com\/channel\/UC9csiS6q_C3C0FYhyr1rnFA?sub_confirmation=1\" target=\"_blank\" rel=\"noreferrer noopener\">GP2<\/a><\/strong><\/p>\n\n\n\n<figure class=\"wp-block-image size-large\"><img decoding=\"async\" src=\"https:\/\/www.grandepremio.com\/br\/wp-content\/uploads\/2021\/01\/20210115DAK0038-A.S.O._A.Vincent_DPPI-1024x682.jpg\" alt=\"\" class=\"wp-image-446150\"\/><figcaption>St\u00e9phane Peterhansel conseguiu a 14\u00aa vit\u00f3ria no Rali Dakar (Foto: Antonin Vincent\/DPPI)<\/figcaption><\/figure>\n\n\n\n<p class=\"wp-block-paragraph\"><strong>Conhe\u00e7a o canal do Grande Pr\u00eamio no YouTube! Clique\u00a0<a rel=\"noreferrer noopener\" href=\"https:\/\/youtube.com\/GrandePremioTV\" target=\"_blank\">aqui<\/a>.<br>Siga o Grande Pr\u00eamio no\u00a0<a rel=\"noreferrer noopener\" href=\"https:\/\/twitter.com\/grandepremio\" target=\"_blank\">Twitter\u00a0<\/a>e no\u00a0<a rel=\"noreferrer noopener\" href=\"https:\/\/instagram.com\/grandepremio\" target=\"_blank\">Instagram<\/a>!<\/strong><\/p>\n\n\n\n<p class=\"wp-block-paragraph\">A segunda parte do rali passa pelas cidades sauditas Al Dawadimi, Wadi Ad-Dawasir e Bisha at\u00e9 chegar em Jed\u00e1, que curiosamente tamb\u00e9m ser\u00e1 a sede da pr\u00f3xima etapa da F\u00f3rmula 1, no dia 5 de dezembro.<\/p>\n\n\n\n<p class=\"wp-block-paragraph\">Uma novidade da edi\u00e7\u00e3o 2022 do Dakar \u00e9 que a prova contar\u00e1 pontos para o Mundial de Rali Cross-Country da FIA, que tamb\u00e9m ser\u00e1 composto pelos ralis de Abu Dhabi, Cazaquist\u00e3o, Andaluzia e Marrocos.<\/p>\n\n\n\n<p class=\"wp-block-paragraph\">A inser\u00e7\u00e3o do Dakar no Mundial permite, por exemplo, que competidores que abandonaram o rali possam retornar a competir no dia seguinte, assim como no WRC. Apesar de impossibilitar chances de vit\u00f3rias no geral pelas puni\u00e7\u00f5es, pilotos ainda podem buscar vit\u00f3rias em especiais, que v\u00e3o render pontos para o campeonato.<\/p>\n\n\n\n<p class=\"wp-block-paragraph\">O Dakar 2022 ser\u00e1 realizado entre os dias 1 e 14 de janeiro. O franc\u00eas St\u00e9phane Peterhansel entra para a competi\u00e7\u00e3o como o atual vencedor entre os carros, enquanto o argentino Kevin Benavides levou a edi\u00e7\u00e3o mais recente nas motos.<\/p>\n\n\n\n<figure class=\"wp-block-embed is-type-video is-provider-youtube wp-block-embed-youtube wp-embed-aspect-16-9 wp-has-aspect-ratio\"><div class=\"wp-block-embed__wrapper\">\n<iframe loading=\"lazy\" title=\"HAMILTON E O MOTOR APIMENTADO: A ARMA DA MERCEDES NA AR\u00c1BIA SAUDITA\" width=\"500\" height=\"281\" src=\"https:\/\/www.youtube.com\/embed\/J6ACVVuRZvY?feature=oembed\" frameborder=\"0\" allow=\"accelerometer; autoplay; clipboard-write; encrypted-media; gyroscope; picture-in-picture; web-share\" referrerpolicy=\"strict-origin-when-cross-origin\" allowfullscreen><\/iframe>\n<\/div><figcaption>HAMILTON E O MOTOR APIMENTADO: A ARMA DA MERCEDES NA AR\u00c1BIA SAUDITA<\/figcaption><\/figure>\n","protected":false},"excerpt":{"rendered":"<p>Com duas semanas de disputa na Ar\u00e1bia Saudita, Dakar 2022 teve rota divulgada. Prova far\u00e1 parte do novo Mundial de Rali Cross-Country da FIA. Ser\u00e1 a terceira edi\u00e7\u00e3o do evento na Ar\u00e1bia Saudita<\/p>\n","protected":false},"author":0,"featured_media":1000528354,"comment_status":"closed","ping_status":"closed","sticky":false,"template":"","format":"standard","meta":{"42wp_featured_image_caption":"","42wp_featured_image_credits":"","42wp_featured_video":"","42wp_featured_image_hidden":false,"42wp_authors_list":[],"footnotes":""},"categories":[5],"tags":[25074,853,30167,618,1271],"42wp_author":[47119],"class_list":["post-116004","post","type-post","status-publish","format-standard","has-post-thumbnail","hentry","category-rally","tag-arabia-saudita-2","tag-dakar","tag-dakar-2022","tag-rali-dakar","tag-stephane-peterhansel","42wp_author-gabriel-carvalho"],"_links":{"self":[{"href":"https:\/\/grandepremio.com\/br\/wp-json\/wp\/v2\/posts\/116004","targetHints":{"allow":["GET"]}}],"collection":[{"href":"https:\/\/grandepremio.com\/br\/wp-json\/wp\/v2\/posts"}],"about":[{"href":"https:\/\/grandepremio.com\/br\/wp-json\/wp\/v2\/types\/post"}],"replies":[{"embeddable":true,"href":"https:\/\/grandepremio.com\/br\/wp-json\/wp\/v2\/comments?post=116004"}],"version-history":[{"count":0,"href":"https:\/\/grandepremio.com\/br\/wp-json\/wp\/v2\/posts\/116004\/revisions"}],"wp:featuredmedia":[{"embeddable":true,"href":"https:\/\/grandepremio.com\/br\/wp-json\/wp\/v2\/media\/1000528354"}],"wp:attachment":[{"href":"https:\/\/grandepremio.com\/br\/wp-json\/wp\/v2\/media?parent=116004"}],"wp:term":[{"taxonomy":"category","embeddable":true,"href":"https:\/\/grandepremio.com\/br\/wp-json\/wp\/v2\/categories?post=116004"},{"taxonomy":"post_tag","embeddable":true,"href":"https:\/\/grandepremio.com\/br\/wp-json\/wp\/v2\/tags?post=116004"},{"taxonomy":"42wp_author","embeddable":true,"href":"https:\/\/grandepremio.com\/br\/wp-json\/wp\/v2\/42wp_author?post=116004"}],"curies":[{"name":"wp","href":"https:\/\/api.w.org\/{rel}","templated":true}]}}