{"id":116028,"date":"2021-11-26T10:04:44","date_gmt":"2021-11-26T13:04:44","guid":{"rendered":"https:\/\/grandepremio.com\/br\/noticias\/marc-marquez-mais-menos-honda-sofre-motogp-busca-rumo-2022\/"},"modified":"2021-11-26T10:04:52","modified_gmt":"2021-11-26T13:04:52","slug":"marc-marquez-mais-menos-honda-sofre-motogp-busca-rumo-2022","status":"publish","type":"post","link":"https:\/\/grandepremio.com\/br\/motogp\/marc-marquez-mais-menos-honda-sofre-motogp-busca-rumo-2022\/","title":{"rendered":"Com Marc M\u00e1rquez mais ou menos, Honda sofre na MotoGP e busca rumo para 2022"},"content":{"rendered":"\n<figure class=\"wp-block-embed is-type-video is-provider-youtube wp-block-embed-youtube wp-embed-aspect-16-9 wp-has-aspect-ratio\"><div class=\"wp-block-embed__wrapper\">\n<iframe loading=\"lazy\" title=\"O QUE ESPERAR DE PETRUCCI NA NOVA AVENTURA NO DAKAR | GP \u00e0s 10\" width=\"500\" height=\"281\" src=\"https:\/\/www.youtube.com\/embed\/sbdE1f1B_Jk?feature=oembed\" frameborder=\"0\" allow=\"accelerometer; autoplay; clipboard-write; encrypted-media; gyroscope; picture-in-picture; web-share\" referrerpolicy=\"strict-origin-when-cross-origin\" allowfullscreen><\/iframe>\n<\/div><figcaption>O QUE ESPERAR DE PETRUCCI NA NOVA AVENTURA NO DAKAR | GP \u00e0s 10<\/figcaption><\/figure>\n\n\n\n<p class=\"wp-block-paragraph\">Uma coisa \u00e9 certa na temporada 2021 da MotoGP: a Honda j\u00e1 viveu dias melhores. \u00c9 claro que a montadora japonesa n\u00e3o passou plenamente em branco, mas o fato de Marc M\u00e1rquez n\u00e3o estar em plena forma e de a RC213V n\u00e3o ser uma moto feita para todo mundo voltou a cobrar um pre\u00e7o.<\/p>\n\n\n\n<p class=\"wp-block-paragraph\">Os japoneses come\u00e7aram o ano desfalcados do maior astro, j\u00e1 que Marc M\u00e1rquez perdeu as duas primeiras corrida do ano ainda por causa das consequ\u00eancia da fratura que sofreu no bra\u00e7o direito no in\u00edcio do campeonato passado. Quando voltou, contudo, Marc n\u00e3o era o mesmo de antes. Afinal, depois de tr\u00eas cirurgias e nove meses afastado, a forma f\u00edsica pesou e o filho de Roser e Juli\u00e0 passou a maior parte da temporada amargando o papel de simples coadjuvante.<\/p>\n\n\n\n<p class=\"wp-block-paragraph\"><strong>\u25b6\ufe0f\u00a0Inscreva-se nos dois canais do GRANDE PR\u00caMIO no YouTube:\u00a0<a href=\"https:\/\/www.youtube.com\/channel\/UC9OlHEgxoaY6QY6nWPoiqQg?sub_confirmation=1\" target=\"_blank\" rel=\"noreferrer noopener\">GP<\/a>\u00a0|\u00a0<a href=\"https:\/\/www.youtube.com\/channel\/UC9csiS6q_C3C0FYhyr1rnFA?sub_confirmation=1\" target=\"_blank\" rel=\"noreferrer noopener\">GP2<\/a><\/strong><\/p>\n\n\n\n<figure class=\"wp-block-image size-large\"><img decoding=\"async\" src=\"https:\/\/www.grandepremio.com\/br\/wp-content\/uploads\/2021\/10\/http___repsolmedia.com_repsolmedia_wp-content_uploads_2021_10_Copy-of-RD16_EmiliaRomagna_Marc_2021-01684-1024x683.jpg\" alt=\"\" class=\"wp-image-518438\"\/><figcaption>Mesmo fora da plena forma, Marc M\u00e1rquez foi quem deu os melhores resultados \u00e0 Honda em 2021 (Foto: Repsol)<\/figcaption><\/figure>\n\n\n\n<figure class=\"wp-block-embed is-type-rich is-provider-spotify wp-block-embed-spotify wp-embed-aspect-21-9 wp-has-aspect-ratio\"><div class=\"wp-block-embed__wrapper\">\n<iframe title=\"Spotify Embed: Paddockast Especial | A hist\u00f3ria e o legado de Valentino Rossi\" style=\"border-radius: 12px\" width=\"100%\" height=\"152\" frameborder=\"0\" allowfullscreen allow=\"autoplay; clipboard-write; encrypted-media; fullscreen; picture-in-picture\" loading=\"lazy\" src=\"https:\/\/open.spotify.com\/embed\/episode\/1l3VDDFecOWPNXL1jAlyxS?utm_source=oembed\"><\/iframe>\n<\/div><\/figure>\n\n\n\n<p class=\"wp-block-paragraph\">Com o passar dos GPs, o mais velho dos M\u00e1rquez foi melhorando a condi\u00e7\u00e3o f\u00edsica, mas foram s\u00f3 nos tra\u00e7ados anti-hor\u00e1rios que o corpo deixou de ser um problema. Com mais curvas para a esquerda, Marc venceu nos GPs da Alemanha e das Am\u00e9ricas, mas o alento mesmo veio no GP da Em\u00edlia-Romanha: mesmo no hor\u00e1rio tra\u00e7ado de Misano, M\u00e1rquez conseguiu vencer, aproveitando uma queda de Francesco Bagnaia.<\/p>\n\n\n\n<p class=\"wp-block-paragraph\">Mas a\u00ed mora outro problema: uma nova les\u00e3o tirou Marc n\u00e3o s\u00f3 das \u00faltimas duas etapas do campeonato, mas tamb\u00e9m dos testes de p\u00f3s-temporada, quando a Honda trouxe uma nova RC213V para tentar recuperar o terreno perdido. Mais uma vez, os japoneses se viram sem o melhor piloto da equipe para orientar o caminho com o novo prot\u00f3tipo.<\/p>\n\n\n\n<p class=\"wp-block-paragraph\">Isso, por\u00e9m, pode n\u00e3o ser um problema t\u00e3o grande assim. Afinal, coube a pilotos mais \u2018normais\u2019 a tarefa de orientar a evolu\u00e7\u00e3o. Assim, pode ser que a RCV de 2022 n\u00e3o seja t\u00e3o dependente de um fen\u00f4meno, mas mais \u2018parceira\u2019 e todo mundo.<\/p>\n\n\n\n<p class=\"wp-block-paragraph\">S\u00f3 que os demais competidores tamb\u00e9m precisam dar um passinho. Aposta da Honda para 2021, Pol Espargar\u00f3 tardou a engrenar. Depois de anunciar para o mundo que estava animado com a mudan\u00e7a, j\u00e1 que diz ter um estilo parecido com o de Marc, o ex-KTM decepcionou e fez uma \u00fanica visita ao p\u00f3dio \u2015 em dobradinha e justamente no melhor resultado da carreira.<\/p>\n\n\n\n<p class=\"wp-block-paragraph\">Na maior parte do tempo, Pol pareceu perdido, sem entender a moto e sem sequer saber por onde come\u00e7ar. Assim, o irm\u00e3o de Aleix ter\u00e1 de se encontrar para ser efetivamente competitivo em 2022.<\/p>\n\n\n\n<p class=\"wp-block-paragraph\">Do lado da LCR, Takaaki Nakagami e \u00c1lex M\u00e1rquez n\u00e3o estiveram nem de longe no mesmo n\u00edvel do ano passado, quando tiveram a miss\u00e3o de defender a honra da Honda sem o aux\u00edlio de Marc. Com raros momentos de brilho, os pilotos de Lucio Cecchinello passaram mesmo batidos em 2021.<\/p>\n\n\n\n<p class=\"wp-block-paragraph\">Mas existe uma luz no fim do t\u00fanel. A Honda saiu satisfeita dos testes em Jerez, confiante de ter encontrado um caminho para o prot\u00f3tipo japon\u00eas. Gigante e experiente como \u00e9, \u00e9 quest\u00e3o de tempo at\u00e9 achar o caminho para fora do buraco. E parece que este tempo come\u00e7a a se aproximar.<\/p>\n\n\n\n<p class=\"wp-block-paragraph\"><strong>LEIA TAMB\u00c9M<\/strong><br>#\u00a0<strong><a href=\"https:\/\/www.grandepremio.com\/br\/motogp\/noticias\/ducati-jejum-mostra-forca-inedita-motogp-assusta-2022\/\">Ducati segue no jejum, mas mostra for\u00e7a in\u00e9dita na\u00a0<\/a><a href=\"https:\/\/www.grandepremio.com\/br\/motogp\/\" target=\"_blank\" rel=\"noreferrer noopener\">MotoGP<\/a><a href=\"https:\/\/www.grandepremio.com\/br\/motogp\/noticias\/ducati-jejum-mostra-forca-inedita-motogp-assusta-2022\/\">\u00a0e j\u00e1 assusta para 2022<\/a><\/strong><br>#\u00a0<strong><a href=\"https:\/\/www.grandepremio.com\/br\/equipe\/motogp\/2020\/monster-energy-yamaha-motogp\/\" target=\"_blank\" rel=\"noreferrer noopener\">Yamaha<\/a><a href=\"https:\/\/www.grandepremio.com\/br\/motogp\/noticias\/yamaha-vence-com-fabio-quartararo-mas-precisa-ficar-alerta-deficiencias-motogp-2022\/\">\u00a0vence com Quartararo, mas precisa ficar alerta com defici\u00eancias para 2022<\/a><\/strong><br>#\u00a0<strong><a href=\"https:\/\/www.grandepremio.com\/br\/motogp\/noticias\/suzuki-estaciona-sem-comando-davide-brivio-faz-temporada-apagada-motogp-2021\/\">Suzuki estaciona sem comando de Brivio e faz temporada apagada na MotoGP 2021<\/a><\/strong><\/p>\n\n\n\n<figure class=\"wp-block-image\"><a href=\"https:\/\/www.grandepremio.com\/br\/valentino-rossi-46\/\"><img decoding=\"async\" src=\"https:\/\/www.grandepremio.com\/br\/wp-content\/uploads\/2020\/05\/WhatsApp-Image-2021-11-16-at-10.55.29-1024x486.jpeg\" alt=\"\" class=\"wp-image-526003\"\/><\/a><figcaption><a href=\"https:\/\/www.grandepremio.com\/br\/valentino-rossi-46\/\"><strong>GRANDE PR\u00caMIO<\/strong>\u00a0lan\u00e7a especial que celebra carreira de Valentino Rossi.\u00a0<strong>ACESSE<\/strong><\/a><\/figcaption><\/figure>\n\n\n\n<figure class=\"wp-block-embed is-type-video is-provider-youtube wp-block-embed-youtube wp-embed-aspect-16-9 wp-has-aspect-ratio\"><div class=\"wp-block-embed__wrapper\">\n<iframe loading=\"lazy\" title=\"PARCEIROS E RIVAIS: COMO GARDNER E RA\u00daL FERN\u00c1NDEZ ENTRAM NA MOTOGP | GP \u00e0s 10\" width=\"500\" height=\"281\" src=\"https:\/\/www.youtube.com\/embed\/Xqu50Smj4yg?feature=oembed\" frameborder=\"0\" allow=\"accelerometer; autoplay; clipboard-write; encrypted-media; gyroscope; picture-in-picture; web-share\" referrerpolicy=\"strict-origin-when-cross-origin\" allowfullscreen><\/iframe>\n<\/div><figcaption>PARCEIROS E RIVAIS: COMO GARDNER E RA\u00daL FERN\u00c1NDEZ ENTRAM NA MOTOGP | GP \u00e0s 10<\/figcaption><\/figure>\n\n\n\n<p class=\"wp-block-paragraph\"><\/p>\n\n\n\n<p class=\"wp-block-paragraph\"><\/p>\n","protected":false},"excerpt":{"rendered":"<p>Com o hexacampe\u00e3o da classe rainha longe da plena forma, a montadora da asa dourada se viu sem os resultados de outrora, mas ainda teve a chance de celebrar tr\u00eas vit\u00f3rias gra\u00e7as ao bom relacionamento do espanhol com os tra\u00e7ados anti-hor\u00e1rios e \u00e0 boa forma em Misano<\/p>\n","protected":false},"author":0,"featured_media":1000509988,"comment_status":"closed","ping_status":"closed","sticky":false,"template":"","format":"standard","meta":{"42wp_featured_image_caption":"","42wp_featured_image_credits":"","42wp_featured_video":"","42wp_featured_image_hidden":false,"42wp_authors_list":[],"footnotes":""},"categories":[8],"tags":[130,24996,79,78,490,28765,28764,25819,28345,28766,26690],"42wp_author":[47113],"class_list":["post-116028","post","type-post","status-publish","format-standard","has-post-thumbnail","hentry","category-motogp","tag-honda","tag-marc-marquez-2","tag-moto-gp","tag-motogp","tag-motogp-2021","tag-motogp-2021-calendario","tag-motogp-classificacao-2021","tag-motogp-hoje","tag-motogp-horarios","tag-motogp-standings","tag-pilotos-motogp","42wp_author-juliana-tesser"],"_links":{"self":[{"href":"https:\/\/grandepremio.com\/br\/wp-json\/wp\/v2\/posts\/116028","targetHints":{"allow":["GET"]}}],"collection":[{"href":"https:\/\/grandepremio.com\/br\/wp-json\/wp\/v2\/posts"}],"about":[{"href":"https:\/\/grandepremio.com\/br\/wp-json\/wp\/v2\/types\/post"}],"replies":[{"embeddable":true,"href":"https:\/\/grandepremio.com\/br\/wp-json\/wp\/v2\/comments?post=116028"}],"version-history":[{"count":0,"href":"https:\/\/grandepremio.com\/br\/wp-json\/wp\/v2\/posts\/116028\/revisions"}],"wp:featuredmedia":[{"embeddable":true,"href":"https:\/\/grandepremio.com\/br\/wp-json\/wp\/v2\/media\/1000509988"}],"wp:attachment":[{"href":"https:\/\/grandepremio.com\/br\/wp-json\/wp\/v2\/media?parent=116028"}],"wp:term":[{"taxonomy":"category","embeddable":true,"href":"https:\/\/grandepremio.com\/br\/wp-json\/wp\/v2\/categories?post=116028"},{"taxonomy":"post_tag","embeddable":true,"href":"https:\/\/grandepremio.com\/br\/wp-json\/wp\/v2\/tags?post=116028"},{"taxonomy":"42wp_author","embeddable":true,"href":"https:\/\/grandepremio.com\/br\/wp-json\/wp\/v2\/42wp_author?post=116028"}],"curies":[{"name":"wp","href":"https:\/\/api.w.org\/{rel}","templated":true}]}}