{"id":116120,"date":"2021-11-21T15:57:23","date_gmt":"2021-11-21T18:57:23","guid":{"rendered":"https:\/\/grandepremio.com\/br\/noticias\/lance-stroll-vibra-6o-catar-elogia-aston-martin-recompensa-trabalho-duro\/"},"modified":"2021-11-21T15:58:28","modified_gmt":"2021-11-21T18:58:28","slug":"lance-stroll-vibra-6o-catar-elogia-aston-martin-recompensa-trabalho-duro","status":"publish","type":"post","link":"https:\/\/grandepremio.com\/br\/f1\/lance-stroll-vibra-6o-catar-elogia-aston-martin-recompensa-trabalho-duro\/","title":{"rendered":"Stroll vibra ao ser 6\u00ba no Catar e elogia Aston Martin: &#8220;Recompensa por trabalho duro&#8221;"},"content":{"rendered":"\n<figure class=\"wp-block-embed is-type-video is-provider-youtube wp-block-embed-youtube wp-embed-aspect-16-9 wp-has-aspect-ratio\"><div class=\"wp-block-embed__wrapper\">\n<iframe loading=\"lazy\" title=\"F1 NO CATAR: HAMILTON VENCE, VERSTAPPEN 2\u00b0, ALONSO NO P\u00d3DIO | Briefing\" width=\"500\" height=\"281\" src=\"https:\/\/www.youtube.com\/embed\/Ka-C8n5_SF4?feature=oembed\" frameborder=\"0\" allow=\"accelerometer; autoplay; clipboard-write; encrypted-media; gyroscope; picture-in-picture; web-share\" referrerpolicy=\"strict-origin-when-cross-origin\" allowfullscreen><\/iframe>\n<\/div><\/figure>\n\n\n\n<p class=\"wp-block-paragraph\">Lance Stroll <a href=\"https:\/\/www.grandepremio.com\/br\/f1\/noticias\/lewis-hamilton-vence-gp-do-catar-encosta-max-verstappen-luta-titulo-fernando-alonso-podio\/\">chegou na sexta coloca\u00e7\u00e3o<\/a> no GP do Catar e, assim, teve sua melhor posi\u00e7\u00e3o final em uma corrida na F1 2021. O canadense dividiu os m\u00e9ritos do resultado com a Aston Martin e valorizou o esfor\u00e7o da equipe para voltar a pontuar depois de uma sequ\u00eancia ruim de resultados.<\/p>\n\n\n\n<p class=\"wp-block-paragraph\">Stroll destacou a velocidade que teve desde a largada. Al\u00e9m disso, o fato do time tamb\u00e9m ter acertado a chamada na t\u00e1tica, superando ali as Ferrari, nos boxes.<\/p>\n\n\n\n<p class=\"wp-block-paragraph\">&#8220;O carro estava muito bom hoje, fiquei bem feliz com a nossa performance. Consegui ganhar posi\u00e7\u00f5es na largada e, j\u00e1 no primeiro stint, dava para ver que a gente tinha ritmo para competir bem. Passei Tsunoda com os m\u00e9dios e, quando cheguei nos caras da frente, fizemos o undercut no Sainz&#8221;, disse.<\/p>\n\n\n\n<figure class=\"wp-block-image size-large\"><img decoding=\"async\" src=\"https:\/\/www.grandepremio.com\/br\/wp-content\/uploads\/2021\/11\/astonmartin-lancestroll-03-1-1024x684.jpg\" alt=\"\" class=\"wp-image-527281\"\/><figcaption>Lance Stroll chegou em nono no Catar (Foto: Aston Martin)<\/figcaption><\/figure>\n\n\n\n<p class=\"wp-block-paragraph\">Para o jovem piloto canadense, os pontos conquistados por ele e por Sebastian Vettel, que foi d\u00e9cimo, servem para ilustrar o esfor\u00e7o da Aston Martin para se reposicionar no pelot\u00e3o.<\/p>\n\n\n\n<p class=\"wp-block-paragraph\">&#8220;A\u00ed foi manter o sexto lugar com os pneus duros. Em geral, tudo deu certo para a gente hoje, marcar 8 pontos, no fim dessa rodada tripla, foi bem satisfat\u00f3rio, uma recompensa pelo nosso trabalho duro&#8221;, completou.<\/p>\n\n\n\n<p class=\"wp-block-paragraph\">A Aston Martin deve mesmo fechar em s\u00e9timo a temporada 2021. Stroll ocupa o 13\u00ba lugar com 34 pontos, 9 a menos que o companheiro Vettel.<\/p>\n\n\n\n<p class=\"wp-block-paragraph\">A 21\u00ba e pen\u00faltima etapa da temporada 2021 da\u00a0<a href=\"https:\/\/www.grandepremio.com\/formula-1\/\" target=\"_blank\" rel=\"noreferrer noopener\">F\u00f3rmula 1<\/a>\u00a0est\u00e1 marcada para daqui a duas semanas, entre 3 e 5 de dezembro, e vai marcar a estreia da Ar\u00e1bia Saudita no Mundial.<\/p>\n\n\n\n<p class=\"wp-block-paragraph\"><strong>\u25b6\ufe0f\u00a0Inscreva-se nos dois canais do GRANDE PR\u00caMIO no YouTube:\u00a0<a href=\"https:\/\/www.youtube.com\/channel\/UC9OlHEgxoaY6QY6nWPoiqQg?sub_confirmation=1\" target=\"_blank\" rel=\"noreferrer noopener\">GP<\/a>\u00a0|\u00a0<a href=\"https:\/\/www.youtube.com\/channel\/UC9csiS6q_C3C0FYhyr1rnFA?sub_confirmation=1\" target=\"_blank\" rel=\"noreferrer noopener\">GP2<\/a><\/strong><\/p>\n","protected":false},"excerpt":{"rendered":"<p>Lance Stroll celebrou a conquista do melhor resultado em 2021, chegando em sexto com a Aston Martin no GP do Catar, em atua\u00e7\u00e3o bastante s\u00f3lida<\/p>\n","protected":false},"author":0,"featured_media":1000527280,"comment_status":"closed","ping_status":"closed","sticky":false,"template":"","format":"standard","meta":{"42wp_featured_image_caption":"","42wp_featured_image_credits":"","42wp_featured_video":"","42wp_featured_image_hidden":false,"42wp_authors_list":[],"footnotes":""},"categories":[2],"tags":[309,147,156,24837,26275,600,485,30088,210],"42wp_author":[47117],"class_list":["post-116120","post","type-post","status-publish","format-standard","has-post-thumbnail","hentry","category-f1","tag-aston-martin","tag-f1","tag-f1-2021","tag-formula-1-2","tag-formula-1-2021-3","tag-gp-do-catar","tag-lance-stroll","tag-qatar-gp","tag-sebastian-vettel","42wp_author-gabriel-curty"],"_links":{"self":[{"href":"https:\/\/grandepremio.com\/br\/wp-json\/wp\/v2\/posts\/116120","targetHints":{"allow":["GET"]}}],"collection":[{"href":"https:\/\/grandepremio.com\/br\/wp-json\/wp\/v2\/posts"}],"about":[{"href":"https:\/\/grandepremio.com\/br\/wp-json\/wp\/v2\/types\/post"}],"replies":[{"embeddable":true,"href":"https:\/\/grandepremio.com\/br\/wp-json\/wp\/v2\/comments?post=116120"}],"version-history":[{"count":0,"href":"https:\/\/grandepremio.com\/br\/wp-json\/wp\/v2\/posts\/116120\/revisions"}],"wp:featuredmedia":[{"embeddable":true,"href":"https:\/\/grandepremio.com\/br\/wp-json\/wp\/v2\/media\/1000527280"}],"wp:attachment":[{"href":"https:\/\/grandepremio.com\/br\/wp-json\/wp\/v2\/media?parent=116120"}],"wp:term":[{"taxonomy":"category","embeddable":true,"href":"https:\/\/grandepremio.com\/br\/wp-json\/wp\/v2\/categories?post=116120"},{"taxonomy":"post_tag","embeddable":true,"href":"https:\/\/grandepremio.com\/br\/wp-json\/wp\/v2\/tags?post=116120"},{"taxonomy":"42wp_author","embeddable":true,"href":"https:\/\/grandepremio.com\/br\/wp-json\/wp\/v2\/42wp_author?post=116120"}],"curies":[{"name":"wp","href":"https:\/\/api.w.org\/{rel}","templated":true}]}}