{"id":116129,"date":"2021-11-21T14:19:12","date_gmt":"2021-11-21T17:19:12","guid":{"rendered":"https:\/\/grandepremio.com\/br\/noticias\/carlos-sainz-ritmo-ferrari-conservadora-catar-medo-desgaste-freou\/"},"modified":"2021-11-21T14:19:20","modified_gmt":"2021-11-21T17:19:20","slug":"carlos-sainz-ritmo-ferrari-conservadora-catar-medo-desgaste-freou","status":"publish","type":"post","link":"https:\/\/grandepremio.com\/br\/f1\/carlos-sainz-ritmo-ferrari-conservadora-catar-medo-desgaste-freou\/","title":{"rendered":"Sainz cita ritmo, mas v\u00ea Ferrari conservadora no Catar: \u201cMedo do desgaste nos freou\u201d"},"content":{"rendered":"\n<figure class=\"wp-block-embed is-type-video is-provider-youtube wp-block-embed-youtube wp-embed-aspect-16-9 wp-has-aspect-ratio\"><div class=\"wp-block-embed__wrapper\">\n<iframe loading=\"lazy\" title=\"F1 NO CATAR: HAMILTON VENCE, VERSTAPPEN 2\u00b0, ALONSO NO P\u00d3DIO | Briefing\" width=\"500\" height=\"281\" src=\"https:\/\/www.youtube.com\/embed\/Ka-C8n5_SF4?feature=oembed\" frameborder=\"0\" allow=\"accelerometer; autoplay; clipboard-write; encrypted-media; gyroscope; picture-in-picture; web-share\" referrerpolicy=\"strict-origin-when-cross-origin\" allowfullscreen><\/iframe>\n<\/div><figcaption>F1 NO CATAR: HAMILTON VENCE, VERSTAPPEN 2\u00b0, ALONSO NO P\u00d3DIO | Briefing<\/figcaption><\/figure>\n\n\n\n<p class=\"wp-block-paragraph\">Carlos Sainz Jr. avaliou que a Ferrari foi conservadora no <a href=\"https:\/\/www.grandepremio.com\/br\/f1\/noticias\/lewis-hamilton-vence-gp-do-catar-encosta-max-verstappen-luta-titulo-fernando-alonso-podio\/\">GP do Catar deste domingo (21)<\/a>. Na vis\u00e3o do espanhol, a escuderia italiana tinha ritmo para obter um resultado melhor na estreia de Losail na F\u00f3rmula 1, mas evitou partir para o ataque por temer o desgaste dos pneus.<\/p>\n\n\n\n<p class=\"wp-block-paragraph\">Sainz recebeu a bandeirada na s\u00e9tima coloca\u00e7\u00e3o, 1min21s911 atr\u00e1s de Lewis Hamilton. Depois da prova, a an\u00e1lise do pneu at\u00e9 mostrou que seria poss\u00edvel fazer mais, mas j\u00e1 era tarde.<\/p>\n\n\n\n<p class=\"wp-block-paragraph\"><strong>\u25b6\ufe0f\u00a0Inscreva-se nos dois canais do GRANDE PR\u00caMIO no YouTube:\u00a0<a href=\"https:\/\/www.youtube.com\/channel\/UC9OlHEgxoaY6QY6nWPoiqQg?sub_confirmation=1\" target=\"_blank\" rel=\"noreferrer noopener\">GP<\/a>\u00a0|\u00a0<a href=\"https:\/\/www.youtube.com\/channel\/UC9csiS6q_C3C0FYhyr1rnFA?sub_confirmation=1\" target=\"_blank\" rel=\"noreferrer noopener\">GP2<\/a><\/strong><\/p>\n\n\n\n<figure class=\"wp-block-image size-large\"><img decoding=\"async\" src=\"https:\/\/www.grandepremio.com\/br\/wp-content\/uploads\/2021\/11\/sainz-1024x669.png\" alt=\"\" class=\"wp-image-526968\"\/><figcaption>Sainz considerou que a Ferrari poderia ter arriscado mais em Losail (Foto: Divulga\u00e7\u00e3o)<\/figcaption><\/figure>\n\n\n\n<figure class=\"wp-block-embed is-type-rich is-provider-spotify wp-block-embed-spotify wp-embed-aspect-21-9 wp-has-aspect-ratio\"><div class=\"wp-block-embed__wrapper\">\nhttps:\/\/open.spotify.com\/episode\/1palF4eJJB25OD2cO7SS4J\n<\/div><\/figure>\n\n\n\n<p class=\"wp-block-paragraph\">\u201cN\u00f3s fomos conservadores\u201d, disse Carlos. \u201cMenos mal que fizemos mais pontos do que a McLaren. Mesmo com os pneus duros, est\u00e1vamos com medo de n\u00e3o chegar at\u00e9 o fim, mas com a an\u00e1lise que fizemos depois percebemos que poder\u00edamos ter for\u00e7ado mais. Por\u00e9m outros foram mais agressivos do que n\u00f3s e terminaram com um furo\u201d, ponderou.<\/p>\n\n\n\n<p class=\"wp-block-paragraph\">\u201c\u00c9 uma pena. \u00c9 uma corrida um pouco chata se voc\u00ea n\u00e3o pode acabar\u201d, comentou, \u201cO ritmo estava l\u00e1, mas o medo do desgaste nos freou\u201d, concluiu.<\/p>\n\n\n\n<p class=\"wp-block-paragraph\">1s215 atr\u00e1s do companheiro de equipe, Charles Leclerc ficou com a oitava coloca\u00e7\u00e3o. O monegasco n\u00e3o se mostrou surpreso com o atraso em rela\u00e7\u00e3o aos ponteiros, mas saiu preocupado com a velocidade mostrada pelos rivais.<\/p>\n\n\n\n<p class=\"wp-block-paragraph\">\u201cFiquei bem feliz com o acerto do carro. Foi bem\u201d, disse Leclerc. \u201cAcho que a diferen\u00e7a para Mercedes e Red Bull foi mais ou menos o que n\u00f3s esper\u00e1vamos. A surpresa ruim foi ver a velocidade de Alpine e AlphaTauri. Agora temos de entender\u201d, completou.<\/p>\n\n\n\n<p class=\"wp-block-paragraph\">A\u00a0<a href=\"https:\/\/www.grandepremio.com\/formula-1\/\" target=\"_blank\" rel=\"noreferrer noopener\">F\u00f3rmula 1<\/a>\u00a0volta a acelerar em duas semanas, entre 3 e 5 de dezembro, com outra corrida nova no calend\u00e1rio: o GP da Ar\u00e1bia Saudita, nas ruas de\u00a0<a href=\"https:\/\/www.grandepremio.com\/br\/etapa\/f1\/gp-da-arabia-saudita-formula-1-2021\/\" target=\"_blank\" rel=\"noreferrer noopener\">Jed\u00e1<\/a>.<\/p>\n\n\n\n<figure class=\"wp-block-embed is-type-video is-provider-youtube wp-block-embed-youtube wp-embed-aspect-16-9 wp-has-aspect-ratio\"><div class=\"wp-block-embed__wrapper\">\n<iframe loading=\"lazy\" title=\"GRANDES VIRADAS DA F1 + OS GUARDI\u00d5ES DA BANDEIRA DE HAMILTON | TT GP #39\" width=\"500\" height=\"281\" src=\"https:\/\/www.youtube.com\/embed\/bqSFdufhvtw?feature=oembed\" frameborder=\"0\" allow=\"accelerometer; autoplay; clipboard-write; encrypted-media; gyroscope; picture-in-picture; web-share\" referrerpolicy=\"strict-origin-when-cross-origin\" allowfullscreen><\/iframe>\n<\/div><figcaption>GRANDES VIRADAS DA F1 + OS GUARDI\u00d5ES DA BANDEIRA DE HAMILTON | TT GP #39<\/figcaption><\/figure>\n\n\n\n<figure class=\"wp-block-image\"><a href=\"https:\/\/www.grandepremio.com\/br\/valentino-rossi-46\/\"><img decoding=\"async\" src=\"https:\/\/www.grandepremio.com\/br\/wp-content\/uploads\/2020\/05\/WhatsApp-Image-2021-11-16-at-10.55.29-1024x486.jpeg\" alt=\"\" class=\"wp-image-526003\"\/><\/a><figcaption><a href=\"https:\/\/www.grandepremio.com\/br\/valentino-rossi-46\/\"><strong>GRANDE PR\u00caMIO<\/strong>&nbsp;lan\u00e7a especial que celebra carreira de Valentino Rossi.&nbsp;<strong>ACESSE<\/strong><\/a><\/figcaption><\/figure>\n","protected":false},"excerpt":{"rendered":"<p>Espanhol considerou que a Ferrari poderia at\u00e9 ter feito mais na corrida em Losail, mas ficou com medo de o pneu n\u00e3o resistir. Charles Leclerc colocou a velocidade de Alpine e AlphaTauri como as surpresas negativas do domingo (21)<\/p>\n","protected":false},"author":0,"featured_media":1000526952,"comment_status":"closed","ping_status":"closed","sticky":false,"template":"","format":"standard","meta":{"42wp_featured_image_caption":"","42wp_featured_image_credits":"","42wp_featured_video":"","42wp_featured_image_hidden":false,"42wp_authors_list":[],"footnotes":""},"categories":[2],"tags":[27040,25390,209,147,156,207,24837,25536,29763],"42wp_author":[47113],"class_list":["post-116129","post","type-post","status-publish","format-standard","has-post-thumbnail","hentry","category-f1","tag-calendario-formula-1-2021","tag-carlos-sainz-jr-2","tag-charles-leclerc","tag-f1","tag-f1-2021","tag-ferrari","tag-formula-1-2","tag-formula-1-2021-2","tag-formula-1-classificacao-2021","42wp_author-juliana-tesser"],"_links":{"self":[{"href":"https:\/\/grandepremio.com\/br\/wp-json\/wp\/v2\/posts\/116129","targetHints":{"allow":["GET"]}}],"collection":[{"href":"https:\/\/grandepremio.com\/br\/wp-json\/wp\/v2\/posts"}],"about":[{"href":"https:\/\/grandepremio.com\/br\/wp-json\/wp\/v2\/types\/post"}],"replies":[{"embeddable":true,"href":"https:\/\/grandepremio.com\/br\/wp-json\/wp\/v2\/comments?post=116129"}],"version-history":[{"count":0,"href":"https:\/\/grandepremio.com\/br\/wp-json\/wp\/v2\/posts\/116129\/revisions"}],"wp:featuredmedia":[{"embeddable":true,"href":"https:\/\/grandepremio.com\/br\/wp-json\/wp\/v2\/media\/1000526952"}],"wp:attachment":[{"href":"https:\/\/grandepremio.com\/br\/wp-json\/wp\/v2\/media?parent=116129"}],"wp:term":[{"taxonomy":"category","embeddable":true,"href":"https:\/\/grandepremio.com\/br\/wp-json\/wp\/v2\/categories?post=116129"},{"taxonomy":"post_tag","embeddable":true,"href":"https:\/\/grandepremio.com\/br\/wp-json\/wp\/v2\/tags?post=116129"},{"taxonomy":"42wp_author","embeddable":true,"href":"https:\/\/grandepremio.com\/br\/wp-json\/wp\/v2\/42wp_author?post=116129"}],"curies":[{"name":"wp","href":"https:\/\/api.w.org\/{rel}","templated":true}]}}