{"id":116136,"date":"2021-11-21T13:04:46","date_gmt":"2021-11-21T16:04:46","guid":{"rendered":"https:\/\/grandepremio.com\/br\/noticias\/lewis-hamilton-trabalho-solido-catar-vitorias-seguidas-temporada-e-tanto\/"},"modified":"2021-11-21T13:07:10","modified_gmt":"2021-11-21T16:07:10","slug":"lewis-hamilton-trabalho-solido-catar-vitorias-seguidas-temporada-e-tanto","status":"publish","type":"post","link":"https:\/\/grandepremio.com\/br\/f1\/lewis-hamilton-trabalho-solido-catar-vitorias-seguidas-temporada-e-tanto\/","title":{"rendered":"Hamilton celebra &#8220;trabalho s\u00f3lido&#8221; no Catar e vit\u00f3rias seguidas em &#8220;temporada e tanto&#8221;"},"content":{"rendered":"\n<figure class=\"wp-block-embed is-type-video is-provider-youtube wp-block-embed-youtube wp-embed-aspect-16-9 wp-has-aspect-ratio\"><div class=\"wp-block-embed__wrapper\">\n<iframe loading=\"lazy\" title=\"F1 NO CATAR: HAMILTON VENCE, VERSTAPPEN 2\u00b0, ALONSO NO P\u00d3DIO | Briefing\" width=\"500\" height=\"281\" src=\"https:\/\/www.youtube.com\/embed\/Ka-C8n5_SF4?feature=oembed\" frameborder=\"0\" allow=\"accelerometer; autoplay; clipboard-write; encrypted-media; gyroscope; picture-in-picture; web-share\" referrerpolicy=\"strict-origin-when-cross-origin\" allowfullscreen><\/iframe>\n<\/div><\/figure>\n\n\n\n<p class=\"wp-block-paragraph\">Lewis Hamilton <a href=\"https:\/\/www.grandepremio.com\/br\/f1\/noticias\/lewis-hamilton-vence-gp-do-catar-encosta-max-verstappen-luta-titulo-fernando-alonso-podio\/\">venceu de forma absoluta<\/a> o GP do Catar de 2021, encaixando o segundo triunfo seguido no melhor momento poss\u00edvel em uma disputa totalmente equilibrada com Max Verstappen pelo t\u00edtulo da F1. Neste domingo (21), o ingl\u00eas valorizou o triunfo t\u00e3o s\u00f3lido e quer manter o momento nas provas finais, na Ar\u00e1bia Saudita e em Abu Dhabi.<\/p>\n\n\n\n<p class=\"wp-block-paragraph\">Hamilton admitiu que a corrida foi tranquila demais para o gosto dele, mas garantiu: o que importava eram os 25 pontos no Catar, independentemente da forma que fossem conquistados.<\/p>\n\n\n\n<p class=\"wp-block-paragraph\">&#8220;Foi uma vit\u00f3ria bem segura. Gosto de corridas em que se batalha duro, mas tamb\u00e9m precis\u00e1vamos dos pontos de hoje. Um trabalho s\u00f3lido com o carro e tamb\u00e9m nos pit-stops. N\u00e3o vejo a hora de rever o que aconteceu ali que os pneus estavam indo daquele jeito, acho que foram as zebras&#8221;, disse.<\/p>\n\n\n\n<figure class=\"wp-block-image size-large\"><img decoding=\"async\" src=\"https:\/\/www.grandepremio.com\/br\/wp-content\/uploads\/2021\/11\/mercedes-lewishamilton-06-1-1024x682.jpg\" alt=\"\" class=\"wp-image-526841\"\/><figcaption>Lewis Hamilton venceu no Catar com estilo (Foto: Mercedes)<\/figcaption><\/figure>\n\n\n\n<p class=\"wp-block-paragraph\">O heptacampe\u00e3o analisou a disputa ponto a ponto com Verstappen e valorizou a forma como a Mercedes entrou decidida na pista catari.<\/p>\n\n\n\n<p class=\"wp-block-paragraph\">&#8220;Tem sido um ano e tanto e vencer duas seguidas \u00e9 muito bom. Nos deixa em \u00f3tima situa\u00e7\u00e3o para as pr\u00f3ximas duas, \u00e9 realmente bom. Bem feliz com o carro e como me adaptei a ele&#8221;, completou.<\/p>\n\n\n\n<p class=\"wp-block-paragraph\">A 21\u00ba e pen\u00faltima etapa da temporada 2021 da\u00a0<a href=\"https:\/\/www.grandepremio.com\/formula-1\/\" target=\"_blank\" rel=\"noreferrer noopener\">F\u00f3rmula 1<\/a>\u00a0est\u00e1 marcada para daqui a duas semanas, entre 3 e 5 de dezembro, e vai marcar a estreia da Ar\u00e1bia Saudita no Mundial.<\/p>\n\n\n\n<p class=\"wp-block-paragraph\"><strong>\u25b6\ufe0f\u00a0Inscreva-se nos dois canais do GRANDE PR\u00caMIO no YouTube:\u00a0<a href=\"https:\/\/www.youtube.com\/channel\/UC9OlHEgxoaY6QY6nWPoiqQg?sub_confirmation=1\" target=\"_blank\" rel=\"noreferrer noopener\">GP<\/a>\u00a0|\u00a0<a href=\"https:\/\/www.youtube.com\/channel\/UC9csiS6q_C3C0FYhyr1rnFA?sub_confirmation=1\" target=\"_blank\" rel=\"noreferrer noopener\">GP2<\/a><\/strong><\/p>\n","protected":false},"excerpt":{"rendered":"<p>Lewis Hamilton valorizou a vit\u00f3ria extremamente segura que teve no GP do Catar e, principalmente, o fato de encaixar duas seguidas \u00e0s v\u00e9speras da decis\u00e3o de um dos campeonatos mais equilibrados da hist\u00f3ria da F1<\/p>\n","protected":false},"author":0,"featured_media":1000526839,"comment_status":"closed","ping_status":"closed","sticky":false,"template":"","format":"standard","meta":{"42wp_featured_image_caption":"","42wp_featured_image_credits":"","42wp_featured_video":"","42wp_featured_image_hidden":false,"42wp_authors_list":[],"footnotes":""},"categories":[2],"tags":[147,156,24837,26275,600,87,203,30088],"42wp_author":[47117],"class_list":["post-116136","post","type-post","status-publish","format-standard","has-post-thumbnail","hentry","category-f1","tag-f1","tag-f1-2021","tag-formula-1-2","tag-formula-1-2021-3","tag-gp-do-catar","tag-lewis-hamilton","tag-max-verstappen","tag-qatar-gp","42wp_author-gabriel-curty"],"_links":{"self":[{"href":"https:\/\/grandepremio.com\/br\/wp-json\/wp\/v2\/posts\/116136","targetHints":{"allow":["GET"]}}],"collection":[{"href":"https:\/\/grandepremio.com\/br\/wp-json\/wp\/v2\/posts"}],"about":[{"href":"https:\/\/grandepremio.com\/br\/wp-json\/wp\/v2\/types\/post"}],"replies":[{"embeddable":true,"href":"https:\/\/grandepremio.com\/br\/wp-json\/wp\/v2\/comments?post=116136"}],"version-history":[{"count":0,"href":"https:\/\/grandepremio.com\/br\/wp-json\/wp\/v2\/posts\/116136\/revisions"}],"wp:featuredmedia":[{"embeddable":true,"href":"https:\/\/grandepremio.com\/br\/wp-json\/wp\/v2\/media\/1000526839"}],"wp:attachment":[{"href":"https:\/\/grandepremio.com\/br\/wp-json\/wp\/v2\/media?parent=116136"}],"wp:term":[{"taxonomy":"category","embeddable":true,"href":"https:\/\/grandepremio.com\/br\/wp-json\/wp\/v2\/categories?post=116136"},{"taxonomy":"post_tag","embeddable":true,"href":"https:\/\/grandepremio.com\/br\/wp-json\/wp\/v2\/tags?post=116136"},{"taxonomy":"42wp_author","embeddable":true,"href":"https:\/\/grandepremio.com\/br\/wp-json\/wp\/v2\/42wp_author?post=116136"}],"curies":[{"name":"wp","href":"https:\/\/api.w.org\/{rel}","templated":true}]}}