{"id":116153,"date":"2021-11-20T15:16:51","date_gmt":"2021-11-20T18:16:51","guid":{"rendered":"https:\/\/grandepremio.com\/br\/noticias\/max-verstappen-convocado-comissarios-ignorar-bandeiras-amarelas-catar\/"},"modified":"2021-11-20T15:16:59","modified_gmt":"2021-11-20T18:16:59","slug":"max-verstappen-convocado-comissarios-ignorar-bandeiras-amarelas-catar","status":"publish","type":"post","link":"https:\/\/grandepremio.com\/br\/f1\/max-verstappen-convocado-comissarios-ignorar-bandeiras-amarelas-catar\/","title":{"rendered":"Verstappen \u00e9 convocado \u00e0 sala dos comiss\u00e1rios por ignorar bandeiras amarelas no Catar"},"content":{"rendered":"\n<figure class=\"wp-block-embed is-type-video is-provider-youtube wp-block-embed-youtube wp-embed-aspect-16-9 wp-has-aspect-ratio\"><div class=\"wp-block-embed__wrapper\">\n<iframe loading=\"lazy\" title=\"F1 NO CATAR, CLASSIFICA\u00c7\u00c3O: HAMILTON POLE, VERSTAPPEN 2\u00b0 | Briefing\" width=\"500\" height=\"281\" src=\"https:\/\/www.youtube.com\/embed\/Xk_XmjMt-oE?feature=oembed\" frameborder=\"0\" allow=\"accelerometer; autoplay; clipboard-write; encrypted-media; gyroscope; picture-in-picture; web-share\" referrerpolicy=\"strict-origin-when-cross-origin\" allowfullscreen><\/iframe>\n<\/div><figcaption>TUDO SOBRE A CLASSIFICA\u00c7\u00c3O DO GP DO CATAR DE F1<\/figcaption><\/figure>\n\n\n\n<p class=\"wp-block-paragraph\">Pode at\u00e9 parecer uma hist\u00f3ria criada em roteiro, mas n\u00e3o \u00e9 o caso. Pela segunda semana seguida, no momento em que o campeonato afunila e chega pr\u00f3ximo ao fim, uma classifica\u00e7\u00e3o da F\u00f3rmula 1 terminar\u00e1 somente no dia seguinte. Ap\u00f3s a celeuma no Brasil, Max Verstappen foi convocado para reuni\u00e3o junto aos comiss\u00e1rios por conta da velocidade na pista durante regime de bandeiras amarelas duplas na <a href=\"https:\/\/www.grandepremio.com\/br\/f1\/noticias\/lewis-hamilton-derrota-max-verstappen-conquista-pole-gp-do-catar-formula-1\/\">defini\u00e7\u00e3o do grid deste s\u00e1bado (20)<\/a>, no Catar. Como o evento catari \u00e9 realizado no per\u00edodo noturno, o encontro de Max com a FIA ficou para a manh\u00e3 do domingo.<\/p>\n\n\n\n<p class=\"wp-block-paragraph\"><strong>\u25b6\ufe0f\u00a0Inscreva-se nos dois canais do GRANDE PR\u00caMIO no YouTube:\u00a0<a href=\"https:\/\/www.youtube.com\/channel\/UC9OlHEgxoaY6QY6nWPoiqQg?sub_confirmation=1\" target=\"_blank\" rel=\"noreferrer noopener\">GP<\/a>\u00a0|\u00a0<a href=\"https:\/\/www.youtube.com\/channel\/UC9csiS6q_C3C0FYhyr1rnFA?sub_confirmation=1\" target=\"_blank\" rel=\"noreferrer noopener\">GP2<\/a><\/strong><\/p>\n\n\n\n<p class=\"wp-block-paragraph\">Verstappen tentava brigar pela pole no Q3 em Losail quando, por ser o \u00faltimo a abrir volta r\u00e1pida, teria a \u00faltima palavra no tempo de volta. Acontece que, um pouco \u00e0 frente, Pierre Gasly passou por uma das zebras altas e teve uma quebra de asa dianteira. Um peda\u00e7o da asa furou o pneu, o que fez o franc\u00eas parar na reta. A dire\u00e7\u00e3o de prova assinalou as duas bandeiras amarelas, algo que mostrava ao restante dos pilotos a seriedade de alguma coisa que acontecia na pista.<\/p>\n\n\n\n<p class=\"wp-block-paragraph\">Com as bandeiras amarelas surgindo j\u00e1 nos \u00faltimos instantes da sess\u00e3o, era efetivamente o fim da briga por posi\u00e7\u00f5es no Q3, uma vez que os pilotos deveriam diminuir a velocidade. Verstappen, embora n\u00e3o tenha feito uma volta r\u00e1pida impressionante, melhorou o tempo depois disso.<\/p>\n\n\n\n<figure class=\"wp-block-image size-large\"><img decoding=\"async\" src=\"https:\/\/www.grandepremio.com\/br\/wp-content\/uploads\/2021\/11\/SI202111200247_news-1024x683.jpg\" alt=\"MAX VERSTAPPEN; F1; F\u00d3RMULA 1; F1 2021; RED BULL; CATAR; LOSAIL;\" class=\"wp-image-526693\"\/><figcaption>Piloto da Red Bull mira ultrapassar rival da Mercedes na largada em Losail (Foto: Mark Thompson\/Red Bull Content Pool\/Getty Images)<\/figcaption><\/figure>\n\n\n\n<p class=\"wp-block-paragraph\"><strong>Conhe\u00e7a o canal do Grande Pr\u00eamio no YouTube! Clique\u00a0<a target=\"_blank\" href=\"https:\/\/youtube.com\/GrandePremioTV\" rel=\"noreferrer noopener\">aqui<\/a>.<\/strong><br><strong>Siga o Grande Pr\u00eamio no\u00a0<a target=\"_blank\" href=\"https:\/\/twitter.com\/grandepremio\" rel=\"noreferrer noopener\">Twitter\u00a0<\/a>e no\u00a0<a target=\"_blank\" href=\"https:\/\/instagram.com\/grandepremio\" rel=\"noreferrer noopener\">Instagram<\/a>!<\/strong><\/p>\n\n\n\n<p class=\"wp-block-paragraph\">&#8220;Qualquer piloto que passe por fiscais sacudindo as duas bandeiras amarelas num setor, deve reduzir a velocidade de maneira significativa e ficar preparado para mudar de dire\u00e7\u00e3o ou parar. Para que os comiss\u00e1rios fiquem satisfeitos que todos os pilotos cumpriram essas exig\u00eancias, deve ficar claro que o piloto n\u00e3o tentou marcar uma volta representativa. Para prop\u00f3sitos pr\u00e1ticos: qualquer piloto que marcar um tempo representativo num setor de bandeiras amarelas duplas ter\u00e1 essa volta deletada&#8221;, \u00e9 o que diz o livro de regras do evento.<\/p>\n\n\n\n<p class=\"wp-block-paragraph\">Pela melhora de tempo na volta final, Verstappen se encontrar\u00e1 com os comiss\u00e1rios \u00e0s 7h (de Bras\u00edlia, 13h locais) do domingo. Verstappen ter\u00e1 a companhia de algum representante da Red Bull, e os comiss\u00e1rios tentar\u00e3o avaliar se Max ignorou as bandeiras amarelas duplas ou se o tempo de volta foi constru\u00eddo nos primeiros dois setores da pista.<\/p>\n\n\n\n<p class=\"wp-block-paragraph\">Caso seja punido, a puni\u00e7\u00e3o sugerida pela regra \u00e9 a anula\u00e7\u00e3o da volta r\u00e1pida &#8211; 1min21s282. Se for isso mesmo a acontecer, Verstappen ficar\u00e1 com 1min21s424 e ainda o segundo lugar do grid de largada no Catar.<\/p>\n\n\n\n<p class=\"wp-block-paragraph\">A estreia do GP do Catar na F\u00f3rmula 1 est\u00e1 marcada para este domingo, a partir das 11h (hor\u00e1rio de Bras\u00edlia). O <strong>GRANDE PR\u00caMIO<\/strong> acompanha tudo <a href=\"https:\/\/www.grandepremio.com\/br\/f1\/ao-vivo\"><strong>AO VIVO<\/strong> e <strong>EM TEMPO REAL<\/strong><\/a>.<\/p>\n\n\n\n<figure class=\"wp-block-embed is-type-rich is-provider-spotify wp-block-embed-spotify wp-embed-aspect-21-9 wp-has-aspect-ratio\"><div class=\"wp-block-embed__wrapper\">\nhttps:\/\/open.spotify.com\/episode\/1palF4eJJB25OD2cO7SS4J\n<\/div><figcaption>Paddockast #130: As maiores atua\u00e7\u00f5es da carreira de Hamilton na F1<\/figcaption><\/figure>\n","protected":false},"excerpt":{"rendered":"<p>A classifica\u00e7\u00e3o do GP do Catar \u00e9 mais uma na temporada da F\u00f3rmula 1 que n\u00e3o acaba no mesmo dia. Max Verstappen ter\u00e1 de ir aos comiss\u00e1rios no domingo<\/p>\n","protected":false},"author":0,"featured_media":1000526806,"comment_status":"closed","ping_status":"closed","sticky":false,"template":"","format":"standard","meta":{"42wp_featured_image_caption":"","42wp_featured_image_credits":"","42wp_featured_video":"","42wp_featured_image_hidden":false,"42wp_authors_list":[],"footnotes":""},"categories":[2],"tags":[26313,156,103,25536,600,24836,28285,5790,203,204],"42wp_author":[47120],"class_list":["post-116153","post","type-post","status-publish","format-standard","has-post-thumbnail","hentry","category-f1","tag-comissarios-2","tag-f1-2021","tag-fia","tag-formula-1-2021-2","tag-gp-do-catar","tag-grande-premio-2","tag-grandepremio","tag-losail","tag-max-verstappen","tag-red-bull","42wp_author-pedro-henrique-marum"],"_links":{"self":[{"href":"https:\/\/grandepremio.com\/br\/wp-json\/wp\/v2\/posts\/116153","targetHints":{"allow":["GET"]}}],"collection":[{"href":"https:\/\/grandepremio.com\/br\/wp-json\/wp\/v2\/posts"}],"about":[{"href":"https:\/\/grandepremio.com\/br\/wp-json\/wp\/v2\/types\/post"}],"replies":[{"embeddable":true,"href":"https:\/\/grandepremio.com\/br\/wp-json\/wp\/v2\/comments?post=116153"}],"version-history":[{"count":0,"href":"https:\/\/grandepremio.com\/br\/wp-json\/wp\/v2\/posts\/116153\/revisions"}],"wp:featuredmedia":[{"embeddable":true,"href":"https:\/\/grandepremio.com\/br\/wp-json\/wp\/v2\/media\/1000526806"}],"wp:attachment":[{"href":"https:\/\/grandepremio.com\/br\/wp-json\/wp\/v2\/media?parent=116153"}],"wp:term":[{"taxonomy":"category","embeddable":true,"href":"https:\/\/grandepremio.com\/br\/wp-json\/wp\/v2\/categories?post=116153"},{"taxonomy":"post_tag","embeddable":true,"href":"https:\/\/grandepremio.com\/br\/wp-json\/wp\/v2\/tags?post=116153"},{"taxonomy":"42wp_author","embeddable":true,"href":"https:\/\/grandepremio.com\/br\/wp-json\/wp\/v2\/42wp_author?post=116153"}],"curies":[{"name":"wp","href":"https:\/\/api.w.org\/{rel}","templated":true}]}}