{"id":11617,"date":"2026-02-28T21:02:59","date_gmt":"2026-03-01T00:02:59","guid":{"rendered":"https:\/\/grandepremio.com\/br\/noticias\/scott-mclaughlin-credita-pole-st-pete-novo-engenheiro-ele-me-deu-otimo-carro\/"},"modified":"2026-02-28T21:29:32","modified_gmt":"2026-03-01T00:29:32","slug":"scott-mclaughlin-credita-pole-st-pete-novo-engenheiro-ele-me-deu-otimo-carro","status":"publish","type":"post","link":"https:\/\/grandepremio.com\/br\/indy\/scott-mclaughlin-credita-pole-st-pete-novo-engenheiro-ele-me-deu-otimo-carro\/","title":{"rendered":"McLaughlin credita pole em St. Pete a novo engenheiro: &#8220;Ele me deu um \u00f3timo carro&#8221;"},"content":{"rendered":"\n<p class=\"wp-block-paragraph\"><strong>Scott McLaughlin<\/strong> cravou a pole-position para o <strong>GP de S\u00e3o Petersburgo<\/strong> <a href=\"https:\/\/www.grandepremio.com\/br\/indy\/noticias\/scott-mclaughlin-supera-rivais-encerra-jejum-crava-pole-gp-de-st-pete-indy\/\">neste s\u00e1bado (28)<\/a>. O piloto do #3 afirmou que tem um bom carro para a primeira etapa da temporada 2026 da <strong>Indy<\/strong> e que se deve muito ao trabalho do novo engenheiro, <strong>Raul Prados<\/strong>.<\/p>\n\n\n\n<p class=\"wp-block-paragraph\">McLaughlin j\u00e1 dava sinais de que seria competitivo em S\u00e3o Petersburgo. Liderou o TL1 na \u00faltima sexta-feira e foi presen\u00e7a constante nas primeiras posi\u00e7\u00f5es na classifica\u00e7\u00e3o. Na parte final da sess\u00e3o, anotou <strong>1min00s542<\/strong>&nbsp;e ficou \u00e0 frente de <strong>Marcus Ericsson<\/strong> e do estreante <strong>Dennis Hauger<\/strong>.<\/p>\n\n\n\n<p class=\"wp-block-paragraph\">O piloto da <strong>Penske<\/strong> encerrou um jejum de um ano sem largar na posi\u00e7\u00e3o de honra \u2014 a \u00faltima foi justamente no circuito de rua da Fl\u00f3rida em 2025. E o retrospecto em St. Pete \u00e9 positivo: s\u00e3o tr\u00eas poles nos \u00faltimos cinco anos, al\u00e9m de ser o palco da primeira vit\u00f3ria da carreira.<\/p>\n\n\n\n<figure class=\"wp-block-image size-large\"><img decoding=\"async\" src=\"https:\/\/www.grandepremio.com\/br\/wp-content\/uploads\/2026\/02\/Firestone-Grand-Prix-of-St_-Petersburg-Friday_-February-27_-2026_Large-Image-Without-Watermark_m146595-1200x800.jpg\" alt=\"\" class=\"wp-image-1062285\"\/><figcaption class=\"wp-element-caption\">Scott McLaughlin vai largar na frente no GP de S\u00e3o Petersburgo (Foto: Indycar)<\/figcaption><\/figure>\n\n\n\n<p class=\"wp-block-paragraph\">Questionado sobre como conseguiu fazer o tempo mais r\u00e1pido do s\u00e1bado, Scott respondeu: &#8220;Gra\u00e7as \u00e0 minha \u00f3tima equipe e ao meu novo engenheiro, Raul. Ele \u00e9 um cara incr\u00edvel e me deu um grande carro&#8221;, afirmou \u00e0 Fox.<\/p>\n\n\n\n<p class=\"wp-block-paragraph\">&#8220;J\u00e1 tivemos experi\u00eancias anteriores aqui com um \u00f3timo carro tamb\u00e9m, estou realmente muito empolgado. Obviamente, \u00e9 um bom come\u00e7o, j\u00e1 que repetimos o feito do ano passado. \u00c9 muito bom&#8221;, exaltou.<\/p>\n\n\n\n<p class=\"wp-block-paragraph\">&#8220;Foi uma volta e tanto e uma grande mudan\u00e7a no carro entre as sess\u00f5es. Fizemos a primeira parte do trabalho hoje e precisamos termin\u00e1-lo amanh\u00e3&#8221;, completou McLaughlin.<\/p>\n\n\n\n<p class=\"wp-block-paragraph\">Depois da defini\u00e7\u00e3o do grid de largada, a Indy retorna neste domingo (1), com o GP de St. Pete. A primeira etapa da temporada 2026 est\u00e1 marcada para 14h (de Bras\u00edlia, GMT -3).<\/p>\n\n\n\n<p class=\"wp-block-paragraph\">\u25b6\ufe0f&nbsp;<strong>Inscreva-se nos dois canais do GRANDE PR\u00caMIO no YouTube:&nbsp;<a href=\"https:\/\/www.youtube.com\/channel\/UC9OlHEgxoaY6QY6nWPoiqQg?sub_confirmation=1\" target=\"_blank\" rel=\"noreferrer noopener\">GP<\/a>&nbsp;|&nbsp;<a href=\"https:\/\/www.youtube.com\/channel\/UC9csiS6q_C3C0FYhyr1rnFA?sub_confirmation=1\" target=\"_blank\" rel=\"noreferrer noopener\">GPTV<\/a><\/strong><\/p>\n\n\n\n<h2 class=\"wp-block-heading\" id=\"h-indy-hoje-saiba-aqui-as-noticias-mais-importantes-do-dia-da-indycar-series\"><strong>Indy hoje: saiba aqui as not\u00edcias mais importantes do dia da IndyCar Series<\/strong><\/h2>\n\n\n\n<p class=\"wp-block-paragraph\">\u25b6\ufe0f&nbsp;<a href=\"https:\/\/www.grandepremio.com\/br\/indy\/noticias\/guia-2026-dominio-incomum-faz-indy-abrir-temporada-em-modo-todos-contra-alex-palou\/\"><strong>GUIA 2026: Dom\u00ednio incomum faz Indy abrir temporada em modo todos contra Palou<\/strong><\/a><br>\u25b6\ufe0f&nbsp;<strong><a href=\"https:\/\/www.grandepremio.com\/br\/indy\/noticias\/guia-2026-favoritos-azaroes-incognitas-o-raio-x-temporada-indy\/\">GUIA 2026: Favoritos, azar\u00f5es e inc\u00f3gnitas \u2014 o raio-x da temporada da Indy<\/a><\/strong><br>\u25b6\ufe0f&nbsp;<strong><a href=\"https:\/\/www.grandepremio.com\/br\/indy\/noticias\/guia-2026-indy-agita-bastidores-com-gp-para-trump-e-orgao-fiscal-sabor-independente\/\">GUIA 2026: Indy agita bastidores com GP para Trump e \u00f3rg\u00e3o fiscal \u2018sabor\u2019 independente<\/a><\/strong><br>\u25b6\ufe0f&nbsp;<strong><a href=\"https:\/\/www.grandepremio.com\/br\/indy\/noticias\/guia-2026-indy-entra-abre-temporada-calendario-equilibrado-grandes-novidades\/\">GUIA 2026: Indy abre temporada com calend\u00e1rio equilibrado e grandes novidades<\/a><\/strong><br>\u25b6\ufe0f&nbsp;<strong><a href=\"https:\/\/www.grandepremio.com\/br\/indy\/noticias\/caio-collet-destaca-evolucao-com-foyt-testes-indy-phoenix-ganhei-confianca\/\">Collet destaca evolu\u00e7\u00e3o com Foyt em testes da Indy em Phoenix: \u201cGanhei confian\u00e7a\u201d<\/a><\/strong><br>\u25b6\ufe0f&nbsp;<strong><a href=\"https:\/\/www.grandepremio.com\/br\/indy\/noticias\/pato-oward-almeja-titulo-vitoria-indy-500-2026-podemos-ganhar-tudo\/\">O\u2019Ward almeja t\u00edtulo e vit\u00f3ria na Indy 500 em 2026: \u201cPodemos ganhar tudo\u201d<\/a><\/strong><\/p>\n","protected":false},"excerpt":{"rendered":"<p>Scott McLaughlin festejou a pole-position no GP de S\u00e3o Petersburgo neste s\u00e1bado (28) e a creditou ao novo engenheiro na Penske, Raul Prados<\/p>\n","protected":false},"author":0,"featured_media":1001062742,"comment_status":"closed","ping_status":"closed","sticky":false,"template":"","format":"standard","meta":{"42wp_featured_image_caption":"","42wp_featured_image_credits":"","42wp_featured_video":"","42wp_featured_image_hidden":false,"42wp_authors_list":[],"footnotes":""},"categories":[3],"tags":[2980,3172,9828,617,417,41045,3134,39286,448,1848,25053,231,649,3486,1824,831,41046,334,1581,4925,1142,3837,3144,619,322,45994,1595,1826,41184,4938,3773,25213,25661,29099,45993,3622,23410,26235,9851,3771,25472,38377,26343,45771,5548,3475,45274,45990,130,2552,2561,2555,93,41047,232,27726,27665,30500,94,2514,1555,4157,35404,791,3419,4985,31652,3936,3352,1569,90,1782,1294,4166,4510,40701,3136,26044,40869,25714,34364,43094,3135,20825,99,265,2463,3769,45992,349,10198,2188,1331,3838,1869,120,830,732,266,5682,43796,3500,31345,44938,2610,45991,3133],"42wp_author":[47163],"class_list":["post-11617","post","type-post","status-publish","format-standard","has-post-thumbnail","hentry","category-indy","tag-500-milhas-indianapolis","tag-alabama","tag-alex-palou","tag-alexander-rossi","tag-andretti","tag-arlington","tag-barber","tag-barber-motorsports-park","tag-caio-collet","tag-callum-ilott","tag-canada","tag-chevrolet","tag-christian-lundgaard","tag-christian-rasmussen","tag-conor-daly","tag-dale-coyne","tag-dallas-cowboys","tag-david-malukas","tag-dennis-hauger","tag-detroit","tag-dreyer-reinbold","tag-elkhart-lake","tag-felix-rosenqvist","tag-formula-indy","tag-foyt","tag-freedom-250","tag-ganassi","tag-gateway","tag-gp-de-arlington","tag-gp-de-detroit","tag-gp-de-gateway","tag-gp-de-indianapolis","tag-gp-de-laguna-seca","tag-gp-de-long-beach","tag-gp-de-markham","tag-gp-de-mid-ohio","tag-gp-de-milwaukee","tag-gp-de-nashville","tag-gp-de-phoenix","tag-gp-de-portland","tag-gp-de-road-america","tag-gp-de-st-petersburgo","tag-gp-de-st-pete","tag-gp-de-washington","tag-gp-do-alabama","tag-graham-rahal","tag-guia-2026","tag-guia-da-indy-2026","tag-honda","tag-ims","tag-indianapolis","tag-indianapolis-motor-speedway","tag-indy","tag-indy-2026","tag-indy-500","tag-indy-ao-vivo","tag-indy-na-band","tag-indy-na-espn","tag-indycar","tag-jack-harvey","tag-josef-newgarden","tag-juncos","tag-kyffin-simpson","tag-kyle-kirkwood","tag-laguna-seca","tag-long-beach","tag-louis-foster","tag-madison","tag-marcus-armstrong","tag-marcus-ericsson","tag-mclaren","tag-meyer-shank","tag-mick-schumacher","tag-mid-ohio","tag-milwaukee","tag-milwaukee-mile","tag-misto","tag-nashville","tag-nashville-superspeedway","tag-nolan-siegel","tag-onde-assistir-a-indy","tag-onde-assistir-a-indy-ao-vivo","tag-oval","tag-oval-de-phoenix","tag-pato-oward","tag-penske","tag-phoenix","tag-portland","tag-portland-internacional-raceway","tag-prema","tag-rahal-letterman-lanigan","tag-rinus-veekay","tag-rll","tag-road-america","tag-robert-shwartzman","tag-romain-grosjean","tag-santino-ferrucci","tag-scott-dixon","tag-scott-mclaughlin","tag-st-pete","tag-st-louis","tag-sting-ray-robb","tag-temporada-2026","tag-temporada-2026-da-indy","tag-texas","tag-texas-rangers","tag-will-power","42wp_author-caio-cavalcante"],"_links":{"self":[{"href":"https:\/\/grandepremio.com\/br\/wp-json\/wp\/v2\/posts\/11617","targetHints":{"allow":["GET"]}}],"collection":[{"href":"https:\/\/grandepremio.com\/br\/wp-json\/wp\/v2\/posts"}],"about":[{"href":"https:\/\/grandepremio.com\/br\/wp-json\/wp\/v2\/types\/post"}],"replies":[{"embeddable":true,"href":"https:\/\/grandepremio.com\/br\/wp-json\/wp\/v2\/comments?post=11617"}],"version-history":[{"count":0,"href":"https:\/\/grandepremio.com\/br\/wp-json\/wp\/v2\/posts\/11617\/revisions"}],"wp:featuredmedia":[{"embeddable":true,"href":"https:\/\/grandepremio.com\/br\/wp-json\/wp\/v2\/media\/1001062742"}],"wp:attachment":[{"href":"https:\/\/grandepremio.com\/br\/wp-json\/wp\/v2\/media?parent=11617"}],"wp:term":[{"taxonomy":"category","embeddable":true,"href":"https:\/\/grandepremio.com\/br\/wp-json\/wp\/v2\/categories?post=11617"},{"taxonomy":"post_tag","embeddable":true,"href":"https:\/\/grandepremio.com\/br\/wp-json\/wp\/v2\/tags?post=11617"},{"taxonomy":"42wp_author","embeddable":true,"href":"https:\/\/grandepremio.com\/br\/wp-json\/wp\/v2\/42wp_author?post=11617"}],"curies":[{"name":"wp","href":"https:\/\/api.w.org\/{rel}","templated":true}]}}