{"id":116184,"date":"2021-11-19T14:25:32","date_gmt":"2021-11-19T17:25:32","guid":{"rendered":"https:\/\/grandepremio.com\/br\/noticias\/mercedes-rebate-red-bull-marcas-asa-w12-fia-pode-olhar-quanto-quiser\/"},"modified":"2021-11-19T15:53:48","modified_gmt":"2021-11-19T18:53:48","slug":"mercedes-rebate-red-bull-marcas-asa-w12-fia-pode-olhar-quanto-quiser","status":"publish","type":"post","link":"https:\/\/grandepremio.com\/br\/f1\/mercedes-rebate-red-bull-marcas-asa-w12-fia-pode-olhar-quanto-quiser\/","title":{"rendered":"Mercedes rebate Red Bull sobre &#8220;marcas&#8221; em asa do W12: &#8220;A FIA pode olhar o quanto quiser&#8221;"},"content":{"rendered":"\n<figure class=\"wp-block-embed is-type-video is-provider-youtube wp-block-embed-youtube wp-embed-aspect-16-9 wp-has-aspect-ratio\"><div class=\"wp-block-embed__wrapper\">\n<iframe loading=\"lazy\" title=\"F1 NO CATAR: VERSTAPPEN SEM PUNI\u00c7\u00c3O, BOTTAS L\u00cdDER DOS TREINOS | Briefing\" width=\"500\" height=\"281\" src=\"https:\/\/www.youtube.com\/embed\/rZ-ILJqzJy4?feature=oembed\" frameborder=\"0\" allow=\"accelerometer; autoplay; clipboard-write; encrypted-media; gyroscope; picture-in-picture; web-share\" referrerpolicy=\"strict-origin-when-cross-origin\" allowfullscreen><\/iframe>\n<\/div><figcaption>F1 NO CATAR: VERSTAPPEN SEM PUNI\u00c7\u00c3O, BOTTAS L\u00cdDER DOS TREINOS | Briefing<\/figcaption><\/figure>\n\n\n\n<p class=\"wp-block-paragraph\">O clima tenso entre Red Bull e Mercedes seguiu na coletiva de imprensa dos chefes de equipe, realizada nesta sexta-feira (19), no Catar. Christian Horner, l\u00edder do time austr\u00edaco, seguiu reclamando da asa traseira da rival, que rendeu diversas discuss\u00f5es ap\u00f3s uma irregularidade no DRS ser identificada ap\u00f3s a classifica\u00e7\u00e3o de sexta-feira no GP de S\u00e3o Paulo, for\u00e7ando o heptacampe\u00e3o mundial Lewis Hamilton a largar do fim do grid na corrida sprint.<\/p>\n\n\n\n<p class=\"wp-block-paragraph\">Preparado para protestar novamente contra a Mercedes, Horner,<a href=\"https:\/\/www.grandepremio.com\/br\/f1\/noticias\/mercedes-abre-ringue-luta-red-bull-formula-1-agora-e-mma\/\"> que esteve ao lado de<\/a> Toto Wolff, chefe dos alem\u00e3es, na coletiva, citou poss\u00edveis marcas em um dos flats da asa traseira do carro.<\/p>\n\n\n\n<p class=\"wp-block-paragraph\">&#8220;Qusndo voc\u00ea tem uma diferen\u00e7a de 27 km\/h e v\u00ea &#8216;marcas&#8217; na asa traseira pelo tanto que elas flexionam, \u00e9 bem claro para n\u00f3s o que est\u00e1 acontecendo&#8221;, declarou Christian.<\/p>\n\n\n\n<p class=\"wp-block-paragraph\">Andrew Shovlin, chefe de engenharia da Mercedes, rebateu as cr\u00edticas de Horner e apontou que n\u00e3o existem anormalidades com a asa traseira dos carros de Lewis Hamilton e Valtteri Bottas.<\/p>\n\n\n\n<p class=\"wp-block-paragraph\"><strong>\u25b6\ufe0f&nbsp;Inscreva-se nos dois canais do GRANDE PR\u00caMIO no YouTube:&nbsp;<\/strong><a href=\"https:\/\/www.youtube.com\/channel\/UC9OlHEgxoaY6QY6nWPoiqQg?sub_confirmation=1\" target=\"_blank\" rel=\"noreferrer noopener\">GP<\/a><strong>&nbsp;|&nbsp;<\/strong><a href=\"https:\/\/www.youtube.com\/channel\/UC9csiS6q_C3C0FYhyr1rnFA?sub_confirmation=1\" target=\"_blank\" rel=\"noreferrer noopener\">GP2<\/a><\/p>\n\n\n\n<figure class=\"wp-block-image size-large\"><img decoding=\"async\" src=\"https:\/\/www.grandepremio.com\/br\/wp-content\/uploads\/2021\/11\/000_9RY6UY-1024x683.jpg\" alt=\"\" class=\"wp-image-526510\"\/><figcaption>Lewis Hamilton com a Mercedes no Catar (Foto: Andrej Isakovic\/AFP)<\/figcaption><\/figure>\n\n\n\n<p class=\"wp-block-paragraph\">&#8220;Olhamos e n\u00e3o h\u00e1 marcas, ent\u00e3o n\u00e3o temos certeza do que \u00e9. Mas parece que \u00e9 uma hist\u00f3ria que n\u00e3o vai embora. Do nosso ponto de vista, estamos absolutamente felizes com o que temos no carro&#8221;, comentou em entrevista \u00e0 emissora inglesa Sky Sports.<\/p>\n\n\n\n<p class=\"wp-block-paragraph\">&#8220;Convidamos a FIA a olhar o tanto que eles quiserem, e eles n\u00e3o enxergam nenhum problema com o que temos. N\u00f3s vamos a todos os circuitos, olhamos qual asa \u00e9 a mais r\u00e1pida e essa que instalamos no carro. E \u00e9 isso que vamos seguir fazendo&#8221;, completou.<\/p>\n\n\n\n<p class=\"wp-block-paragraph\">A&nbsp;<a href=\"https:\/\/www.grandepremio.com\/formula-1\/\" target=\"_blank\" rel=\"noreferrer noopener\">F\u00f3rmula 1<\/a>&nbsp;acelera neste fim de semana com o debutante GP do Catar, que ser\u00e1 disputado no circuito de&nbsp;<a href=\"https:\/\/www.grandepremio.com\/br\/etapa\/f1\/gp-do-catar-formula-1-2021\/\" target=\"_blank\" rel=\"noreferrer noopener\">Losail<\/a>. O treino livre 3 est\u00e1 marcado para 8h (de Bras\u00edlia, GMT-3) deste s\u00e1bado, e a classifica\u00e7\u00e3o est\u00e1 marcada para 11h, sempre com transmiss\u00e3o ao vivo do canal por assinatura BandSports e do servi\u00e7o de streaming F1 TV Pro. O&nbsp;<strong>GRANDE PR\u00caMIO<\/strong>&nbsp;acompanha todas as atividades de pista&nbsp;<strong><a href=\"https:\/\/www.grandepremio.com\/br\/ao-vivo\/f1\/\">AO VIVO e em&nbsp;<\/a><a href=\"https:\/\/www.grandepremio.com\/br\/ao-vivo\/\" target=\"_blank\" rel=\"noreferrer noopener\">TEMPO REAL<\/a><\/strong>.<\/p>\n\n\n\n<figure class=\"wp-block-video\"><video class=\"video-js vjs-big-play-centered\" data-gp-vjs=\"1\" controls src=\"https:\/\/www.grandepremio.com\/br\/wp-content\/uploads\/2021\/11\/VerstappenDRSCatar.mp4\"><\/video><figcaption>Max Verstappen tamb\u00e9m apresentou problemas na asa m\u00f3vel do carro no Catar (V\u00eddeo: Reprodu\u00e7\u00e3o)<\/figcaption><\/figure>\n","protected":false},"excerpt":{"rendered":"<p>Christian Horner tentou apontar irregularidades na asa traseira da Mercedes com &#8220;marcas&#8221;. Andrew Shovlin, chefe de engenharia da equipe alem\u00e3, respondeu<\/p>\n","protected":false},"author":0,"featured_media":1000526509,"comment_status":"closed","ping_status":"closed","sticky":false,"template":"","format":"standard","meta":{"42wp_featured_image_caption":"","42wp_featured_image_credits":"","42wp_featured_video":"","42wp_featured_image_hidden":false,"42wp_authors_list":[],"footnotes":""},"categories":[2],"tags":[5157,655,147,25536,600,87,5790,203,82,204],"42wp_author":[47119],"class_list":["post-116184","post","type-post","status-publish","format-standard","has-post-thumbnail","hentry","category-f1","tag-andrew-shovlin","tag-christian-horner","tag-f1","tag-formula-1-2021-2","tag-gp-do-catar","tag-lewis-hamilton","tag-losail","tag-max-verstappen","tag-mercedes","tag-red-bull","42wp_author-gabriel-carvalho"],"_links":{"self":[{"href":"https:\/\/grandepremio.com\/br\/wp-json\/wp\/v2\/posts\/116184","targetHints":{"allow":["GET"]}}],"collection":[{"href":"https:\/\/grandepremio.com\/br\/wp-json\/wp\/v2\/posts"}],"about":[{"href":"https:\/\/grandepremio.com\/br\/wp-json\/wp\/v2\/types\/post"}],"replies":[{"embeddable":true,"href":"https:\/\/grandepremio.com\/br\/wp-json\/wp\/v2\/comments?post=116184"}],"version-history":[{"count":0,"href":"https:\/\/grandepremio.com\/br\/wp-json\/wp\/v2\/posts\/116184\/revisions"}],"wp:featuredmedia":[{"embeddable":true,"href":"https:\/\/grandepremio.com\/br\/wp-json\/wp\/v2\/media\/1000526509"}],"wp:attachment":[{"href":"https:\/\/grandepremio.com\/br\/wp-json\/wp\/v2\/media?parent=116184"}],"wp:term":[{"taxonomy":"category","embeddable":true,"href":"https:\/\/grandepremio.com\/br\/wp-json\/wp\/v2\/categories?post=116184"},{"taxonomy":"post_tag","embeddable":true,"href":"https:\/\/grandepremio.com\/br\/wp-json\/wp\/v2\/tags?post=116184"},{"taxonomy":"42wp_author","embeddable":true,"href":"https:\/\/grandepremio.com\/br\/wp-json\/wp\/v2\/42wp_author?post=116184"}],"curies":[{"name":"wp","href":"https:\/\/api.w.org\/{rel}","templated":true}]}}