{"id":116221,"date":"2021-11-18T09:15:46","date_gmt":"2021-11-18T12:15:46","guid":{"rendered":"https:\/\/grandepremio.com\/br\/noticias\/oscar-piastri-descarta-correr-2022-tentar-chegar-formula-1-futuro-proximo\/"},"modified":"2021-11-18T09:15:54","modified_gmt":"2021-11-18T12:15:54","slug":"oscar-piastri-descarta-correr-2022-tentar-chegar-formula-1-futuro-proximo","status":"publish","type":"post","link":"https:\/\/grandepremio.com\/br\/f1\/oscar-piastri-descarta-correr-2022-tentar-chegar-formula-1-futuro-proximo\/","title":{"rendered":"Piastri descarta correr em 2022 por foco em \u201ctentar chegar \u00e0 F1 num futuro pr\u00f3ximo\u201d"},"content":{"rendered":"\n<figure class=\"wp-block-embed is-type-video is-provider-youtube wp-block-embed-youtube wp-embed-aspect-16-9 wp-has-aspect-ratio\"><div class=\"wp-block-embed__wrapper\">\n<iframe loading=\"lazy\" title=\"ACHAMOS OS DONOS DA BANDEIRA DE HAMILTON NO GP DE S\u00c3O PAULO DE F\u00d3RMULA 1 | TT GP #39\" width=\"500\" height=\"281\" src=\"https:\/\/www.youtube.com\/embed\/FyLAD64cN6k?feature=oembed\" frameborder=\"0\" allow=\"accelerometer; autoplay; clipboard-write; encrypted-media; gyroscope; picture-in-picture; web-share\" referrerpolicy=\"strict-origin-when-cross-origin\" allowfullscreen><\/iframe>\n<\/div><figcaption>ACHAMOS OS DONOS DA BANDEIRA DE HAMILTON NO GP DE SP DE F1 | TT GP #39<\/figcaption><\/figure>\n\n\n\n<p class=\"wp-block-paragraph\">Oscar Piastri \u00e9 o l\u00edder da temporada 2021 da F\u00f3rmula 2 e, com duas rodadas triplas para o desfecho do campeonato, \u00e9 o grande favorito ao t\u00edtulo na disputa que trava com o chin\u00eas Guanyu Zhou, que vai subir para a F1 no ano que vem com a Alfa Romeo. Mas independente de ser ou n\u00e3o campe\u00e3o da categoria de acesso, o australiano frisou que n\u00e3o vai seguir na F2 em 2022 para se dedicar por completo \u00e0 fun\u00e7\u00e3o de <a href=\"https:\/\/www.grandepremio.com\/br\/f1\/noticias\/alpine-anuncia-oscar-piastri-piloto-reserva-formula-1-temporada-2022\/\">reserva da Alpine e tentar dar o passo rumo \u00e0 F\u00f3rmula 1 num futuro pr\u00f3ximo<\/a>. Por isso, o jovem de 20 anos n\u00e3o considera sequer correr em outras categorias justamente para n\u00e3o perder o foco na maior das categorias.<\/p>\n\n\n\n<p class=\"wp-block-paragraph\">Piastri teria de esperar, pelo menos, at\u00e9 2023, j\u00e1 que o contrato da Alpine com Fernando Alonso foi renovado por mais uma temporada, enquanto a escuderia de Enstone renovou o v\u00ednculo com Esteban Ocon at\u00e9 2024.<\/p>\n\n\n\n<p class=\"wp-block-paragraph\">Com a promo\u00e7\u00e3o de Zhou para a Alfa Romeo na F1 em 2021, o grid ficou fechado para Piastri, mas o australiano garante que seu fuco est\u00e1 no futuro. Por isso, Oscar descartou a possibilidade de correr em outras categorias para manter o ritmo. O piloto prefere vivenciar tudo o que puder do ambiente da F\u00f3rmula 1.<\/p>\n\n\n\n<p class=\"wp-block-paragraph\"><strong>LEIA TAMB\u00c9M<\/strong><br><strong><a href=\"https:\/\/www.grandepremio.com\/br\/f1\/noticias\/bandeira-gesto-historico-lewis-hamilton-interlagos-era-fa-max-verstappen\/\">+Bandeira de gesto hist\u00f3rico de Hamilton em\u00a0<\/a><a href=\"https:\/\/www.grandepremio.com\/br\/etapa\/f1\/gp-de-sao-paulo-brasil-formula-1-2021\/\" target=\"_blank\" rel=\"noreferrer noopener\">Interlagos<\/a>\u00a0<a href=\"https:\/\/www.grandepremio.com\/br\/f1\/noticias\/bandeira-gesto-historico-lewis-hamilton-interlagos-era-fa-max-verstappen\/\">era de f\u00e3 de Verstappen<\/a><\/strong><\/p>\n\n\n\n<figure class=\"wp-block-image size-large\"><img decoding=\"async\" src=\"https:\/\/www.grandepremio.com\/br\/wp-content\/uploads\/2021\/09\/E-8UrYzWUAYYmoQ-1024x683.jpg\" alt=\"OSCAR PIASTRI; F\u00d3RMULA 2; MONZA; IT\u00c1LIA;\" class=\"wp-image-508296\"\/><figcaption>Foco de Oscar Piastri est\u00e1 todo voltado para a F\u00f3rmula 1 (Foto: Prema)<\/figcaption><\/figure>\n\n\n\n<p class=\"wp-block-paragraph\">\u201cQuero estar focado em chegar \u00e0 F1. Acho que estar no paddock o m\u00e1ximo que posso, estar no paddock com a Alpine o m\u00e1ximo que puder, para mim, mesmo que n\u00e3o esteja competindo, acho que \u00e9 igual, se n\u00e3o for mais ben\u00e9fico, para o meu objetivo de chegar \u00e0 F\u00f3rmula 1\u201d, declarou Piastri em entrevista coletiva nesta quinta-feira (18) em Losail, palco do GP do Catar neste fim de semana.<\/p>\n\n\n\n<p class=\"wp-block-paragraph\">\u201cPor mais que sinta falta de correr, porque n\u00e3o acho que vou correr em nada no ano que vem, acho que h\u00e1 um panorama mais amplo para focar em estar na F1 em primeiro lugar\u201d, salientou.<\/p>\n\n\n\n<p class=\"wp-block-paragraph\">O regulamento da F\u00f3rmula 2 determina que um piloto n\u00e3o pode defender o t\u00edtulo na temporada seguinte. Mas Piastri deixou claro que, mesmo que n\u00e3o consiga ser campe\u00e3o da categoria de acesso, n\u00e3o seguir\u00e1 no grid em 2022. \u201cN\u00e3o vou voltar para a F2 no ano que vem\u201d.<\/p>\n\n\n\n<p class=\"wp-block-paragraph\">Sobre estar em atividade em outra categoria, Oscar reiterou sua prioridade para 2022. \u201cN\u00e3o vou correr. Mas, novamente, se for algum tipo de distra\u00e7\u00e3o e significar que perca qualquer oportunidade com a Alpine no paddock da F1, ent\u00e3o n\u00e3o me interessa, para ser sincero\u201d.<\/p>\n\n\n\n<p class=\"wp-block-paragraph\"><strong>\u25b6\ufe0f\u00a0Inscreva-se nos dois canais do GRANDE PR\u00caMIO no YouTube:\u00a0<a href=\"https:\/\/www.youtube.com\/channel\/UC9OlHEgxoaY6QY6nWPoiqQg?sub_confirmation=1\" target=\"_blank\" rel=\"noreferrer noopener\">GP<\/a>\u00a0|\u00a0<a href=\"https:\/\/www.youtube.com\/channel\/UC9csiS6q_C3C0FYhyr1rnFA?sub_confirmation=1\" target=\"_blank\" rel=\"noreferrer noopener\">GP2<\/a><\/strong><\/p>\n\n\n\n<p class=\"wp-block-paragraph\">\u201cPor mais estranho que seja para mim dizer isso, prefiro n\u00e3o correr e estar focado no meu papel de reserva com o objetivo de tentar chegar \u00e0 F1 num futuro pr\u00f3ximo ao inv\u00e9s de me dedicar a qualquer outro lugar e perder um pouco do meu foco em ir para a F1\u201d, explicou.<\/p>\n\n\n\n<p class=\"wp-block-paragraph\">A F\u00f3rmula 1 ainda n\u00e3o determinou ao certo quantos treinos livres 1, as sess\u00f5es nas manh\u00e3s de sexta-feira, ser\u00e3o dedicadas somente aos pilotos novatos, mas Piastri enxerga na oportunidade a possibilidade de se desenvolver ainda mais enquanto aguarda pela chance t\u00e3o aguardada de ser promovido a titular.<\/p>\n\n\n\n<p class=\"wp-block-paragraph\">\u201cN\u00e3o sei quantos [treinos livres] v\u00e3o ser. Gostaria de pensar como piloto reserva, faria aqueles TL1 de jovens pilotos. Preciso analisar mais sobre isso e conversar com a Alpine, mas acho que, no momento, vai ser o piloto novato e ver se haver\u00e1 mais algum\u201d, finalizou.<\/p>\n\n\n\n<p class=\"wp-block-paragraph\">\u00a0A F\u00f3rmula 1 acelera neste fim de semana com o debutante GP do Catar, que ser\u00e1 disputado no circuito de Losail. O <strong>GRANDE PR\u00caMIO<\/strong> acompanha todas as atividades de pista <strong><a href=\"https:\/\/www.grandepremio.com\/br\/ao-vivo\/f1\/\">AO VIVO e em TEMPO REAL<\/a><\/strong>.<\/p>\n\n\n\n<figure class=\"wp-block-video\"><video class=\"video-js vjs-big-play-centered\" data-gp-vjs=\"1\" controls src=\"https:\/\/www.grandepremio.com\/br\/wp-content\/uploads\/2021\/11\/Historico-Hamilton-repete-gesto-de-Senna-em-Interlagos.mp4\"><\/video><figcaption>Achamos os donos da bandeira do Brasil com que Lewis Hamilton comemorou a vit\u00f3ria (V\u00eddeo: F1\/Band)<\/figcaption><\/figure>\n","protected":false},"excerpt":{"rendered":"<p>Novo reserva da Alpine, Oscar Piastri prefere n\u00e3o correr no ano que vem para se dedicar \u00e0 nova fun\u00e7\u00e3o com o objetivo de aprender tudo o que for poss\u00edvel antes de dar o pr\u00f3ximo passo<\/p>\n","protected":false},"author":0,"featured_media":1000526182,"comment_status":"closed","ping_status":"closed","sticky":false,"template":"","format":"standard","meta":{"42wp_featured_image_caption":"","42wp_featured_image_credits":"","42wp_featured_video":"","42wp_featured_image_hidden":false,"42wp_authors_list":[],"footnotes":""},"categories":[2],"tags":[20491,147,156,24837,25536,24951,600,24836,2916,986],"42wp_author":[47110],"class_list":["post-116221","post","type-post","status-publish","format-standard","has-post-thumbnail","hentry","category-f1","tag-alpine","tag-f1","tag-f1-2021","tag-formula-1-2","tag-formula-1-2021-2","tag-formula-2-2","tag-gp-do-catar","tag-grande-premio-2","tag-oscar-piastri","tag-reserva","42wp_author-fernando-silva"],"_links":{"self":[{"href":"https:\/\/grandepremio.com\/br\/wp-json\/wp\/v2\/posts\/116221","targetHints":{"allow":["GET"]}}],"collection":[{"href":"https:\/\/grandepremio.com\/br\/wp-json\/wp\/v2\/posts"}],"about":[{"href":"https:\/\/grandepremio.com\/br\/wp-json\/wp\/v2\/types\/post"}],"replies":[{"embeddable":true,"href":"https:\/\/grandepremio.com\/br\/wp-json\/wp\/v2\/comments?post=116221"}],"version-history":[{"count":0,"href":"https:\/\/grandepremio.com\/br\/wp-json\/wp\/v2\/posts\/116221\/revisions"}],"wp:featuredmedia":[{"embeddable":true,"href":"https:\/\/grandepremio.com\/br\/wp-json\/wp\/v2\/media\/1000526182"}],"wp:attachment":[{"href":"https:\/\/grandepremio.com\/br\/wp-json\/wp\/v2\/media?parent=116221"}],"wp:term":[{"taxonomy":"category","embeddable":true,"href":"https:\/\/grandepremio.com\/br\/wp-json\/wp\/v2\/categories?post=116221"},{"taxonomy":"post_tag","embeddable":true,"href":"https:\/\/grandepremio.com\/br\/wp-json\/wp\/v2\/tags?post=116221"},{"taxonomy":"42wp_author","embeddable":true,"href":"https:\/\/grandepremio.com\/br\/wp-json\/wp\/v2\/42wp_author?post=116221"}],"curies":[{"name":"wp","href":"https:\/\/api.w.org\/{rel}","templated":true}]}}