{"id":116222,"date":"2021-11-18T08:36:47","date_gmt":"2021-11-18T11:36:47","guid":{"rendered":"https:\/\/grandepremio.com\/br\/noticias\/franco-morbidelli-celebra-chance-assistir-ultimas-voltas-valentino-rossi-na-motogp-posicao-especial\/"},"modified":"2021-11-18T08:37:37","modified_gmt":"2021-11-18T11:37:37","slug":"franco-morbidelli-celebra-chance-assistir-ultimas-voltas-valentino-rossi-na-motogp-posicao-especial","status":"publish","type":"post","link":"https:\/\/grandepremio.com\/br\/motogp\/franco-morbidelli-celebra-chance-assistir-ultimas-voltas-valentino-rossi-na-motogp-posicao-especial\/","title":{"rendered":"Morbidelli celebra chance de assistir \u00faltimas voltas de Rossi em \u201cposi\u00e7\u00e3o especial\u201d"},"content":{"rendered":"\n<figure class=\"wp-block-embed is-type-video is-provider-youtube wp-block-embed-youtube wp-embed-aspect-16-9 wp-has-aspect-ratio\"><div class=\"wp-block-embed__wrapper\">\n<iframe loading=\"lazy\" title=\"ROSSI ENCERRA CAP\u00cdTULO DA HIST\u00d3RIA DA MOTOGP EM VAL\u00caNCIA | GP \u00e0s 10\" width=\"500\" height=\"281\" src=\"https:\/\/www.youtube.com\/embed\/ubclM1PZbGQ?feature=oembed\" frameborder=\"0\" allow=\"accelerometer; autoplay; clipboard-write; encrypted-media; gyroscope; picture-in-picture; web-share\" referrerpolicy=\"strict-origin-when-cross-origin\" allowfullscreen><\/iframe>\n<\/div><figcaption>ROSSI ENCERRA CAP\u00cdTULO DA HIST\u00d3RIA DA MOTOGP EM VAL\u00caNCIA | GP \u00e0s 10<\/figcaption><\/figure>\n\n\n\n<p class=\"wp-block-paragraph\">Franco Morbidelli assistiu \u00e0 despedida de Valentino Rossi da MotoGP da primeira fila. Amigo e pupilo do multicampe\u00e3o, o piloto da Yamaha ficou com a 11\u00aa coloca\u00e7\u00e3o no GP da Comunidade Valenciana, s\u00f3 0s617 atr\u00e1s do advers\u00e1rio da sat\u00e9lite SRT. Mas apesar da proximidade, o \u00edtalo-brasileiro garante que n\u00e3o se segurou e que n\u00e3o conseguiu mesmo passar.<\/p>\n\n\n\n<p class=\"wp-block-paragraph\">Na \u00faltima corrida da carreira da Lenda da MotoGP, Morbidelli passou quase todas as 27 voltas atr\u00e1s, mas considerou que Rossi estava \u201cinatac\u00e1vel\u201d naquele domingo. Franco admitiu, por\u00e9m, que foi para corrida pensando em ficar o mais longe poss\u00edvel de Valentino.<\/p>\n\n\n\n<p class=\"wp-block-paragraph\"><strong>\u25b6\ufe0f\u00a0Inscreva-se nos dois canais do GRANDE PR\u00caMIO no YouTube:\u00a0<a href=\"https:\/\/www.youtube.com\/channel\/UC9OlHEgxoaY6QY6nWPoiqQg?sub_confirmation=1\" target=\"_blank\" rel=\"noreferrer noopener\">GP<\/a>\u00a0|\u00a0<a href=\"https:\/\/www.youtube.com\/channel\/UC9csiS6q_C3C0FYhyr1rnFA?sub_confirmation=1\" target=\"_blank\" rel=\"noreferrer noopener\">GP2<\/a><\/strong><\/p>\n\n\n\n<figure class=\"wp-block-image size-large\"><img decoding=\"async\" src=\"https:\/\/www.grandepremio.com\/br\/wp-content\/uploads\/2021\/11\/MEYM_141121__A1X6093-1024x683.jpg\" alt=\"\" class=\"wp-image-526162\"\/><figcaption>Valentino Rossi e Franco Morbidelli ficaram juntos quase toda a corrida (Foto: Yamaha)<\/figcaption><\/figure>\n\n\n\n<figure class=\"wp-block-embed is-type-rich is-provider-spotify wp-block-embed-spotify wp-embed-aspect-21-9 wp-has-aspect-ratio\"><div class=\"wp-block-embed__wrapper\">\n<iframe title=\"Spotify Embed: Paddockast Especial | A hist\u00f3ria e o legado de Valentino Rossi\" style=\"border-radius: 12px\" width=\"100%\" height=\"152\" frameborder=\"0\" allowfullscreen allow=\"autoplay; clipboard-write; encrypted-media; fullscreen; picture-in-picture\" loading=\"lazy\" src=\"https:\/\/open.spotify.com\/embed\/episode\/1l3VDDFecOWPNXL1jAlyxS?utm_source=oembed\"><\/iframe>\n<\/div><\/figure>\n\n\n\n<p class=\"wp-block-paragraph\">\u201cFoi \u00f3timo ter a sorte de fazer a corrida toda atr\u00e1s de Rossi\u201d, disse Morbidelli. \u201cNa verdade, antes da corrida eu s\u00f3 queria ficar o mais longe poss\u00edvel dele. Pensei que n\u00e3o queria me envolver em nada. Mas, em determinado momento, me vi bem atr\u00e1s dele e pensei: \u2018Ok, vamos tentar for\u00e7ar e talvez ultrapass\u00e1-lo ou algo assim\u2019\u201d, seguiu.<\/p>\n\n\n\n<p class=\"wp-block-paragraph\">O companheiro de Fabio Quartararo considerou que foi uma sorte poder acompanhar o encerramento da carreira de Rossi t\u00e3o de perto e elogiou a atua\u00e7\u00e3o do piloto de Tavullia.<\/p>\n\n\n\n<p class=\"wp-block-paragraph\">\u201cFiquei pensando que eu tinha muita, muita sorte por curtir as \u00faltimas voltas dele na MotoGP de uma posi\u00e7\u00e3o realmente especial\u201d, comentou. \u201cE foi \u00f3timo, ele estava pilotando de maneira fant\u00e1stica, inacredit\u00e1vel. Ele aumentou a velocidade nas \u00faltimas e dava para ver que ele estava realmente curtindo os \u00faltimos momentos dele na MotoGP\u201d, destacou.<\/p>\n\n\n\n<figure class=\"wp-block-image size-large\"><a href=\"https:\/\/www.grandepremio.com\/br\/valentino-rossi-46\/\"><img decoding=\"async\" src=\"https:\/\/www.grandepremio.com\/br\/wp-content\/uploads\/2020\/05\/WhatsApp-Image-2021-11-16-at-10.55.29-1024x486.jpeg\" alt=\"\" class=\"wp-image-526003\"\/><\/a><figcaption><a href=\"https:\/\/www.grandepremio.com\/br\/valentino-rossi-46\/\">GRANDE PR\u00caMIO lan\u00e7a especial que celebra carreira de Valentino Rossi. ACESSE<\/a><\/figcaption><\/figure>\n\n\n\n<p class=\"wp-block-paragraph\"><strong>VEJA MAIS<\/strong><br>#\u00a0<strong><a href=\"https:\/\/www.grandepremio.com\/br\/video\/motogp\/valentino-rossi-recebe-visita-surpresa-idolo-ronaldo-fenomeno-despedida-motogp\/\">Rossi recebe visita surpresa do \u00eddolo Ronaldo Fen\u00f4meno na despedida da\u00a0<\/a><a href=\"https:\/\/www.grandepremio.com\/br\/motogp\/\" target=\"_blank\" rel=\"noreferrer noopener\">MotoGP<\/a><\/strong><br>#\u00a0<strong><a href=\"https:\/\/www.grandepremio.com\/br\/motogp\/noticias\/pupilos-prestam-homenagem-usam-replicas-capacetes-valentino-rossi-valencia\/\">Pupilos prestam homenagem e usam r\u00e9plicas de capacetes de Rossi em Val\u00eancia<\/a><\/strong><br>#\u00a0<strong><a href=\"https:\/\/www.grandepremio.com\/formula-1\/\" target=\"_blank\" rel=\"noreferrer noopener\">F1\u00a0<\/a><a href=\"https:\/\/www.grandepremio.com\/br\/motogp\/noticias\/formula-1-convoca-pilotos-faz-homenagem-valentino-rossi-dia-aposentadoria-motogp\/\">convoca pilotos e faz homenagem a Rossi em dia de aposentadoria da MotoGP<\/a><\/strong><br>#\u00a0<strong><a href=\"https:\/\/www.grandepremio.com\/br\/motogp\/noticias\/valentino-rossi-da-adeus-valencia-encerra-trajetoria-mudou-historia-motogp\/\">Rossi d\u00e1 adeus em Val\u00eancia e encerra trajet\u00f3ria que mudou hist\u00f3ria da MotoGP<\/a><\/strong><br>#\u00a0<strong><a href=\"https:\/\/www.grandepremio.com\/br\/motogp\/noticias\/lenda-maior-todos-mundo-esporte-agradece-valentino-rossi-dia-aposentadoria\/\">Lenda e maior de todos: mundo do esporte agradece Rossi em dia de aposentadoria<\/a><\/strong><\/p>\n","protected":false},"excerpt":{"rendered":"<p>\u00cdtalo-brasileiro terminou o GP da Comunidade Valenciana 0s617 atr\u00e1s do piloto de 42 anos, mas garantiu que n\u00e3o teve chance de passar, j\u00e1 que o multicampe\u00e3o estava pilotando muito bem<\/p>\n","protected":false},"author":0,"featured_media":1000526161,"comment_status":"closed","ping_status":"closed","sticky":false,"template":"","format":"standard","meta":{"42wp_featured_image_caption":"","42wp_featured_image_credits":"","42wp_featured_video":"","42wp_featured_image_hidden":false,"42wp_authors_list":[],"footnotes":""},"categories":[8],"tags":[79,78,490,28765,28764,25819,28345,28766,26690,80],"42wp_author":[47113],"class_list":["post-116222","post","type-post","status-publish","format-standard","has-post-thumbnail","hentry","category-motogp","tag-moto-gp","tag-motogp","tag-motogp-2021","tag-motogp-2021-calendario","tag-motogp-classificacao-2021","tag-motogp-hoje","tag-motogp-horarios","tag-motogp-standings","tag-pilotos-motogp","tag-valentino-rossi","42wp_author-juliana-tesser"],"_links":{"self":[{"href":"https:\/\/grandepremio.com\/br\/wp-json\/wp\/v2\/posts\/116222","targetHints":{"allow":["GET"]}}],"collection":[{"href":"https:\/\/grandepremio.com\/br\/wp-json\/wp\/v2\/posts"}],"about":[{"href":"https:\/\/grandepremio.com\/br\/wp-json\/wp\/v2\/types\/post"}],"replies":[{"embeddable":true,"href":"https:\/\/grandepremio.com\/br\/wp-json\/wp\/v2\/comments?post=116222"}],"version-history":[{"count":0,"href":"https:\/\/grandepremio.com\/br\/wp-json\/wp\/v2\/posts\/116222\/revisions"}],"wp:featuredmedia":[{"embeddable":true,"href":"https:\/\/grandepremio.com\/br\/wp-json\/wp\/v2\/media\/1000526161"}],"wp:attachment":[{"href":"https:\/\/grandepremio.com\/br\/wp-json\/wp\/v2\/media?parent=116222"}],"wp:term":[{"taxonomy":"category","embeddable":true,"href":"https:\/\/grandepremio.com\/br\/wp-json\/wp\/v2\/categories?post=116222"},{"taxonomy":"post_tag","embeddable":true,"href":"https:\/\/grandepremio.com\/br\/wp-json\/wp\/v2\/tags?post=116222"},{"taxonomy":"42wp_author","embeddable":true,"href":"https:\/\/grandepremio.com\/br\/wp-json\/wp\/v2\/42wp_author?post=116222"}],"curies":[{"name":"wp","href":"https:\/\/api.w.org\/{rel}","templated":true}]}}