{"id":116245,"date":"2021-11-17T10:05:30","date_gmt":"2021-11-17T13:05:30","guid":{"rendered":"https:\/\/grandepremio.com\/br\/noticias\/mick-schumacher-aprova-estreia-brasil-batalha-realmente-util-contra-kimi-raikkonen\/"},"modified":"2021-11-17T10:28:33","modified_gmt":"2021-11-17T13:28:33","slug":"mick-schumacher-aprova-estreia-brasil-batalha-realmente-util-contra-kimi-raikkonen","status":"publish","type":"post","link":"https:\/\/grandepremio.com\/br\/f1\/mick-schumacher-aprova-estreia-brasil-batalha-realmente-util-contra-kimi-raikkonen\/","title":{"rendered":"Schumacher aprova estreia no Brasil e v\u00ea batalha &#8220;realmente \u00fatil&#8221; contra R\u00e4ikk\u00f6nen"},"content":{"rendered":"\n<figure class=\"wp-block-embed is-type-video is-provider-youtube wp-block-embed-youtube wp-embed-aspect-16-9 wp-has-aspect-ratio\"><div class=\"wp-block-embed__wrapper\">\n<iframe loading=\"lazy\" title=\"VERSTAPPEN JOGOU CARRO SOBRE HAMILTON EM SP E MERECE PUNI\u00c7\u00c3O?\" width=\"500\" height=\"281\" src=\"https:\/\/www.youtube.com\/embed\/xLIU3DJmmNI?feature=oembed\" frameborder=\"0\" allow=\"accelerometer; autoplay; clipboard-write; encrypted-media; gyroscope; picture-in-picture; web-share\" referrerpolicy=\"strict-origin-when-cross-origin\" allowfullscreen><\/iframe>\n<\/div><figcaption>VERSTAPPEN JOGOU CARRO SOBRE HAMILTON EM SP E MERECE PUNI\u00c7\u00c3O?<\/figcaption><\/figure>\n\n\n\n<p class=\"wp-block-paragraph\">Mick Schumacher teve um bom come\u00e7o no <a href=\"https:\/\/www.grandepremio.com\/br\/f1\/noticias\/hamilton-busca-verstappen-vence-gp-de-sao-paulo-remontada-memoravel\/\">GP de S\u00e3o Paulo<\/a>, disputado no \u00faltimo domingo (14), quando conseguiu subir para a 15\u00aa posi\u00e7\u00e3o ap\u00f3s a largada, \u00e0 frente de seu companheiro, Nikita Mazepin, e das duas Williams. No entanto, ap\u00f3s um per\u00edodo de quatro voltas sob regime de safety-car, o alem\u00e3o foi atacado por Kimi R\u00e4ikk\u00f6nen, e ambos se tocaram. Pior para Mick, que precisou voltar aos boxes para trocar a asa dianteira e despencou para o fundo do grid, onde acabou ficando at\u00e9 o final da prova.<\/p>\n\n\n\n<p class=\"wp-block-paragraph\">O que restou para o jovem alem\u00e3o foi lamentar o incidente e tirar alguma coisa boa, como, por exemplo, o fato de ter entendido um pouco mais sobre as regras do combate roda a roda na F1.<\/p>\n\n\n\n<p class=\"wp-block-paragraph\">&#8220;\u00c9 chato porque acho que definitivamente t\u00ednhamos o ritmo certo para estar na frente da Williams, ent\u00e3o \u00e9 lament\u00e1vel&#8221;, admitiu Schumacher. &#8220;Mas aprendemos com essas coisas e acho que a pequena batalha que tivemos foi realmente \u00fatil e agora eu sei onde est\u00e1 o limite. Obviamente, acho que esses nessas curvas de sequ\u00eancia esquerda-direita \u00e9 natural que todos queiram obter o m\u00e1ximo de espa\u00e7o&#8221;, disse o alem\u00e3o, que terminou o GP de S\u00e3o Paulo na 18\u00aa posi\u00e7\u00e3o.<\/p>\n\n\n\n<p class=\"wp-block-paragraph\"><strong>\u25b6\ufe0f&nbsp;Inscreva-se nos dois canais do GRANDE PR\u00caMIO no YouTube:&nbsp;<a href=\"https:\/\/www.youtube.com\/channel\/UC9OlHEgxoaY6QY6nWPoiqQg?sub_confirmation=1\" target=\"_blank\" rel=\"noreferrer noopener\">GP<\/a>&nbsp;|&nbsp;<a href=\"https:\/\/www.youtube.com\/channel\/UC9csiS6q_C3C0FYhyr1rnFA?sub_confirmation=1\" target=\"_blank\" rel=\"noreferrer noopener\">GP2<\/a><\/strong><\/p>\n\n\n\n<figure class=\"wp-block-image size-large\"><img decoding=\"async\" src=\"https:\/\/www.grandepremio.com\/br\/wp-content\/uploads\/2021\/11\/haas-mickschumacher-02-4-1024x683.jpg\" alt=\"\" class=\"wp-image-524798\"\/><figcaption>Mick Schumacher acabou tendo incidente com R\u00e4ikk\u00f6nen que prejudicou sua corrida (Foto: Haas F1 Team)<\/figcaption><\/figure>\n\n\n\n<p class=\"wp-block-paragraph\">&#8220;Acho que tocamos as rodas primeiro e, ent\u00e3o, deslizei e minha asa frontal foi atingida&#8221;, explicou. &#8220;\u00c9 uma pena, mas ainda assim h\u00e1 muitos aspectos positivos que podemos levar, e devo dizer que realmente gostei de pilotar aqui&#8221;, encerrou.<\/p>\n\n\n\n<p class=\"wp-block-paragraph\">Companheiro de Schumacher na Haas, Nikita Mazepin conseguiu um resultado in\u00e9dito em Interlagos: pela primeira na temporada \u2014 que representa o ano de estreia tanto para o russo quanto para o alem\u00e3o \u2014, o piloto conseguiu cruzar a linha de chegada \u00e0 frente de Mick, em 17\u00ba.<\/p>\n\n\n\n<p class=\"wp-block-paragraph\">&#8220;Tive um bom dia&#8221;, concluiu Mazepin. &#8220;Minha largada n\u00e3o foi a melhor, consegui sair bem, mas patinei um pouco, ent\u00e3o nas duas primeiras curvas foi dif\u00edcil de ultrapassar algu\u00e9m. Mas ent\u00e3o tive uma boa virada na curva quatro e depois acho que cuidem bem dos pneus nas primeiras voltas, a equipe fez um grande trabalho me dando um carro que funcionou bem no in\u00edcio&#8221;, reconheceu.<\/p>\n\n\n\n<figure class=\"wp-block-image size-large\"><img decoding=\"async\" src=\"https:\/\/www.grandepremio.com\/br\/wp-content\/uploads\/2021\/11\/haas-nikitamazepin-02-4-1024x683.jpg\" alt=\"\" class=\"wp-image-525416\"\/><figcaption>Nikita Mazepin parado nos boxes da Haas durante disputa do GP de S\u00e3o Paulo (Foto: Haas F1 Team)<\/figcaption><\/figure>\n\n\n\n<p class=\"wp-block-paragraph\"><strong>Conhe\u00e7a o canal do Grande Pr\u00eamio no YouTube! Clique&nbsp;<a target=\"_blank\" href=\"https:\/\/youtube.com\/GrandePremioTV\" rel=\"noreferrer noopener\">aqui<\/a>.<\/strong><br><strong>Siga o Grande Pr\u00eamio no&nbsp;<a target=\"_blank\" href=\"https:\/\/twitter.com\/grandepremio\" rel=\"noreferrer noopener\">Twitter&nbsp;<\/a>e no&nbsp;<a target=\"_blank\" href=\"https:\/\/instagram.com\/grandepremio\" rel=\"noreferrer noopener\">Instagram<\/a>!<\/strong><\/p>\n\n\n\n<p class=\"wp-block-paragraph\">Apesar do bom in\u00edcio na corrida, Mazepin passou a ter dificuldades conforme a disputa foi se desenrolando, com um carro que \u00e9 indiscutivelmente o pior do grid da F\u00f3rmula 1 no momento \u2014 \u00e9 a \u00fanica equipe que ainda n\u00e3o conseguiu somar pontos na <a href=\"https:\/\/www.grandepremio.com\/br\/f1\/classificacao\/\" target=\"_blank\" rel=\"noreferrer noopener\">classifica\u00e7\u00e3o<\/a> em 2021. O russo disse ter conseguido melhorar o rendimento na parte final da corrida, mas n\u00e3o acredita que existiam muitas possibilidades para a Haas na disputa.<\/p>\n\n\n\n<p class=\"wp-block-paragraph\">&#8220;Tive um pouco de dificuldade na metade, mas pude me recuperar no final da corrida&#8221;, afirmou. &#8220;Fiz os movimentos quando precisei fazer, e ent\u00e3o obviamente tiveram alguns safety-car virtuais. Tentamos maximizar, e n\u00e3o acho que tinha muita coisa a mais para tentarmos&#8221;, encerrou.<\/p>\n\n\n\n<p class=\"wp-block-paragraph\">A F\u00f3rmula 1 volta a acelerar j\u00e1 neste final de semana, com a disputa do GP do Catar programa para acontecer entre os dias 19 e 21 de novembro.<\/p>\n\n\n\n<figure class=\"wp-block-video\"><video class=\"video-js vjs-big-play-centered\" data-gp-vjs=\"1\" controls src=\"https:\/\/www.grandepremio.com\/br\/wp-content\/uploads\/2021\/11\/MaxHamiltonTodosAngulos.mp4\"><\/video><figcaption>Todos os \u00e2ngulos da pol\u00eamica disputa entre Max Verstappen e Lewis Hamilton no Brasil (V\u00eddeo: F\u00f3rmula 1)<\/figcaption><\/figure>\n","protected":false},"excerpt":{"rendered":"<p>Mick Schumacher e Kimi R\u00e4ikk\u00f6nen se tocaram em disputa durante o GP de S\u00e3o Paulo e asa do alem\u00e3o quebrou, mas piloto viu batalha entre os dois de forma positiva<\/p>\n","protected":false},"author":0,"featured_media":1000524800,"comment_status":"closed","ping_status":"closed","sticky":false,"template":"","format":"standard","meta":{"42wp_featured_image_caption":"","42wp_featured_image_credits":"","42wp_featured_video":"","42wp_featured_image_hidden":false,"42wp_authors_list":[],"footnotes":""},"categories":[2],"tags":[457,783,147,156,24837,180,26680,119,124,24834,1294,116],"42wp_author":[47142],"class_list":["post-116245","post","type-post","status-publish","format-standard","has-post-thumbnail","hentry","category-f1","tag-alfa-romeo","tag-brasil","tag-f1","tag-f1-2021","tag-formula-1-2","tag-formula-1","tag-gp-de-sao-paulo","tag-haas","tag-interlagos","tag-kimi-raikkonen-2","tag-mick-schumacher","tag-nikita-mazepin","42wp_author-jp-nascimento"],"_links":{"self":[{"href":"https:\/\/grandepremio.com\/br\/wp-json\/wp\/v2\/posts\/116245","targetHints":{"allow":["GET"]}}],"collection":[{"href":"https:\/\/grandepremio.com\/br\/wp-json\/wp\/v2\/posts"}],"about":[{"href":"https:\/\/grandepremio.com\/br\/wp-json\/wp\/v2\/types\/post"}],"replies":[{"embeddable":true,"href":"https:\/\/grandepremio.com\/br\/wp-json\/wp\/v2\/comments?post=116245"}],"version-history":[{"count":0,"href":"https:\/\/grandepremio.com\/br\/wp-json\/wp\/v2\/posts\/116245\/revisions"}],"wp:featuredmedia":[{"embeddable":true,"href":"https:\/\/grandepremio.com\/br\/wp-json\/wp\/v2\/media\/1000524800"}],"wp:attachment":[{"href":"https:\/\/grandepremio.com\/br\/wp-json\/wp\/v2\/media?parent=116245"}],"wp:term":[{"taxonomy":"category","embeddable":true,"href":"https:\/\/grandepremio.com\/br\/wp-json\/wp\/v2\/categories?post=116245"},{"taxonomy":"post_tag","embeddable":true,"href":"https:\/\/grandepremio.com\/br\/wp-json\/wp\/v2\/tags?post=116245"},{"taxonomy":"42wp_author","embeddable":true,"href":"https:\/\/grandepremio.com\/br\/wp-json\/wp\/v2\/42wp_author?post=116245"}],"curies":[{"name":"wp","href":"https:\/\/api.w.org\/{rel}","templated":true}]}}