{"id":116248,"date":"2021-11-17T08:17:24","date_gmt":"2021-11-17T11:17:24","guid":{"rendered":"https:\/\/grandepremio.com\/br\/noticias\/piloto-testes-valentino-rossi-aceitou-convite-provar-ducati\/"},"modified":"2021-11-17T08:17:31","modified_gmt":"2021-11-17T11:17:31","slug":"piloto-testes-valentino-rossi-aceitou-convite-provar-ducati","status":"publish","type":"post","link":"https:\/\/grandepremio.com\/br\/motogp\/piloto-testes-valentino-rossi-aceitou-convite-provar-ducati\/","title":{"rendered":"Piloto de testes diz que Rossi aceitou convite para provar Ducati ap\u00f3s aposentadoria"},"content":{"rendered":"\n<figure class=\"wp-block-embed is-type-video is-provider-youtube wp-block-embed-youtube wp-embed-aspect-16-9 wp-has-aspect-ratio\"><div class=\"wp-block-embed__wrapper\">\n<iframe loading=\"lazy\" title=\"ROSSI ENCERRA CAP\u00cdTULO DA HIST\u00d3RIA DA MOTOGP EM VAL\u00caNCIA | GP \u00e0s 10\" width=\"500\" height=\"281\" src=\"https:\/\/www.youtube.com\/embed\/ubclM1PZbGQ?feature=oembed\" frameborder=\"0\" allow=\"accelerometer; autoplay; clipboard-write; encrypted-media; gyroscope; picture-in-picture; web-share\" referrerpolicy=\"strict-origin-when-cross-origin\" allowfullscreen><\/iframe>\n<\/div><figcaption>ROSSI ENCERRA CAP\u00cdTULO DA HIST\u00d3RIA DA MOTOGP EM VAL\u00caNCIA | GP \u00e0s 10<\/figcaption><\/figure>\n\n\n\n<p class=\"wp-block-paragraph\">Michele Pirro revelou que Valentino Rossi aceitou um convite para pilotar a vers\u00e3o mais recente da Ducati para a MotoGP. O piloto de testes afirmou que chamou o multicampe\u00e3o para a experi\u00eancia, pois sabe \u201co que ele passou\u201d nos dois anos em que competiu com a equipe.<\/p>\n\n\n\n<p class=\"wp-block-paragraph\">Rossi defendeu a Ducati em 2011 e 2012, mas conseguiu apenas tr\u00eas p\u00f3dios com a marca de Bolonha \u2015 um terceiro no primeiro ano e dois segundos antes de retornar \u00e0 Yamaha, em 2013. Na \u00e9poca, o comando t\u00e9cnico da Ducati era de Filippo Preziosi e a performance da Desmosedici era bastante diferente da atual.<\/p>\n\n\n\n<p class=\"wp-block-paragraph\"><strong>\u25b6\ufe0f\u00a0Inscreva-se nos dois canais do GRANDE PR\u00caMIO no YouTube:\u00a0<a href=\"https:\/\/www.youtube.com\/channel\/UC9OlHEgxoaY6QY6nWPoiqQg?sub_confirmation=1\" target=\"_blank\" rel=\"noreferrer noopener\">GP<\/a>\u00a0|\u00a0<a href=\"https:\/\/www.youtube.com\/channel\/UC9csiS6q_C3C0FYhyr1rnFA?sub_confirmation=1\" target=\"_blank\" rel=\"noreferrer noopener\">GP2<\/a><\/strong><\/p>\n\n\n\n<figure class=\"wp-block-image size-large\"><img decoding=\"async\" src=\"https:\/\/www.grandepremio.com\/br\/wp-content\/uploads\/2020\/08\/A929864-1024x682.jpg\" alt=\"\" class=\"wp-image-409192\"\/><figcaption>Michele Pirro afirmou que Rossi vai testar a Ducati atual (Foto: Pramac)<\/figcaption><\/figure>\n\n\n\n<p class=\"wp-block-paragraph\"><strong>VEJA MAIS<\/strong><br>#\u00a0<strong><a href=\"https:\/\/www.grandepremio.com\/br\/video\/motogp\/valentino-rossi-recebe-visita-surpresa-idolo-ronaldo-fenomeno-despedida-motogp\/\">Rossi recebe visita surpresa do \u00eddolo Ronaldo Fen\u00f4meno na despedida da\u00a0<\/a><a href=\"https:\/\/www.grandepremio.com\/br\/motogp\/\" target=\"_blank\" rel=\"noreferrer noopener\">MotoGP<\/a><\/strong><br>#\u00a0<strong><a href=\"https:\/\/www.grandepremio.com\/br\/motogp\/noticias\/pupilos-prestam-homenagem-usam-replicas-capacetes-valentino-rossi-valencia\/\">Pupilos prestam homenagem e usam r\u00e9plicas de capacetes de Rossi em Val\u00eancia<\/a><\/strong><br>#\u00a0<strong><a href=\"https:\/\/www.grandepremio.com\/formula-1\/\" target=\"_blank\" rel=\"noreferrer noopener\">F1\u00a0<\/a><a href=\"https:\/\/www.grandepremio.com\/br\/motogp\/noticias\/formula-1-convoca-pilotos-faz-homenagem-valentino-rossi-dia-aposentadoria-motogp\/\">convoca pilotos e faz homenagem a Rossi em dia de aposentadoria da MotoGP<\/a><\/strong><br>#\u00a0<strong><a href=\"https:\/\/www.grandepremio.com\/br\/motogp\/noticias\/valentino-rossi-da-adeus-valencia-encerra-trajetoria-mudou-historia-motogp\/\">Rossi d\u00e1 adeus em Val\u00eancia e encerra trajet\u00f3ria que mudou hist\u00f3ria da MotoGP<\/a><\/strong><br>#\u00a0<strong><a href=\"https:\/\/www.grandepremio.com\/br\/motogp\/noticias\/lenda-maior-todos-mundo-esporte-agradece-valentino-rossi-dia-aposentadoria\/\">Lenda e maior de todos: mundo do esporte agradece Rossi em dia de aposentadoria<\/a><\/strong><\/p>\n\n\n\n<p class=\"wp-block-paragraph\">O resultado negativo da uni\u00e3o com Valentino motivou uma s\u00e9rie de mudan\u00e7as na casa de Borgo Panigale, que s\u00f3 voltou a experimentar o sabor da vit\u00f3ria com as mudan\u00e7as implementadas por Gigi Dall\u2019Igna.<\/p>\n\n\n\n<p class=\"wp-block-paragraph\">\u201cCompartilhar a pista com o maior de todos os tempos do motociclismo foi um enorme privil\u00e9gio\u201d, escreveu Pirro nas redes sociais. \u201cPedi a ele para dar umas voltas na Ducati DesmosediciGP de hoje, e ele o far\u00e1, pois quando cheguei \u00e0 Ducati, ele ainda estava l\u00e1 e eu sei pelo que ele passou\u201d, contou.<\/p>\n\n\n\n<p class=\"wp-block-paragraph\">A Ducati ser\u00e1 parceira de Rossi na VR46 em 2022, j\u00e1 que vai fornecer as motos que ser\u00e3o utilizadas por Luca Marini e Marco Bezzecchi.<\/p>\n\n\n\n<figure class=\"wp-block-embed is-type-rich is-provider-instagram wp-block-embed-instagram\"><div class=\"wp-block-embed__wrapper\">\nhttps:\/\/www.instagram.com\/p\/CWVhlOsK1kM\/\n<\/div><\/figure>\n\n\n\n<p class=\"wp-block-paragraph\"><strong>VEJA TAMB\u00c9M<\/strong><br>#\u00a0<strong><a href=\"https:\/\/www.grandepremio.com\/br\/motogp\/noticias\/remy-gardner-usa-consistencia-para-ser-campeao-moto2-igualar-feito-pai-mundial\/\">Gardner usa consist\u00eancia para ser campe\u00e3o da Moto2 e igualar feito do pai no Mundial<\/a><\/strong><\/p>\n\n\n\n<figure class=\"wp-block-embed is-type-video is-provider-youtube wp-block-embed-youtube wp-embed-aspect-16-9 wp-has-aspect-ratio\"><div class=\"wp-block-embed__wrapper\">\n<iframe loading=\"lazy\" title=\"MOREIRA CONQUISTA VAGA NA MOTO3 PARA 2022 E COLOCA BRASIL NO MUNDIAL | GP \u00e0s 10\" width=\"500\" height=\"281\" src=\"https:\/\/www.youtube.com\/embed\/xm7-7N0JITo?feature=oembed\" frameborder=\"0\" allow=\"accelerometer; autoplay; clipboard-write; encrypted-media; gyroscope; picture-in-picture; web-share\" referrerpolicy=\"strict-origin-when-cross-origin\" allowfullscreen><\/iframe>\n<\/div><figcaption>MOREIRA CONQUISTA VAGA NA MOTO3 PARA 2022 E COLOCA BRASIL NO MUNDIAL | GP \u00e0s 10<\/figcaption><\/figure>\n","protected":false},"excerpt":{"rendered":"<p>Michele Pirro contou que convidou o multicampe\u00e3o para provar a vers\u00e3o mais nova a Desmosedici. O piloto de 42 anos defendeu a Ducati em 2011 e 2012<\/p>\n","protected":false},"author":0,"featured_media":1000525918,"comment_status":"closed","ping_status":"closed","sticky":false,"template":"","format":"standard","meta":{"42wp_featured_image_caption":"","42wp_featured_image_credits":"","42wp_featured_video":"","42wp_featured_image_hidden":false,"42wp_authors_list":[],"footnotes":""},"categories":[8],"tags":[79,78,490,28765,28764,25819,28345,28766,26690],"42wp_author":[47113],"class_list":["post-116248","post","type-post","status-publish","format-standard","has-post-thumbnail","hentry","category-motogp","tag-moto-gp","tag-motogp","tag-motogp-2021","tag-motogp-2021-calendario","tag-motogp-classificacao-2021","tag-motogp-hoje","tag-motogp-horarios","tag-motogp-standings","tag-pilotos-motogp","42wp_author-juliana-tesser"],"_links":{"self":[{"href":"https:\/\/grandepremio.com\/br\/wp-json\/wp\/v2\/posts\/116248","targetHints":{"allow":["GET"]}}],"collection":[{"href":"https:\/\/grandepremio.com\/br\/wp-json\/wp\/v2\/posts"}],"about":[{"href":"https:\/\/grandepremio.com\/br\/wp-json\/wp\/v2\/types\/post"}],"replies":[{"embeddable":true,"href":"https:\/\/grandepremio.com\/br\/wp-json\/wp\/v2\/comments?post=116248"}],"version-history":[{"count":0,"href":"https:\/\/grandepremio.com\/br\/wp-json\/wp\/v2\/posts\/116248\/revisions"}],"wp:featuredmedia":[{"embeddable":true,"href":"https:\/\/grandepremio.com\/br\/wp-json\/wp\/v2\/media\/1000525918"}],"wp:attachment":[{"href":"https:\/\/grandepremio.com\/br\/wp-json\/wp\/v2\/media?parent=116248"}],"wp:term":[{"taxonomy":"category","embeddable":true,"href":"https:\/\/grandepremio.com\/br\/wp-json\/wp\/v2\/categories?post=116248"},{"taxonomy":"post_tag","embeddable":true,"href":"https:\/\/grandepremio.com\/br\/wp-json\/wp\/v2\/tags?post=116248"},{"taxonomy":"42wp_author","embeddable":true,"href":"https:\/\/grandepremio.com\/br\/wp-json\/wp\/v2\/42wp_author?post=116248"}],"curies":[{"name":"wp","href":"https:\/\/api.w.org\/{rel}","templated":true}]}}