{"id":116275,"date":"2021-11-16T04:30:00","date_gmt":"2021-11-16T07:30:00","guid":{"rendered":"https:\/\/grandepremio.com\/br\/noticias\/promotor-desconversa-cpi-descarta-saida-sao-paulo-calendario\/"},"modified":"2021-11-16T01:41:42","modified_gmt":"2021-11-16T04:41:42","slug":"promotor-desconversa-cpi-descarta-saida-sao-paulo-calendario","status":"publish","type":"post","link":"https:\/\/grandepremio.com\/br\/f1\/promotor-desconversa-cpi-descarta-saida-sao-paulo-calendario\/","title":{"rendered":"Promotor desconversa sobre CPI e descarta sa\u00edda de S\u00e3o Paulo do calend\u00e1rio"},"content":{"rendered":"\n<figure class=\"wp-block-video\"><video class=\"video-js vjs-big-play-centered\" data-gp-vjs=\"1\" controls src=\"https:\/\/www.grandepremio.com\/br\/wp-content\/uploads\/2021\/11\/2021_11_14_Hamilton_bandeira.mp4\"><\/video><figcaption>Lewis Hamilton e a bandeira do Brasil (V\u00eddeo: Reprodu\u00e7\u00e3o\/F1 TV)<\/figcaption><\/figure>\n\n\n\n<p class=\"wp-block-paragraph\">Ap\u00f3s voltar a receber a F\u00f3rmula 1 depois de intervalo em 2020, o Brasil tem planos para se agarrar e firmar la\u00e7os mais fortes com a categoria ap\u00f3s o GP de S\u00e3o Paulo, disputado no \u00faltimo domingo (14). Alan Adler, novo promotor da corrida, falou sobre a expectativa de futuro e manuten\u00e7\u00e3o da etapa em Interlagos.<\/p>\n\n\n\n<p class=\"wp-block-paragraph\">Em entrevista ao <strong>GRANDE PR\u00caMIO<\/strong>, Adler foi curto e grosso sobre chances da sa\u00edda de S\u00e3o Paulo do calend\u00e1rio. \u201cA gente n\u00e3o enxerga essa possibilidade\u201d, citou o dirigente. A realiza\u00e7\u00e3o de uma corrida no Brasil viveu um imbr\u00f3glio com uma frustrada tentativa do Governo Federal em levar a F\u00f3rmula 1 ao inexistente aut\u00f3dromo de Deodoro, no Rio de Janeiro. O plano falhou, e a categoria segue em Interlagos em contrato at\u00e9 2025.<\/p>\n\n\n\n<p class=\"wp-block-paragraph\">Adler tamb\u00e9m desconversou sobre a tentativa de instala\u00e7\u00e3o de uma CPI para investigar o contrato da F\u00f3rmula 1 com o Brasil. O v\u00ednculo <a href=\"https:\/\/www.grandepremio.com\/br\/f1\/noticias\/justica-suspende-contrato-da-prefeitura-com-empresa-promotora-do-gp-de-sao-paulo-de-f1\/\">chegou a ser suspenso pela justi\u00e7a no in\u00edcio do ano<\/a>. \u201cN\u00e3o foi feito nada de errado, comprovamos isso. N\u00e3o tem muito em discuss\u00e3o&#8221;, citou Adler.<\/p>\n\n\n\n<figure class=\"wp-block-image size-large\"><img decoding=\"async\" src=\"https:\/\/www.grandepremio.com\/br\/wp-content\/uploads\/2021\/11\/alfaromeo-antoniogiovinazzi-02-5-1024x683.jpg\" alt=\"\" class=\"wp-image-525388\"\/><figcaption>Antonio Giovinazzi foi 14\u00ba (Foto: Alfa Romeo)<\/figcaption><\/figure>\n\n\n\n<p class=\"wp-block-paragraph\">Outro desafio da realiza\u00e7\u00e3o do GP de S\u00e3o Paulo foi a Covid-19. O evento, que reuniu p\u00fablico de 181 mil pessoas ao longo dos tr\u00eas dias, teve capacidade quase completa, com ingressos soltados pouco a pouco de acordo com as libera\u00e7\u00f5es do Governo de S\u00e3o Paulo.<\/p>\n\n\n\n<p class=\"wp-block-paragraph\">\u201cA gente conversou com as autoridades sanit\u00e1rias, e a opini\u00e3o \u00e9 deles, sem achismos, e elas deram autoriza\u00e7\u00e3o ao evento, acreditam que seja seguro, com todos os protocolos sanit\u00e1rios combinados para n\u00e3o ter nenhum risco para o p\u00fablico que est\u00e1 presente. \u00c9 um evento a c\u00e9u aberto, que sempre ajuda. Mas temos que seguir o que as autoridades sanit\u00e1rias determinarem, e o importante \u00e9 que a cidade de S\u00e3o Paulo est\u00e1 com o \u00edndice de vacina\u00e7\u00e3o avan\u00e7ado, com uma taxa de cont\u00e1gio baixa e, quando voc\u00ea se vacina, protege a sua vida e todo mundo tem que voltar a viver&#8221;, completou.<\/p>\n\n\n\n<p class=\"wp-block-paragraph\">O\u00a0<strong>GRANDE PR\u00caMIO<\/strong>\u00a0acompanhou o GP de S\u00e3o Paulo \u2018in loco\u2019 em\u00a0<a href=\"https:\/\/www.grandepremio.com\/br\/etapa\/f1\/gp-de-sao-paulo-brasil-formula-1-2021\/\" target=\"_blank\" rel=\"noreferrer noopener\">Interlagos<\/a>\u00a0com os jornalistas Fernando Silva e Gabriel Curty, al\u00e9m de toda equipe de maneira remota. O\u00a0<strong>GP<\/strong>\u00a0tamb\u00e9m seguiu todas as atividades de pista do fim de semana\u00a0<strong><a href=\"https:\/\/www.grandepremio.com\/br\/ao-vivo\/f1\/\">AO VIVO<\/a><\/strong>\u00a0e\u00a0<strong><a href=\"https:\/\/www.grandepremio.com\/br\/ao-vivo\/\">EM\u00a0<\/a><a href=\"https:\/\/www.grandepremio.com\/br\/ao-vivo\/\" target=\"_blank\" rel=\"noreferrer noopener\">TEMPO REAL<\/a><\/strong>. A\u00a0<a href=\"https:\/\/www.grandepremio.com\/formula-1\/\" target=\"_blank\" rel=\"noreferrer noopener\">F\u00f3rmula 1<\/a>\u00a0se mexe r\u00e1pido e volta j\u00e1 no pr\u00f3ximo fim de semana, em\u00a0<a href=\"https:\/\/www.grandepremio.com\/br\/etapa\/f1\/gp-do-catar-formula-1-2021\/\" target=\"_blank\" rel=\"noreferrer noopener\">Losail<\/a>, no Catar.<\/p>\n\n\n\n<figure class=\"wp-block-embed is-type-video is-provider-youtube wp-block-embed-youtube wp-embed-aspect-16-9 wp-has-aspect-ratio\"><div class=\"wp-block-embed__wrapper\">\n<iframe loading=\"lazy\" title=\"F1: Hamilton CONQUISTA Brasil + Retrata\u00e7\u00e3o | Paddock GP #268\" width=\"500\" height=\"281\" src=\"https:\/\/www.youtube.com\/embed\/PejY_df_N-w?feature=oembed\" frameborder=\"0\" allow=\"accelerometer; autoplay; clipboard-write; encrypted-media; gyroscope; picture-in-picture; web-share\" referrerpolicy=\"strict-origin-when-cross-origin\" allowfullscreen><\/iframe>\n<\/div><figcaption>F1 AO VIVO: Hamilton CONQUISTA Brasil + Retrata\u00e7\u00e3o | Paddock GP\u00a0<a href=\"https:\/\/www.youtube.com\/hashtag\/268\">#268<\/a><\/figcaption><\/figure>\n","protected":false},"excerpt":{"rendered":"<p>Alan Adler falou ao GRANDE PR\u00caMIO sobre futuro da F\u00f3rmula 1 no Brasil, tentativa de CPI sobre contrato e libera\u00e7\u00e3o do p\u00fablico para GP de S\u00e3o Paulo de 2021<\/p>\n","protected":false},"author":0,"featured_media":1000524892,"comment_status":"closed","ping_status":"closed","sticky":false,"template":"","format":"standard","meta":{"42wp_featured_image_caption":"","42wp_featured_image_credits":"","42wp_featured_video":"","42wp_featured_image_hidden":false,"42wp_authors_list":[],"footnotes":""},"categories":[2],"tags":[27077,147,156,24837,28370,124],"42wp_author":[47110,47119,47117,47109],"class_list":["post-116275","post","type-post","status-publish","format-standard","has-post-thumbnail","hentry","category-f1","tag-alan-adler","tag-f1","tag-f1-2021","tag-formula-1-2","tag-gp-de-sao-paulo-2","tag-interlagos","42wp_author-fernando-silva","42wp_author-gabriel-carvalho","42wp_author-gabriel-curty","42wp_author-redacao-gp"],"_links":{"self":[{"href":"https:\/\/grandepremio.com\/br\/wp-json\/wp\/v2\/posts\/116275","targetHints":{"allow":["GET"]}}],"collection":[{"href":"https:\/\/grandepremio.com\/br\/wp-json\/wp\/v2\/posts"}],"about":[{"href":"https:\/\/grandepremio.com\/br\/wp-json\/wp\/v2\/types\/post"}],"replies":[{"embeddable":true,"href":"https:\/\/grandepremio.com\/br\/wp-json\/wp\/v2\/comments?post=116275"}],"version-history":[{"count":0,"href":"https:\/\/grandepremio.com\/br\/wp-json\/wp\/v2\/posts\/116275\/revisions"}],"wp:featuredmedia":[{"embeddable":true,"href":"https:\/\/grandepremio.com\/br\/wp-json\/wp\/v2\/media\/1000524892"}],"wp:attachment":[{"href":"https:\/\/grandepremio.com\/br\/wp-json\/wp\/v2\/media?parent=116275"}],"wp:term":[{"taxonomy":"category","embeddable":true,"href":"https:\/\/grandepremio.com\/br\/wp-json\/wp\/v2\/categories?post=116275"},{"taxonomy":"post_tag","embeddable":true,"href":"https:\/\/grandepremio.com\/br\/wp-json\/wp\/v2\/tags?post=116275"},{"taxonomy":"42wp_author","embeddable":true,"href":"https:\/\/grandepremio.com\/br\/wp-json\/wp\/v2\/42wp_author?post=116275"}],"curies":[{"name":"wp","href":"https:\/\/api.w.org\/{rel}","templated":true}]}}