{"id":116289,"date":"2021-11-15T09:26:04","date_gmt":"2021-11-15T12:26:04","guid":{"rendered":"https:\/\/grandepremio.com\/br\/noticias\/fabio-quartararo-diplomado-temporada-2021-acrescenta-placa-torre-campeoes\/"},"modified":"2021-11-15T09:26:14","modified_gmt":"2021-11-15T12:26:14","slug":"fabio-quartararo-diplomado-temporada-2021-acrescenta-placa-torre-campeoes","status":"publish","type":"post","link":"https:\/\/grandepremio.com\/br\/motogp\/fabio-quartararo-diplomado-temporada-2021-acrescenta-placa-torre-campeoes\/","title":{"rendered":"FOTO: Quartararo \u00e9 diplomado por temporada 2021 e acrescenta placa \u00e0 Torre dos Campe\u00f5es"},"content":{"rendered":"\n<figure class=\"wp-block-video\"><video class=\"video-js vjs-big-play-centered\" data-gp-vjs=\"1\" controls src=\"https:\/\/www.grandepremio.com\/br\/wp-content\/uploads\/2021\/11\/MotoGP-2021-Valencia-Rossi-2.mp4\"><\/video><figcaption>Despedida de Valentino Rossi da MotoGP (V\u00eddeo: MotoGP)<\/figcaption><\/figure>\n\n\n\n<p class=\"wp-block-paragraph\">Fabio Quartararo j\u00e1 garantiu um espa\u00e7o na Torre dos Campe\u00f5es da MotoGP. Vencedor do campeonato de 2021, o franc\u00eas foi eternizado na noite de domingo (14) durante uma festa em Val\u00eancia com um espa\u00e7o no trof\u00e9u dos vencedores da classe rainha e o diploma de campe\u00e3o produzido pela FIM (Federa\u00e7\u00e3o Internacional de Motociclismo).<\/p>\n\n\n\n<p class=\"wp-block-paragraph\">Como tradicionalmente acontece, a Comunidade Valenciana organizou uma festa para premiar os vencedores de 2021. <a href=\"https:\/\/www.grandepremio.com\/br\/motogp\/noticias\/valentino-rossi-incluido-rol-lendas-motogp-festa-premiacao\/\">Al\u00e9m da introdu\u00e7\u00e3o oficial de Valentino Rossi ao rol das Lendas da MotoGP<\/a>, a cerim\u00f4nia premiou os vencedores de Moto3, Moto2 e MotoE.<\/p>\n\n\n\n<p class=\"wp-block-paragraph\"><strong>\u25b6\ufe0f\u00a0Inscreva-se nos dois canais do GRANDE PR\u00caMIO no YouTube:\u00a0<a href=\"https:\/\/www.youtube.com\/channel\/UC9OlHEgxoaY6QY6nWPoiqQg?sub_confirmation=1\" target=\"_blank\" rel=\"noreferrer noopener\">GP<\/a>\u00a0|\u00a0<a href=\"https:\/\/www.youtube.com\/channel\/UC9csiS6q_C3C0FYhyr1rnFA?sub_confirmation=1\" target=\"_blank\" rel=\"noreferrer noopener\">GP2<\/a><\/strong><\/p>\n\n\n\n<figure class=\"wp-block-image size-large\"><img decoding=\"async\" src=\"https:\/\/www.grandepremio.com\/br\/wp-content\/uploads\/2021\/11\/MotoGP-2021-Espanha-Valencia-FAbio-Quartararo-1024x683.jpg\" alt=\"\" class=\"wp-image-525518\"\/><figcaption>Fabio Quartararo colocou a placa na Torre dos Campe\u00f5es (Foto: Divulga\u00e7\u00e3o\/MotoGP)<\/figcaption><\/figure>\n\n\n\n<p class=\"wp-block-paragraph\"><strong>VEJA MAIS<\/strong><br>#\u00a0<strong><a href=\"https:\/\/www.grandepremio.com\/br\/video\/motogp\/valentino-rossi-recebe-visita-surpresa-idolo-ronaldo-fenomeno-despedida-motogp\/\">Rossi recebe visita surpresa do \u00eddolo Ronaldo Fen\u00f4meno na despedida da\u00a0<\/a><a href=\"https:\/\/www.grandepremio.com\/br\/motogp\/\" target=\"_blank\" rel=\"noreferrer noopener\">MotoGP<\/a><\/strong><br>#\u00a0<strong><a href=\"https:\/\/www.grandepremio.com\/br\/motogp\/noticias\/pupilos-prestam-homenagem-usam-replicas-capacetes-valentino-rossi-valencia\/\">Pupilos prestam homenagem e usam r\u00e9plicas de capacetes de Rossi em Val\u00eancia<\/a><\/strong><br>#\u00a0<strong><a href=\"https:\/\/www.grandepremio.com\/formula-1\/\" target=\"_blank\" rel=\"noreferrer noopener\">F1\u00a0<\/a><a href=\"https:\/\/www.grandepremio.com\/br\/motogp\/noticias\/formula-1-convoca-pilotos-faz-homenagem-valentino-rossi-dia-aposentadoria-motogp\/\">convoca pilotos e faz homenagem a Rossi em dia de aposentadoria da MotoGP<\/a><\/strong><br>#\u00a0<strong><a href=\"https:\/\/www.grandepremio.com\/br\/motogp\/noticias\/valentino-rossi-da-adeus-valencia-encerra-trajetoria-mudou-historia-motogp\/\">Rossi d\u00e1 adeus em Val\u00eancia e encerra trajet\u00f3ria que mudou hist\u00f3ria da MotoGP<\/a><\/strong><br>#\u00a0<strong><a href=\"https:\/\/www.grandepremio.com\/br\/motogp\/noticias\/lenda-maior-todos-mundo-esporte-agradece-valentino-rossi-dia-aposentadoria\/\">Lenda e maior de todos: mundo do esporte agradece Rossi em dia de aposentadoria<\/a><\/strong><\/p>\n\n\n\n<p class=\"wp-block-paragraph\">Aos 22 anos, Quartararo chegou ao t\u00edtulo da MotoGP com cinco vit\u00f3rias, dois segundos lugares e tr\u00eas terceiros. Al\u00e9m disso, o titular da Yamaha conquistou cinco poles no caminho para garantir o t\u00edtulo com 26 pontos de margem para Francesco Bagnaia, o segundo colocado. Joan Mir fechou o top-3.<\/p>\n\n\n\n<p class=\"wp-block-paragraph\">A premia\u00e7\u00e3o tamb\u00e9m ratificou a vit\u00f3ria da Ducati nos Mundiais de Construtores e Equipes, derrotando a Yamaha em ambas as disputas.<\/p>\n\n\n\n<p class=\"wp-block-paragraph\">Na Moto2, Remy Gardner ficou com o t\u00edtulo, com Ra\u00fal Fern\u00e1ndez e Marco Bezzecchi fechando o top-3. O estreante Pedro Acosta levou o t\u00edtulo da Moto3, com Dennis Foggia e Sergio Garc\u00eda aparecendo em seguida. Na MotoE, o t\u00edtulo foi para Jordi Torres, com Dominique Aegerter e Alessandro Zaccone na lista dos tr\u00eas melhores.<\/p>\n\n\n\n<p class=\"wp-block-paragraph\">Para marcar a despedida de um dos maiores \u00edcones esportivos desta gera\u00e7\u00e3o, o&nbsp;<strong>GRANDE PR\u00caMIO<\/strong>&nbsp;preparou um especial, com n\u00fameros, an\u00e1lises e muito mais. O conte\u00fado todo ser\u00e1 divulgado no dia 16. Fique ligado!<\/p>\n\n\n\n<p class=\"wp-block-paragraph\"><strong>VEJA TAMB\u00c9M<\/strong><br>#&nbsp;<strong><a href=\"https:\/\/www.grandepremio.com\/br\/motogp\/noticias\/remy-gardner-usa-consistencia-para-ser-campeao-moto2-igualar-feito-pai-mundial\/\">Gardner usa consist\u00eancia para ser campe\u00e3o da Moto2 e igualar feito do pai no Mundial<\/a><\/strong><\/p>\n\n\n\n<figure class=\"wp-block-embed is-type-video is-provider-youtube wp-block-embed-youtube wp-embed-aspect-16-9 wp-has-aspect-ratio\"><div class=\"wp-block-embed__wrapper\">\n<iframe loading=\"lazy\" title=\"MOREIRA CONQUISTA VAGA NA MOTO3 PARA 2022 E COLOCA BRASIL NO MUNDIAL | GP \u00e0s 10\" width=\"500\" height=\"281\" src=\"https:\/\/www.youtube.com\/embed\/xm7-7N0JITo?feature=oembed\" frameborder=\"0\" allow=\"accelerometer; autoplay; clipboard-write; encrypted-media; gyroscope; picture-in-picture; web-share\" referrerpolicy=\"strict-origin-when-cross-origin\" allowfullscreen><\/iframe>\n<\/div><figcaption>MOREIRA CONQUISTA VAGA NA MOTO3 PARA 2022 E COLOCA BRASIL NO MUNDIAL | GP \u00e0s 10<\/figcaption><\/figure>\n","protected":false},"excerpt":{"rendered":"<p>Aos 22 anos, o franc\u00eas de Nice acrescentou um placa cromada \u00e0 Torre dos Campe\u00f5es da MotoGP para marcar a conquista do t\u00edtulo da classe rainha, o primeiro dele no Mundial de Motovelocidade<\/p>\n","protected":false},"author":0,"featured_media":1000525517,"comment_status":"closed","ping_status":"closed","sticky":false,"template":"","format":"standard","meta":{"42wp_featured_image_caption":"","42wp_featured_image_credits":"","42wp_featured_video":"","42wp_featured_image_hidden":false,"42wp_authors_list":[],"footnotes":""},"categories":[8],"tags":[27212,24854,7466,1877,79,78,490,28765,28764,25819,28345,28766,26690,26648],"42wp_author":[47113],"class_list":["post-116289","post","type-post","status-publish","format-standard","has-post-thumbnail","hentry","category-motogp","tag-calendario-motogp-2021","tag-classificacao-motogp-2","tag-comunidade-valenciana","tag-espanha","tag-moto-gp","tag-motogp","tag-motogp-2021","tag-motogp-2021-calendario","tag-motogp-classificacao-2021","tag-motogp-hoje","tag-motogp-horarios","tag-motogp-standings","tag-pilotos-motogp","tag-valencia-2","42wp_author-juliana-tesser"],"_links":{"self":[{"href":"https:\/\/grandepremio.com\/br\/wp-json\/wp\/v2\/posts\/116289","targetHints":{"allow":["GET"]}}],"collection":[{"href":"https:\/\/grandepremio.com\/br\/wp-json\/wp\/v2\/posts"}],"about":[{"href":"https:\/\/grandepremio.com\/br\/wp-json\/wp\/v2\/types\/post"}],"replies":[{"embeddable":true,"href":"https:\/\/grandepremio.com\/br\/wp-json\/wp\/v2\/comments?post=116289"}],"version-history":[{"count":0,"href":"https:\/\/grandepremio.com\/br\/wp-json\/wp\/v2\/posts\/116289\/revisions"}],"wp:featuredmedia":[{"embeddable":true,"href":"https:\/\/grandepremio.com\/br\/wp-json\/wp\/v2\/media\/1000525517"}],"wp:attachment":[{"href":"https:\/\/grandepremio.com\/br\/wp-json\/wp\/v2\/media?parent=116289"}],"wp:term":[{"taxonomy":"category","embeddable":true,"href":"https:\/\/grandepremio.com\/br\/wp-json\/wp\/v2\/categories?post=116289"},{"taxonomy":"post_tag","embeddable":true,"href":"https:\/\/grandepremio.com\/br\/wp-json\/wp\/v2\/tags?post=116289"},{"taxonomy":"42wp_author","embeddable":true,"href":"https:\/\/grandepremio.com\/br\/wp-json\/wp\/v2\/42wp_author?post=116289"}],"curies":[{"name":"wp","href":"https:\/\/api.w.org\/{rel}","templated":true}]}}